{"id":19324,"date":"2023-11-02T18:40:41","date_gmt":"2023-11-02T17:40:41","guid":{"rendered":"https:\/\/www.fondationassistanceauxanimaux.org\/actu\/?p=19324"},"modified":"2023-11-02T18:40:41","modified_gmt":"2023-11-02T17:40:41","slug":"adopt-dont-shop-refuge-morainvilliers","status":"publish","type":"post","link":"https:\/\/www.fondationassistanceauxanimaux.org\/actu\/adopt-dont-shop-refuge-morainvilliers-19324\/","title":{"rendered":"Venez les adopter le week-end du 4 novembre !"},"content":{"rendered":"\n<p><strong>Le week-end du 4 novembre, la Fondation Assistance aux Animaux vous invite dans son refuge de Morainvilliers (Yvelines) pour deux journ\u00e9es&nbsp;Portes&nbsp;Ouvertes&nbsp;Adoptions&nbsp;: UN \u00c9V\u00c9NEMENT \u00c0 NE PAS MANQUER.<\/strong><\/p>\n\n\n\n<p><strong>Ouvert&nbsp;sans interruption&nbsp;de 10h \u00e0 17h, l\u2019\u00e9quipe du refuge de Morainvilliers (78) vous invite pour deux belles journ\u00e9es d\u2019adoption.<\/strong><\/p>\n\n\n\n<p><strong>Au programme : d\u00e9couverte, partage, convivialit\u00e9 et festivit\u00e9 pour donner rendez-vous aux adoptants, passionn\u00e9s et visiteurs.<\/strong><\/p>\n\n\n\n<blockquote class=\"wp-block-quote is-layout-flow wp-block-quote-is-layout-flow\"><p><strong>Des dizaines de chiens attendent d\u00e9sesp\u00e9r\u00e9ment un foyer ; petits ou grands, jeunes ou vieux : tous attendent de trouver un chez eux chez vous.<\/strong><\/p><p><strong>Nous vous pr\u00e9sentons quelques uns d\u2019entre eux.<\/strong><\/p><\/blockquote>\n\n\n\n<figure class=\"wp-block-gallery columns-3 is-cropped wp-block-gallery-1 is-layout-flex wp-block-gallery-is-layout-flex\"><ul class=\"blocks-gallery-grid\"><li class=\"blocks-gallery-item\"><figure><img loading=\"lazy\" decoding=\"async\" width=\"806\" height=\"1030\" src=\"https:\/\/www.fondationassistanceauxanimaux.org\/actu\/wp-content\/uploads\/2023\/11\/Goliath10ans-806x1030.jpg\" alt=\"\" data-id=\"19325\" data-full-url=\"https:\/\/www.fondationassistanceauxanimaux.org\/actu\/wp-content\/uploads\/2023\/11\/Goliath10ans.jpg\" data-link=\"https:\/\/www.fondationassistanceauxanimaux.org\/actu\/?attachment_id=19325\" class=\"wp-image-19325\" srcset=\"https:\/\/www.fondationassistanceauxanimaux.org\/actu\/wp-content\/uploads\/2023\/11\/Goliath10ans-806x1030.jpg 806w, https:\/\/www.fondationassistanceauxanimaux.org\/actu\/wp-content\/uploads\/2023\/11\/Goliath10ans-235x300.jpg 235w, https:\/\/www.fondationassistanceauxanimaux.org\/actu\/wp-content\/uploads\/2023\/11\/Goliath10ans-768x981.jpg 768w, https:\/\/www.fondationassistanceauxanimaux.org\/actu\/wp-content\/uploads\/2023\/11\/Goliath10ans-552x705.jpg 552w, https:\/\/www.fondationassistanceauxanimaux.org\/actu\/wp-content\/uploads\/2023\/11\/Goliath10ans.jpg 1169w\" sizes=\"auto, (max-width: 806px) 100vw, 806px\" \/><figcaption class=\"blocks-gallery-item__caption\">Goliath, 10 ans<\/figcaption><\/figure><\/li><li class=\"blocks-gallery-item\"><figure><img loading=\"lazy\" decoding=\"async\" width=\"782\" height=\"1024\" src=\"https:\/\/www.fondationassistanceauxanimaux.org\/actu\/wp-content\/uploads\/2023\/11\/Le\u0301o1an.jpg\" alt=\"\" data-id=\"19328\" data-full-url=\"https:\/\/www.fondationassistanceauxanimaux.org\/actu\/wp-content\/uploads\/2023\/11\/Le\u0301o1an.jpg\" data-link=\"https:\/\/www.fondationassistanceauxanimaux.org\/actu\/?attachment_id=19328\" class=\"wp-image-19328\" srcset=\"https:\/\/www.fondationassistanceauxanimaux.org\/actu\/wp-content\/uploads\/2023\/11\/Le\u0301o1an.jpg 782w, https:\/\/www.fondationassistanceauxanimaux.org\/actu\/wp-content\/uploads\/2023\/11\/Le\u0301o1an-229x300.jpg 229w, https:\/\/www.fondationassistanceauxanimaux.org\/actu\/wp-content\/uploads\/2023\/11\/Le\u0301o1an-768x1006.jpg 768w, https:\/\/www.fondationassistanceauxanimaux.org\/actu\/wp-content\/uploads\/2023\/11\/Le\u0301o1an-538x705.jpg 538w\" sizes=\"auto, (max-width: 782px) 100vw, 782px\" \/><figcaption class=\"blocks-gallery-item__caption\">L\u00e9o, 1 an<\/figcaption><\/figure><\/li><li class=\"blocks-gallery-item\"><figure><img loading=\"lazy\" decoding=\"async\" width=\"853\" height=\"1030\" src=\"https:\/\/www.fondationassistanceauxanimaux.org\/actu\/wp-content\/uploads\/2023\/11\/Junior3ans-853x1030.jpg\" alt=\"\" data-id=\"19326\" data-full-url=\"https:\/\/www.fondationassistanceauxanimaux.org\/actu\/wp-content\/uploads\/2023\/11\/Junior3ans.jpg\" data-link=\"https:\/\/www.fondationassistanceauxanimaux.org\/actu\/?attachment_id=19326\" class=\"wp-image-19326\" srcset=\"https:\/\/www.fondationassistanceauxanimaux.org\/actu\/wp-content\/uploads\/2023\/11\/Junior3ans-853x1030.jpg 853w, https:\/\/www.fondationassistanceauxanimaux.org\/actu\/wp-content\/uploads\/2023\/11\/Junior3ans-249x300.jpg 249w, https:\/\/www.fondationassistanceauxanimaux.org\/actu\/wp-content\/uploads\/2023\/11\/Junior3ans-768x927.jpg 768w, https:\/\/www.fondationassistanceauxanimaux.org\/actu\/wp-content\/uploads\/2023\/11\/Junior3ans-584x705.jpg 584w, https:\/\/www.fondationassistanceauxanimaux.org\/actu\/wp-content\/uploads\/2023\/11\/Junior3ans.jpg 1169w\" sizes=\"auto, (max-width: 853px) 100vw, 853px\" \/><figcaption class=\"blocks-gallery-item__caption\">Junior, 3 ans<\/figcaption><\/figure><\/li><li class=\"blocks-gallery-item\"><figure><img loading=\"lazy\" decoding=\"async\" width=\"644\" height=\"1030\" src=\"https:\/\/www.fondationassistanceauxanimaux.org\/actu\/wp-content\/uploads\/2023\/11\/Kenzo5ans-644x1030.jpg\" alt=\"\" data-id=\"19327\" data-full-url=\"https:\/\/www.fondationassistanceauxanimaux.org\/actu\/wp-content\/uploads\/2023\/11\/Kenzo5ans.jpg\" data-link=\"https:\/\/www.fondationassistanceauxanimaux.org\/actu\/?attachment_id=19327\" class=\"wp-image-19327\" srcset=\"https:\/\/www.fondationassistanceauxanimaux.org\/actu\/wp-content\/uploads\/2023\/11\/Kenzo5ans-644x1030.jpg 644w, https:\/\/www.fondationassistanceauxanimaux.org\/actu\/wp-content\/uploads\/2023\/11\/Kenzo5ans-188x300.jpg 188w, https:\/\/www.fondationassistanceauxanimaux.org\/actu\/wp-content\/uploads\/2023\/11\/Kenzo5ans-768x1227.jpg 768w, https:\/\/www.fondationassistanceauxanimaux.org\/actu\/wp-content\/uploads\/2023\/11\/Kenzo5ans-961x1536.jpg 961w, https:\/\/www.fondationassistanceauxanimaux.org\/actu\/wp-content\/uploads\/2023\/11\/Kenzo5ans-939x1500.jpg 939w, https:\/\/www.fondationassistanceauxanimaux.org\/actu\/wp-content\/uploads\/2023\/11\/Kenzo5ans-441x705.jpg 441w, https:\/\/www.fondationassistanceauxanimaux.org\/actu\/wp-content\/uploads\/2023\/11\/Kenzo5ans.jpg 1170w\" sizes=\"auto, (max-width: 644px) 100vw, 644px\" \/><figcaption class=\"blocks-gallery-item__caption\">Kenzo, 5 ans<\/figcaption><\/figure><\/li><li class=\"blocks-gallery-item\"><figure><img loading=\"lazy\" decoding=\"async\" width=\"815\" height=\"1024\" src=\"https:\/\/www.fondationassistanceauxanimaux.org\/actu\/wp-content\/uploads\/2023\/11\/Orso4ans.jpg\" alt=\"\" data-id=\"19329\" data-full-url=\"https:\/\/www.fondationassistanceauxanimaux.org\/actu\/wp-content\/uploads\/2023\/11\/Orso4ans.jpg\" data-link=\"https:\/\/www.fondationassistanceauxanimaux.org\/actu\/?attachment_id=19329\" class=\"wp-image-19329\" srcset=\"https:\/\/www.fondationassistanceauxanimaux.org\/actu\/wp-content\/uploads\/2023\/11\/Orso4ans.jpg 815w, https:\/\/www.fondationassistanceauxanimaux.org\/actu\/wp-content\/uploads\/2023\/11\/Orso4ans-239x300.jpg 239w, https:\/\/www.fondationassistanceauxanimaux.org\/actu\/wp-content\/uploads\/2023\/11\/Orso4ans-768x965.jpg 768w, https:\/\/www.fondationassistanceauxanimaux.org\/actu\/wp-content\/uploads\/2023\/11\/Orso4ans-561x705.jpg 561w\" sizes=\"auto, (max-width: 815px) 100vw, 815px\" \/><figcaption class=\"blocks-gallery-item__caption\">Orso, 4 ans<\/figcaption><\/figure><\/li><li class=\"blocks-gallery-item\"><figure><img loading=\"lazy\" decoding=\"async\" width=\"768\" height=\"1024\" src=\"https:\/\/www.fondationassistanceauxanimaux.org\/actu\/wp-content\/uploads\/2023\/11\/Pablo5ans.jpg\" alt=\"\" data-id=\"19330\" data-full-url=\"https:\/\/www.fondationassistanceauxanimaux.org\/actu\/wp-content\/uploads\/2023\/11\/Pablo5ans.jpg\" data-link=\"https:\/\/www.fondationassistanceauxanimaux.org\/actu\/?attachment_id=19330\" class=\"wp-image-19330\" srcset=\"https:\/\/www.fondationassistanceauxanimaux.org\/actu\/wp-content\/uploads\/2023\/11\/Pablo5ans.jpg 768w, https:\/\/www.fondationassistanceauxanimaux.org\/actu\/wp-content\/uploads\/2023\/11\/Pablo5ans-225x300.jpg 225w, https:\/\/www.fondationassistanceauxanimaux.org\/actu\/wp-content\/uploads\/2023\/11\/Pablo5ans-529x705.jpg 529w\" sizes=\"auto, (max-width: 768px) 100vw, 768px\" \/><figcaption class=\"blocks-gallery-item__caption\">Pablo, 5 ans<\/figcaption><\/figure><\/li><li class=\"blocks-gallery-item\"><figure><img loading=\"lazy\" decoding=\"async\" width=\"836\" height=\"1024\" src=\"https:\/\/www.fondationassistanceauxanimaux.org\/actu\/wp-content\/uploads\/2023\/11\/Paco3ans.jpg\" alt=\"\" data-id=\"19331\" data-full-url=\"https:\/\/www.fondationassistanceauxanimaux.org\/actu\/wp-content\/uploads\/2023\/11\/Paco3ans.jpg\" data-link=\"https:\/\/www.fondationassistanceauxanimaux.org\/actu\/?attachment_id=19331\" class=\"wp-image-19331\" srcset=\"https:\/\/www.fondationassistanceauxanimaux.org\/actu\/wp-content\/uploads\/2023\/11\/Paco3ans.jpg 836w, https:\/\/www.fondationassistanceauxanimaux.org\/actu\/wp-content\/uploads\/2023\/11\/Paco3ans-245x300.jpg 245w, https:\/\/www.fondationassistanceauxanimaux.org\/actu\/wp-content\/uploads\/2023\/11\/Paco3ans-768x941.jpg 768w, https:\/\/www.fondationassistanceauxanimaux.org\/actu\/wp-content\/uploads\/2023\/11\/Paco3ans-576x705.jpg 576w\" sizes=\"auto, (max-width: 836px) 100vw, 836px\" \/><figcaption class=\"blocks-gallery-item__caption\">Paco, 3 ans<\/figcaption><\/figure><\/li><li class=\"blocks-gallery-item\"><figure><img loading=\"lazy\" decoding=\"async\" width=\"876\" height=\"1030\" src=\"https:\/\/www.fondationassistanceauxanimaux.org\/actu\/wp-content\/uploads\/2023\/11\/Raja3ans-876x1030.jpg\" alt=\"\" data-id=\"19332\" data-full-url=\"https:\/\/www.fondationassistanceauxanimaux.org\/actu\/wp-content\/uploads\/2023\/11\/Raja3ans.jpg\" data-link=\"https:\/\/www.fondationassistanceauxanimaux.org\/actu\/?attachment_id=19332\" class=\"wp-image-19332\" srcset=\"https:\/\/www.fondationassistanceauxanimaux.org\/actu\/wp-content\/uploads\/2023\/11\/Raja3ans-876x1030.jpg 876w, https:\/\/www.fondationassistanceauxanimaux.org\/actu\/wp-content\/uploads\/2023\/11\/Raja3ans-255x300.jpg 255w, https:\/\/www.fondationassistanceauxanimaux.org\/actu\/wp-content\/uploads\/2023\/11\/Raja3ans-768x903.jpg 768w, https:\/\/www.fondationassistanceauxanimaux.org\/actu\/wp-content\/uploads\/2023\/11\/Raja3ans-600x705.jpg 600w, https:\/\/www.fondationassistanceauxanimaux.org\/actu\/wp-content\/uploads\/2023\/11\/Raja3ans.jpg 1170w\" sizes=\"auto, (max-width: 876px) 100vw, 876px\" \/><figcaption class=\"blocks-gallery-item__caption\">Raja, 3 ans<\/figcaption><\/figure><\/li><li class=\"blocks-gallery-item\"><figure><img loading=\"lazy\" decoding=\"async\" width=\"662\" height=\"1030\" src=\"https:\/\/www.fondationassistanceauxanimaux.org\/actu\/wp-content\/uploads\/2023\/11\/Raki3ans-662x1030.jpg\" alt=\"\" data-id=\"19333\" data-full-url=\"https:\/\/www.fondationassistanceauxanimaux.org\/actu\/wp-content\/uploads\/2023\/11\/Raki3ans.jpg\" data-link=\"https:\/\/www.fondationassistanceauxanimaux.org\/actu\/?attachment_id=19333\" class=\"wp-image-19333\" srcset=\"https:\/\/www.fondationassistanceauxanimaux.org\/actu\/wp-content\/uploads\/2023\/11\/Raki3ans-662x1030.jpg 662w, https:\/\/www.fondationassistanceauxanimaux.org\/actu\/wp-content\/uploads\/2023\/11\/Raki3ans-193x300.jpg 193w, https:\/\/www.fondationassistanceauxanimaux.org\/actu\/wp-content\/uploads\/2023\/11\/Raki3ans-768x1194.jpg 768w, https:\/\/www.fondationassistanceauxanimaux.org\/actu\/wp-content\/uploads\/2023\/11\/Raki3ans-453x705.jpg 453w, https:\/\/www.fondationassistanceauxanimaux.org\/actu\/wp-content\/uploads\/2023\/11\/Raki3ans.jpg 856w\" sizes=\"auto, (max-width: 662px) 100vw, 662px\" \/><figcaption class=\"blocks-gallery-item__caption\">Raki, 3 ans<\/figcaption><\/figure><\/li><li class=\"blocks-gallery-item\"><figure><img loading=\"lazy\" decoding=\"async\" width=\"855\" height=\"1024\" src=\"https:\/\/www.fondationassistanceauxanimaux.org\/actu\/wp-content\/uploads\/2023\/11\/Snow5ans.jpg\" alt=\"\" data-id=\"19334\" data-full-url=\"https:\/\/www.fondationassistanceauxanimaux.org\/actu\/wp-content\/uploads\/2023\/11\/Snow5ans.jpg\" data-link=\"https:\/\/www.fondationassistanceauxanimaux.org\/actu\/?attachment_id=19334\" class=\"wp-image-19334\" srcset=\"https:\/\/www.fondationassistanceauxanimaux.org\/actu\/wp-content\/uploads\/2023\/11\/Snow5ans.jpg 855w, https:\/\/www.fondationassistanceauxanimaux.org\/actu\/wp-content\/uploads\/2023\/11\/Snow5ans-250x300.jpg 250w, https:\/\/www.fondationassistanceauxanimaux.org\/actu\/wp-content\/uploads\/2023\/11\/Snow5ans-768x920.jpg 768w, https:\/\/www.fondationassistanceauxanimaux.org\/actu\/wp-content\/uploads\/2023\/11\/Snow5ans-589x705.jpg 589w\" sizes=\"auto, (max-width: 855px) 100vw, 855px\" \/><figcaption class=\"blocks-gallery-item__caption\">Snow, 5 ans<\/figcaption><\/figure><\/li><li class=\"blocks-gallery-item\"><figure><img loading=\"lazy\" decoding=\"async\" width=\"759\" height=\"1024\" src=\"https:\/\/www.fondationassistanceauxanimaux.org\/actu\/wp-content\/uploads\/2023\/11\/Tempo1an.jpg\" alt=\"\" data-id=\"19335\" data-full-url=\"https:\/\/www.fondationassistanceauxanimaux.org\/actu\/wp-content\/uploads\/2023\/11\/Tempo1an.jpg\" data-link=\"https:\/\/www.fondationassistanceauxanimaux.org\/actu\/?attachment_id=19335\" class=\"wp-image-19335\" srcset=\"https:\/\/www.fondationassistanceauxanimaux.org\/actu\/wp-content\/uploads\/2023\/11\/Tempo1an.jpg 759w, https:\/\/www.fondationassistanceauxanimaux.org\/actu\/wp-content\/uploads\/2023\/11\/Tempo1an-222x300.jpg 222w, https:\/\/www.fondationassistanceauxanimaux.org\/actu\/wp-content\/uploads\/2023\/11\/Tempo1an-523x705.jpg 523w\" sizes=\"auto, (max-width: 759px) 100vw, 759px\" \/><figcaption class=\"blocks-gallery-item__caption\">Tempo, 1 an<\/figcaption><\/figure><\/li><li class=\"blocks-gallery-item\"><figure><img loading=\"lazy\" decoding=\"async\" width=\"774\" height=\"1024\" src=\"https:\/\/www.fondationassistanceauxanimaux.org\/actu\/wp-content\/uploads\/2023\/11\/Titos6ans.jpg\" alt=\"\" data-id=\"19336\" data-full-url=\"https:\/\/www.fondationassistanceauxanimaux.org\/actu\/wp-content\/uploads\/2023\/11\/Titos6ans.jpg\" data-link=\"https:\/\/www.fondationassistanceauxanimaux.org\/actu\/?attachment_id=19336\" class=\"wp-image-19336\" srcset=\"https:\/\/www.fondationassistanceauxanimaux.org\/actu\/wp-content\/uploads\/2023\/11\/Titos6ans.jpg 774w, https:\/\/www.fondationassistanceauxanimaux.org\/actu\/wp-content\/uploads\/2023\/11\/Titos6ans-227x300.jpg 227w, https:\/\/www.fondationassistanceauxanimaux.org\/actu\/wp-content\/uploads\/2023\/11\/Titos6ans-768x1016.jpg 768w, https:\/\/www.fondationassistanceauxanimaux.org\/actu\/wp-content\/uploads\/2023\/11\/Titos6ans-533x705.jpg 533w\" sizes=\"auto, (max-width: 774px) 100vw, 774px\" \/><figcaption class=\"blocks-gallery-item__caption\">Titos, 6 ans<\/figcaption><\/figure><\/li><li class=\"blocks-gallery-item\"><figure><img loading=\"lazy\" decoding=\"async\" width=\"777\" height=\"1024\" src=\"https:\/\/www.fondationassistanceauxanimaux.org\/actu\/wp-content\/uploads\/2023\/11\/Tornado1an.jpg\" alt=\"\" data-id=\"19337\" data-full-url=\"https:\/\/www.fondationassistanceauxanimaux.org\/actu\/wp-content\/uploads\/2023\/11\/Tornado1an.jpg\" data-link=\"https:\/\/www.fondationassistanceauxanimaux.org\/actu\/?attachment_id=19337\" class=\"wp-image-19337\" srcset=\"https:\/\/www.fondationassistanceauxanimaux.org\/actu\/wp-content\/uploads\/2023\/11\/Tornado1an.jpg 777w, https:\/\/www.fondationassistanceauxanimaux.org\/actu\/wp-content\/uploads\/2023\/11\/Tornado1an-228x300.jpg 228w, https:\/\/www.fondationassistanceauxanimaux.org\/actu\/wp-content\/uploads\/2023\/11\/Tornado1an-768x1012.jpg 768w, https:\/\/www.fondationassistanceauxanimaux.org\/actu\/wp-content\/uploads\/2023\/11\/Tornado1an-535x705.jpg 535w\" sizes=\"auto, (max-width: 777px) 100vw, 777px\" \/><figcaption class=\"blocks-gallery-item__caption\">Twiter, 1 an<\/figcaption><\/figure><\/li><li class=\"blocks-gallery-item\"><figure><img loading=\"lazy\" decoding=\"async\" width=\"768\" height=\"1024\" src=\"https:\/\/www.fondationassistanceauxanimaux.org\/actu\/wp-content\/uploads\/2023\/11\/Tyson3ans.jpg\" alt=\"\" data-id=\"19338\" data-full-url=\"https:\/\/www.fondationassistanceauxanimaux.org\/actu\/wp-content\/uploads\/2023\/11\/Tyson3ans.jpg\" data-link=\"https:\/\/www.fondationassistanceauxanimaux.org\/actu\/?attachment_id=19338\" class=\"wp-image-19338\" srcset=\"https:\/\/www.fondationassistanceauxanimaux.org\/actu\/wp-content\/uploads\/2023\/11\/Tyson3ans.jpg 768w, https:\/\/www.fondationassistanceauxanimaux.org\/actu\/wp-content\/uploads\/2023\/11\/Tyson3ans-225x300.jpg 225w, https:\/\/www.fondationassistanceauxanimaux.org\/actu\/wp-content\/uploads\/2023\/11\/Tyson3ans-529x705.jpg 529w\" sizes=\"auto, (max-width: 768px) 100vw, 768px\" \/><figcaption class=\"blocks-gallery-item__caption\">Tyson, 3 ans<\/figcaption><\/figure><\/li><li class=\"blocks-gallery-item\"><figure><img loading=\"lazy\" decoding=\"async\" width=\"773\" height=\"1030\" src=\"https:\/\/www.fondationassistanceauxanimaux.org\/actu\/wp-content\/uploads\/2023\/11\/Wafel3ans-773x1030.jpg\" alt=\"\" data-id=\"19339\" data-full-url=\"https:\/\/www.fondationassistanceauxanimaux.org\/actu\/wp-content\/uploads\/2023\/11\/Wafel3ans.jpg\" data-link=\"https:\/\/www.fondationassistanceauxanimaux.org\/actu\/?attachment_id=19339\" class=\"wp-image-19339\" srcset=\"https:\/\/www.fondationassistanceauxanimaux.org\/actu\/wp-content\/uploads\/2023\/11\/Wafel3ans-773x1030.jpg 773w, https:\/\/www.fondationassistanceauxanimaux.org\/actu\/wp-content\/uploads\/2023\/11\/Wafel3ans-225x300.jpg 225w, https:\/\/www.fondationassistanceauxanimaux.org\/actu\/wp-content\/uploads\/2023\/11\/Wafel3ans-768x1024.jpg 768w, https:\/\/www.fondationassistanceauxanimaux.org\/actu\/wp-content\/uploads\/2023\/11\/Wafel3ans-1152x1536.jpg 1152w, https:\/\/www.fondationassistanceauxanimaux.org\/actu\/wp-content\/uploads\/2023\/11\/Wafel3ans-1125x1500.jpg 1125w, https:\/\/www.fondationassistanceauxanimaux.org\/actu\/wp-content\/uploads\/2023\/11\/Wafel3ans-529x705.jpg 529w, https:\/\/www.fondationassistanceauxanimaux.org\/actu\/wp-content\/uploads\/2023\/11\/Wafel3ans.jpg 1170w\" sizes=\"auto, (max-width: 773px) 100vw, 773px\" \/><figcaption class=\"blocks-gallery-item__caption\">Wafel, 3 ans<\/figcaption><\/figure><\/li><li class=\"blocks-gallery-item\"><figure><img loading=\"lazy\" decoding=\"async\" width=\"704\" height=\"1024\" src=\"https:\/\/www.fondationassistanceauxanimaux.org\/actu\/wp-content\/uploads\/2023\/11\/Wolf10mois.jpg\" alt=\"\" data-id=\"19340\" data-full-url=\"https:\/\/www.fondationassistanceauxanimaux.org\/actu\/wp-content\/uploads\/2023\/11\/Wolf10mois.jpg\" data-link=\"https:\/\/www.fondationassistanceauxanimaux.org\/actu\/?attachment_id=19340\" class=\"wp-image-19340\" srcset=\"https:\/\/www.fondationassistanceauxanimaux.org\/actu\/wp-content\/uploads\/2023\/11\/Wolf10mois.jpg 704w, https:\/\/www.fondationassistanceauxanimaux.org\/actu\/wp-content\/uploads\/2023\/11\/Wolf10mois-206x300.jpg 206w, https:\/\/www.fondationassistanceauxanimaux.org\/actu\/wp-content\/uploads\/2023\/11\/Wolf10mois-485x705.jpg 485w\" sizes=\"auto, (max-width: 704px) 100vw, 704px\" \/><figcaption class=\"blocks-gallery-item__caption\">Wolf, 10 mois<\/figcaption><\/figure><\/li><li class=\"blocks-gallery-item\"><figure><img loading=\"lazy\" decoding=\"async\" width=\"682\" height=\"1030\" src=\"https:\/\/www.fondationassistanceauxanimaux.org\/actu\/wp-content\/uploads\/2023\/11\/Zyzew4ans-682x1030.jpg\" alt=\"\" data-id=\"19341\" data-full-url=\"https:\/\/www.fondationassistanceauxanimaux.org\/actu\/wp-content\/uploads\/2023\/11\/Zyzew4ans.jpg\" data-link=\"https:\/\/www.fondationassistanceauxanimaux.org\/actu\/?attachment_id=19341\" class=\"wp-image-19341\" srcset=\"https:\/\/www.fondationassistanceauxanimaux.org\/actu\/wp-content\/uploads\/2023\/11\/Zyzew4ans-682x1030.jpg 682w, https:\/\/www.fondationassistanceauxanimaux.org\/actu\/wp-content\/uploads\/2023\/11\/Zyzew4ans-199x300.jpg 199w, https:\/\/www.fondationassistanceauxanimaux.org\/actu\/wp-content\/uploads\/2023\/11\/Zyzew4ans-768x1161.jpg 768w, https:\/\/www.fondationassistanceauxanimaux.org\/actu\/wp-content\/uploads\/2023\/11\/Zyzew4ans-1016x1536.jpg 1016w, https:\/\/www.fondationassistanceauxanimaux.org\/actu\/wp-content\/uploads\/2023\/11\/Zyzew4ans-993x1500.jpg 993w, https:\/\/www.fondationassistanceauxanimaux.org\/actu\/wp-content\/uploads\/2023\/11\/Zyzew4ans-467x705.jpg 467w, https:\/\/www.fondationassistanceauxanimaux.org\/actu\/wp-content\/uploads\/2023\/11\/Zyzew4ans.jpg 1170w\" sizes=\"auto, (max-width: 682px) 100vw, 682px\" \/><figcaption class=\"blocks-gallery-item__caption\">Zyzew, 4 ans<\/figcaption><\/figure><\/li><\/ul><\/figure>\n","protected":false},"excerpt":{"rendered":"<p>Le week-end du 4 novembre, la Fondation Assistance aux Animaux vous invite dans son refuge de Morainvilliers (Yvelines) pour deux journ\u00e9es&nbsp;Portes&nbsp;Ouvertes&nbsp;Adoptions&nbsp;: UN \u00c9V\u00c9NEMENT \u00c0 NE PAS MANQUER. Ouvert&nbsp;sans interruption&nbsp;de 10h \u00e0 17h, l\u2019\u00e9quipe du refuge de Morainvilliers (78) vous invite pour deux belles journ\u00e9es d\u2019adoption. Au programme : d\u00e9couverte, partage, convivialit\u00e9 et festivit\u00e9 pour donner [&hellip;]<\/p>\n","protected":false},"author":3,"featured_media":19342,"comment_status":"closed","ping_status":"closed","sticky":false,"template":"","format":"standard","meta":{"footnotes":""},"categories":[19],"tags":[],"class_list":["post-19324","post","type-post","status-publish","format-standard","has-post-thumbnail","hentry","category-refuge-de-morainvilliers"],"yoast_head":"<!-- This site is optimized with the Yoast SEO plugin v24.5 - https:\/\/yoast.com\/wordpress\/plugins\/seo\/ -->\n<title>Venez les adopter le week-end du 4 novembre ! - Fondation Assistance aux Animaux - Actualit\u00e9s<\/title>\n<meta name=\"robots\" content=\"index, follow, max-snippet:-1, max-image-preview:large, max-video-preview:-1\" \/>\n<link rel=\"canonical\" href=\"https:\/\/www.fondationassistanceauxanimaux.org\/actu\/adopt-dont-shop-refuge-morainvilliers-19324\/\" \/>\n<meta property=\"og:locale\" content=\"fr_FR\" \/>\n<meta property=\"og:type\" content=\"article\" \/>\n<meta property=\"og:title\" content=\"Venez les adopter le week-end du 4 novembre ! - Fondation Assistance aux Animaux - Actualit\u00e9s\" \/>\n<meta property=\"og:description\" content=\"Le week-end du 4 novembre, la Fondation Assistance aux Animaux vous invite dans son refuge de Morainvilliers (Yvelines) pour deux journ\u00e9es&nbsp;Portes&nbsp;Ouvertes&nbsp;Adoptions&nbsp;: UN \u00c9V\u00c9NEMENT \u00c0 NE PAS MANQUER. Ouvert&nbsp;sans interruption&nbsp;de 10h \u00e0 17h, l\u2019\u00e9quipe du refuge de Morainvilliers (78) vous invite pour deux belles journ\u00e9es d\u2019adoption. Au programme : d\u00e9couverte, partage, convivialit\u00e9 et festivit\u00e9 pour donner [&hellip;]\" \/>\n<meta property=\"og:url\" content=\"https:\/\/www.fondationassistanceauxanimaux.org\/actu\/adopt-dont-shop-refuge-morainvilliers-19324\/\" \/>\n<meta property=\"og:site_name\" content=\"Fondation Assistance aux Animaux - Actualit\u00e9s\" \/>\n<meta property=\"article:published_time\" content=\"2023-11-02T17:40:41+00:00\" \/>\n<meta property=\"og:image\" content=\"https:\/\/www.fondationassistanceauxanimaux.org\/actu\/wp-content\/uploads\/2023\/11\/Capture-d\u2019e\u0301cran-2023-11-02-a\u0300-18.35.53.png\" \/>\n\t<meta property=\"og:image:width\" content=\"904\" \/>\n\t<meta property=\"og:image:height\" content=\"826\" \/>\n\t<meta property=\"og:image:type\" content=\"image\/png\" \/>\n<meta name=\"author\" content=\"No\u00e9\" \/>\n<meta name=\"twitter:card\" content=\"summary_large_image\" \/>\n<meta name=\"twitter:label1\" content=\"\u00c9crit par\" \/>\n\t<meta name=\"twitter:data1\" content=\"No\u00e9\" \/>\n\t<meta name=\"twitter:label2\" content=\"Dur\u00e9e de lecture estim\u00e9e\" \/>\n\t<meta name=\"twitter:data2\" content=\"1 minute\" \/>\n<script type=\"application\/ld+json\" class=\"yoast-schema-graph\">{\"@context\":\"https:\/\/schema.org\",\"@graph\":[{\"@type\":\"WebPage\",\"@id\":\"https:\/\/www.fondationassistanceauxanimaux.org\/actu\/adopt-dont-shop-refuge-morainvilliers-19324\/\",\"url\":\"https:\/\/www.fondationassistanceauxanimaux.org\/actu\/adopt-dont-shop-refuge-morainvilliers-19324\/\",\"name\":\"Venez les adopter le week-end du 4 novembre ! - Fondation Assistance aux Animaux - Actualit\u00e9s\",\"isPartOf\":{\"@id\":\"https:\/\/www.fondationassistanceauxanimaux.org\/actu\/#website\"},\"primaryImageOfPage\":{\"@id\":\"https:\/\/www.fondationassistanceauxanimaux.org\/actu\/adopt-dont-shop-refuge-morainvilliers-19324\/#primaryimage\"},\"image\":{\"@id\":\"https:\/\/www.fondationassistanceauxanimaux.org\/actu\/adopt-dont-shop-refuge-morainvilliers-19324\/#primaryimage\"},\"thumbnailUrl\":\"https:\/\/www.fondationassistanceauxanimaux.org\/actu\/wp-content\/uploads\/2023\/11\/Capture-d\u2019e\u0301cran-2023-11-02-a\u0300-18.35.53.png\",\"datePublished\":\"2023-11-02T17:40:41+00:00\",\"author\":{\"@id\":\"https:\/\/www.fondationassistanceauxanimaux.org\/actu\/#\/schema\/person\/71a8476d98daaea0d71a965c5603e10b\"},\"breadcrumb\":{\"@id\":\"https:\/\/www.fondationassistanceauxanimaux.org\/actu\/adopt-dont-shop-refuge-morainvilliers-19324\/#breadcrumb\"},\"inLanguage\":\"fr-FR\",\"potentialAction\":[{\"@type\":\"ReadAction\",\"target\":[\"https:\/\/www.fondationassistanceauxanimaux.org\/actu\/adopt-dont-shop-refuge-morainvilliers-19324\/\"]}]},{\"@type\":\"ImageObject\",\"inLanguage\":\"fr-FR\",\"@id\":\"https:\/\/www.fondationassistanceauxanimaux.org\/actu\/adopt-dont-shop-refuge-morainvilliers-19324\/#primaryimage\",\"url\":\"https:\/\/www.fondationassistanceauxanimaux.org\/actu\/wp-content\/uploads\/2023\/11\/Capture-d\u2019e\u0301cran-2023-11-02-a\u0300-18.35.53.png\",\"contentUrl\":\"https:\/\/www.fondationassistanceauxanimaux.org\/actu\/wp-content\/uploads\/2023\/11\/Capture-d\u2019e\u0301cran-2023-11-02-a\u0300-18.35.53.png\",\"width\":904,\"height\":826},{\"@type\":\"BreadcrumbList\",\"@id\":\"https:\/\/www.fondationassistanceauxanimaux.org\/actu\/adopt-dont-shop-refuge-morainvilliers-19324\/#breadcrumb\",\"itemListElement\":[{\"@type\":\"ListItem\",\"position\":1,\"name\":\"Accueil\",\"item\":\"https:\/\/www.fondationassistanceauxanimaux.org\/actu\/\"},{\"@type\":\"ListItem\",\"position\":2,\"name\":\"Venez les adopter le week-end du 4 novembre !\"}]},{\"@type\":\"WebSite\",\"@id\":\"https:\/\/www.fondationassistanceauxanimaux.org\/actu\/#website\",\"url\":\"https:\/\/www.fondationassistanceauxanimaux.org\/actu\/\",\"name\":\"Fondation Assistance aux Animaux - Actualit\u00e9s\",\"description\":\"Depuis 1930 la Fondation Assistance aux Animaux pour la d\u00e9fense et la protection des animaux maltrait\u00e9s et abandonn\u00e9s\",\"potentialAction\":[{\"@type\":\"SearchAction\",\"target\":{\"@type\":\"EntryPoint\",\"urlTemplate\":\"https:\/\/www.fondationassistanceauxanimaux.org\/actu\/?s={search_term_string}\"},\"query-input\":{\"@type\":\"PropertyValueSpecification\",\"valueRequired\":true,\"valueName\":\"search_term_string\"}}],\"inLanguage\":\"fr-FR\"},{\"@type\":\"Person\",\"@id\":\"https:\/\/www.fondationassistanceauxanimaux.org\/actu\/#\/schema\/person\/71a8476d98daaea0d71a965c5603e10b\",\"name\":\"No\u00e9\",\"image\":{\"@type\":\"ImageObject\",\"inLanguage\":\"fr-FR\",\"@id\":\"https:\/\/www.fondationassistanceauxanimaux.org\/actu\/#\/schema\/person\/image\/\",\"url\":\"https:\/\/secure.gravatar.com\/avatar\/d34cf6c6bd22b3db9c932bc580c4d1ba93c0cda7588a41b59078888ab1e5f007?s=96&d=mm&r=g\",\"contentUrl\":\"https:\/\/secure.gravatar.com\/avatar\/d34cf6c6bd22b3db9c932bc580c4d1ba93c0cda7588a41b59078888ab1e5f007?s=96&d=mm&r=g\",\"caption\":\"No\u00e9\"},\"url\":\"https:\/\/www.fondationassistanceauxanimaux.org\/actu\/author\/anne\/\"}]}<\/script>\n<!-- \/ Yoast SEO plugin. -->","yoast_head_json":{"title":"Venez les adopter le week-end du 4 novembre ! - Fondation Assistance aux Animaux - Actualit\u00e9s","robots":{"index":"index","follow":"follow","max-snippet":"max-snippet:-1","max-image-preview":"max-image-preview:large","max-video-preview":"max-video-preview:-1"},"canonical":"https:\/\/www.fondationassistanceauxanimaux.org\/actu\/adopt-dont-shop-refuge-morainvilliers-19324\/","og_locale":"fr_FR","og_type":"article","og_title":"Venez les adopter le week-end du 4 novembre ! - Fondation Assistance aux Animaux - Actualit\u00e9s","og_description":"Le week-end du 4 novembre, la Fondation Assistance aux Animaux vous invite dans son refuge de Morainvilliers (Yvelines) pour deux journ\u00e9es&nbsp;Portes&nbsp;Ouvertes&nbsp;Adoptions&nbsp;: UN \u00c9V\u00c9NEMENT \u00c0 NE PAS MANQUER. Ouvert&nbsp;sans interruption&nbsp;de 10h \u00e0 17h, l\u2019\u00e9quipe du refuge de Morainvilliers (78) vous invite pour deux belles journ\u00e9es d\u2019adoption. Au programme : d\u00e9couverte, partage, convivialit\u00e9 et festivit\u00e9 pour donner [&hellip;]","og_url":"https:\/\/www.fondationassistanceauxanimaux.org\/actu\/adopt-dont-shop-refuge-morainvilliers-19324\/","og_site_name":"Fondation Assistance aux Animaux - Actualit\u00e9s","article_published_time":"2023-11-02T17:40:41+00:00","og_image":[{"width":904,"height":826,"url":"https:\/\/www.fondationassistanceauxanimaux.org\/actu\/wp-content\/uploads\/2023\/11\/Capture-d\u2019e\u0301cran-2023-11-02-a\u0300-18.35.53.png","type":"image\/png"}],"author":"No\u00e9","twitter_card":"summary_large_image","twitter_misc":{"\u00c9crit par":"No\u00e9","Dur\u00e9e de lecture estim\u00e9e":"1 minute"},"schema":{"@context":"https:\/\/schema.org","@graph":[{"@type":"WebPage","@id":"https:\/\/www.fondationassistanceauxanimaux.org\/actu\/adopt-dont-shop-refuge-morainvilliers-19324\/","url":"https:\/\/www.fondationassistanceauxanimaux.org\/actu\/adopt-dont-shop-refuge-morainvilliers-19324\/","name":"Venez les adopter le week-end du 4 novembre ! - Fondation Assistance aux Animaux - Actualit\u00e9s","isPartOf":{"@id":"https:\/\/www.fondationassistanceauxanimaux.org\/actu\/#website"},"primaryImageOfPage":{"@id":"https:\/\/www.fondationassistanceauxanimaux.org\/actu\/adopt-dont-shop-refuge-morainvilliers-19324\/#primaryimage"},"image":{"@id":"https:\/\/www.fondationassistanceauxanimaux.org\/actu\/adopt-dont-shop-refuge-morainvilliers-19324\/#primaryimage"},"thumbnailUrl":"https:\/\/www.fondationassistanceauxanimaux.org\/actu\/wp-content\/uploads\/2023\/11\/Capture-d\u2019e\u0301cran-2023-11-02-a\u0300-18.35.53.png","datePublished":"2023-11-02T17:40:41+00:00","author":{"@id":"https:\/\/www.fondationassistanceauxanimaux.org\/actu\/#\/schema\/person\/71a8476d98daaea0d71a965c5603e10b"},"breadcrumb":{"@id":"https:\/\/www.fondationassistanceauxanimaux.org\/actu\/adopt-dont-shop-refuge-morainvilliers-19324\/#breadcrumb"},"inLanguage":"fr-FR","potentialAction":[{"@type":"ReadAction","target":["https:\/\/www.fondationassistanceauxanimaux.org\/actu\/adopt-dont-shop-refuge-morainvilliers-19324\/"]}]},{"@type":"ImageObject","inLanguage":"fr-FR","@id":"https:\/\/www.fondationassistanceauxanimaux.org\/actu\/adopt-dont-shop-refuge-morainvilliers-19324\/#primaryimage","url":"https:\/\/www.fondationassistanceauxanimaux.org\/actu\/wp-content\/uploads\/2023\/11\/Capture-d\u2019e\u0301cran-2023-11-02-a\u0300-18.35.53.png","contentUrl":"https:\/\/www.fondationassistanceauxanimaux.org\/actu\/wp-content\/uploads\/2023\/11\/Capture-d\u2019e\u0301cran-2023-11-02-a\u0300-18.35.53.png","width":904,"height":826},{"@type":"BreadcrumbList","@id":"https:\/\/www.fondationassistanceauxanimaux.org\/actu\/adopt-dont-shop-refuge-morainvilliers-19324\/#breadcrumb","itemListElement":[{"@type":"ListItem","position":1,"name":"Accueil","item":"https:\/\/www.fondationassistanceauxanimaux.org\/actu\/"},{"@type":"ListItem","position":2,"name":"Venez les adopter le week-end du 4 novembre !"}]},{"@type":"WebSite","@id":"https:\/\/www.fondationassistanceauxanimaux.org\/actu\/#website","url":"https:\/\/www.fondationassistanceauxanimaux.org\/actu\/","name":"Fondation Assistance aux Animaux - Actualit\u00e9s","description":"Depuis 1930 la Fondation Assistance aux Animaux pour la d\u00e9fense et la protection des animaux maltrait\u00e9s et abandonn\u00e9s","potentialAction":[{"@type":"SearchAction","target":{"@type":"EntryPoint","urlTemplate":"https:\/\/www.fondationassistanceauxanimaux.org\/actu\/?s={search_term_string}"},"query-input":{"@type":"PropertyValueSpecification","valueRequired":true,"valueName":"search_term_string"}}],"inLanguage":"fr-FR"},{"@type":"Person","@id":"https:\/\/www.fondationassistanceauxanimaux.org\/actu\/#\/schema\/person\/71a8476d98daaea0d71a965c5603e10b","name":"No\u00e9","image":{"@type":"ImageObject","inLanguage":"fr-FR","@id":"https:\/\/www.fondationassistanceauxanimaux.org\/actu\/#\/schema\/person\/image\/","url":"https:\/\/secure.gravatar.com\/avatar\/d34cf6c6bd22b3db9c932bc580c4d1ba93c0cda7588a41b59078888ab1e5f007?s=96&d=mm&r=g","contentUrl":"https:\/\/secure.gravatar.com\/avatar\/d34cf6c6bd22b3db9c932bc580c4d1ba93c0cda7588a41b59078888ab1e5f007?s=96&d=mm&r=g","caption":"No\u00e9"},"url":"https:\/\/www.fondationassistanceauxanimaux.org\/actu\/author\/anne\/"}]}},"_links":{"self":[{"href":"https:\/\/www.fondationassistanceauxanimaux.org\/actu\/wp-json\/wp\/v2\/posts\/19324","targetHints":{"allow":["GET"]}}],"collection":[{"href":"https:\/\/www.fondationassistanceauxanimaux.org\/actu\/wp-json\/wp\/v2\/posts"}],"about":[{"href":"https:\/\/www.fondationassistanceauxanimaux.org\/actu\/wp-json\/wp\/v2\/types\/post"}],"author":[{"embeddable":true,"href":"https:\/\/www.fondationassistanceauxanimaux.org\/actu\/wp-json\/wp\/v2\/users\/3"}],"replies":[{"embeddable":true,"href":"https:\/\/www.fondationassistanceauxanimaux.org\/actu\/wp-json\/wp\/v2\/comments?post=19324"}],"version-history":[{"count":2,"href":"https:\/\/www.fondationassistanceauxanimaux.org\/actu\/wp-json\/wp\/v2\/posts\/19324\/revisions"}],"predecessor-version":[{"id":19344,"href":"https:\/\/www.fondationassistanceauxanimaux.org\/actu\/wp-json\/wp\/v2\/posts\/19324\/revisions\/19344"}],"wp:featuredmedia":[{"embeddable":true,"href":"https:\/\/www.fondationassistanceauxanimaux.org\/actu\/wp-json\/wp\/v2\/media\/19342"}],"wp:attachment":[{"href":"https:\/\/www.fondationassistanceauxanimaux.org\/actu\/wp-json\/wp\/v2\/media?parent=19324"}],"wp:term":[{"taxonomy":"category","embeddable":true,"href":"https:\/\/www.fondationassistanceauxanimaux.org\/actu\/wp-json\/wp\/v2\/categories?post=19324"},{"taxonomy":"post_tag","embeddable":true,"href":"https:\/\/www.fondationassistanceauxanimaux.org\/actu\/wp-json\/wp\/v2\/tags?post=19324"}],"curies":[{"name":"wp","href":"https:\/\/api.w.org\/{rel}","templated":true}]}}