{"id":18906,"date":"2023-10-09T14:00:36","date_gmt":"2023-10-09T12:00:36","guid":{"rendered":"https:\/\/www.fondationassistanceauxanimaux.org\/actu\/?p=18906"},"modified":"2023-10-09T14:00:37","modified_gmt":"2023-10-09T12:00:37","slug":"sauvetage-in-extremis-anon-corse","status":"publish","type":"post","link":"https:\/\/www.fondationassistanceauxanimaux.org\/actu\/sauvetage-in-extremis-anon-corse-18906\/","title":{"rendered":"Le sauvetage in extremis d&rsquo;un \u00e2non Corse"},"content":{"rendered":"\n<p><strong>Bloqu\u00e9 dans un ravin, c&rsquo;est un b\u00e9b\u00e9 tr\u00e8s mal en point que les \u00e9quipes corses de la Fondation Assistance aux Animaux ont sauv\u00e9.<\/strong><\/p>\n\n\n\n<p><strong>Cet \u00e2non de quelques mois a \u00e9t\u00e9 retrouv\u00e9, seul, bloqu\u00e9 dans un ravin. Pris au pi\u00e8ge, il ne pouvait pas en sortir.<\/strong><\/p>\n\n\n\n<figure class=\"wp-block-gallery columns-2 is-cropped wp-block-gallery-1 is-layout-flex wp-block-gallery-is-layout-flex\"><ul class=\"blocks-gallery-grid\"><li class=\"blocks-gallery-item\"><figure><img loading=\"lazy\" decoding=\"async\" width=\"773\" height=\"1030\" src=\"https:\/\/www.fondationassistanceauxanimaux.org\/actu\/wp-content\/uploads\/2023\/10\/cintu-sauvetage-773x1030.jpeg\" alt=\"\" data-id=\"18907\" data-full-url=\"https:\/\/www.fondationassistanceauxanimaux.org\/actu\/wp-content\/uploads\/2023\/10\/cintu-sauvetage.jpeg\" data-link=\"https:\/\/www.fondationassistanceauxanimaux.org\/actu\/?attachment_id=18907\" class=\"wp-image-18907\" srcset=\"https:\/\/www.fondationassistanceauxanimaux.org\/actu\/wp-content\/uploads\/2023\/10\/cintu-sauvetage-773x1030.jpeg 773w, https:\/\/www.fondationassistanceauxanimaux.org\/actu\/wp-content\/uploads\/2023\/10\/cintu-sauvetage-225x300.jpeg 225w, https:\/\/www.fondationassistanceauxanimaux.org\/actu\/wp-content\/uploads\/2023\/10\/cintu-sauvetage-768x1024.jpeg 768w, https:\/\/www.fondationassistanceauxanimaux.org\/actu\/wp-content\/uploads\/2023\/10\/cintu-sauvetage-1152x1536.jpeg 1152w, https:\/\/www.fondationassistanceauxanimaux.org\/actu\/wp-content\/uploads\/2023\/10\/cintu-sauvetage-1125x1500.jpeg 1125w, https:\/\/www.fondationassistanceauxanimaux.org\/actu\/wp-content\/uploads\/2023\/10\/cintu-sauvetage-529x705.jpeg 529w, https:\/\/www.fondationassistanceauxanimaux.org\/actu\/wp-content\/uploads\/2023\/10\/cintu-sauvetage.jpeg 1200w\" sizes=\"auto, (max-width: 773px) 100vw, 773px\" \/><\/figure><\/li><li class=\"blocks-gallery-item\"><figure><img loading=\"lazy\" decoding=\"async\" width=\"773\" height=\"1030\" src=\"https:\/\/www.fondationassistanceauxanimaux.org\/actu\/wp-content\/uploads\/2023\/10\/cintu-773x1030.jpeg\" alt=\"\" data-id=\"18908\" data-full-url=\"https:\/\/www.fondationassistanceauxanimaux.org\/actu\/wp-content\/uploads\/2023\/10\/cintu.jpeg\" data-link=\"https:\/\/www.fondationassistanceauxanimaux.org\/actu\/?attachment_id=18908\" class=\"wp-image-18908\" srcset=\"https:\/\/www.fondationassistanceauxanimaux.org\/actu\/wp-content\/uploads\/2023\/10\/cintu-773x1030.jpeg 773w, https:\/\/www.fondationassistanceauxanimaux.org\/actu\/wp-content\/uploads\/2023\/10\/cintu-225x300.jpeg 225w, https:\/\/www.fondationassistanceauxanimaux.org\/actu\/wp-content\/uploads\/2023\/10\/cintu-768x1024.jpeg 768w, https:\/\/www.fondationassistanceauxanimaux.org\/actu\/wp-content\/uploads\/2023\/10\/cintu-1152x1536.jpeg 1152w, https:\/\/www.fondationassistanceauxanimaux.org\/actu\/wp-content\/uploads\/2023\/10\/cintu-1125x1500.jpeg 1125w, https:\/\/www.fondationassistanceauxanimaux.org\/actu\/wp-content\/uploads\/2023\/10\/cintu-529x705.jpeg 529w, https:\/\/www.fondationassistanceauxanimaux.org\/actu\/wp-content\/uploads\/2023\/10\/cintu.jpeg 1200w\" sizes=\"auto, (max-width: 773px) 100vw, 773px\" \/><\/figure><\/li><\/ul><\/figure>\n\n\n\n<blockquote class=\"wp-block-quote is-layout-flow wp-block-quote-is-layout-flow\"><p><strong>Il aura fallu plusieurs heures pour l&rsquo;extraire de cette situation.Un sauvetage in extremis qui a d\u00fb faire appel \u00e0 de nombreuses personnes : enqu\u00eateurs, animaliers, v\u00e9t\u00e9rinaires et asv de la FAA \u00e9taient l\u00e0 pour sauver ce b\u00e9b\u00e9.<\/strong><\/p><p><strong>\u00c9puis\u00e9, en hypothermie, compl\u00e8tement d\u00e9shydrat\u00e9, ce pauvre petit \u00e2ne (baptis\u00e9 Cintu par nos \u00e9quipes) a \u00e9t\u00e9 pris en charge au centre de soins FAA de Baleone o\u00f9 il a pass\u00e9 plusieurs jours.<\/strong><\/p><\/blockquote>\n\n\n\n<figure class=\"wp-block-embed-youtube aligncenter wp-block-embed is-type-video is-provider-youtube wp-embed-aspect-16-9 wp-has-aspect-ratio\"><div class=\"wp-block-embed__wrapper\">\n<div class='avia-iframe-wrap'><iframe loading=\"lazy\" title=\"Le sauvetage in extremis d&#039;un \u00e2non Corse\" width=\"1500\" height=\"844\" src=\"https:\/\/www.youtube.com\/embed\/j8vXTLyvzv0?feature=oembed\" frameborder=\"0\" allow=\"accelerometer; autoplay; clipboard-write; encrypted-media; gyroscope; picture-in-picture; web-share\" allowfullscreen><\/iframe><\/div>\n<\/div><\/figure>\n\n\n\n<blockquote class=\"wp-block-quote is-layout-flow wp-block-quote-is-layout-flow\"><p><strong>Apr\u00e8s de nombreux soins, des dizaines de biberons, et des centaines de c\u00e2lins quotidiens, l&rsquo;\u00e9tat de sant\u00e9 de Cintu s&rsquo;est am\u00e9lior\u00e9 !<\/strong> <strong>Il est aujourd&rsquo;hui dans l&rsquo;une des structures de la Fondation Assistance aux Animaux o\u00f9 il d\u00e9couvre, pour son plus grand bonheur, les joies de la vie.<\/strong><\/p><p><strong>Nous donnerons prochainement des nouvelles de ce beau et grand b\u00e9b\u00e9 tout doux.<\/strong><\/p><\/blockquote>\n","protected":false},"excerpt":{"rendered":"<p>Bloqu\u00e9 dans un ravin, c&rsquo;est un b\u00e9b\u00e9 tr\u00e8s mal en point que les \u00e9quipes corses de la Fondation Assistance aux Animaux ont sauv\u00e9. Cet \u00e2non de quelques mois a \u00e9t\u00e9 retrouv\u00e9, seul, bloqu\u00e9 dans un ravin. Pris au pi\u00e8ge, il ne pouvait pas en sortir. Il aura fallu plusieurs heures pour l&rsquo;extraire de cette situation.Un [&hellip;]<\/p>\n","protected":false},"author":3,"featured_media":18910,"comment_status":"closed","ping_status":"closed","sticky":false,"template":"","format":"standard","meta":{"footnotes":""},"categories":[21],"tags":[],"class_list":["post-18906","post","type-post","status-publish","format-standard","has-post-thumbnail","hentry","category-fondation-assistance-aux-animaux"],"yoast_head":"<!-- This site is optimized with the Yoast SEO plugin v24.5 - https:\/\/yoast.com\/wordpress\/plugins\/seo\/ -->\n<title>Le sauvetage in extremis d&#039;un \u00e2non Corse - Fondation Assistance aux Animaux - Actualit\u00e9s<\/title>\n<meta name=\"robots\" content=\"index, follow, max-snippet:-1, max-image-preview:large, max-video-preview:-1\" \/>\n<link rel=\"canonical\" href=\"https:\/\/www.fondationassistanceauxanimaux.org\/actu\/sauvetage-in-extremis-anon-corse-18906\/\" \/>\n<meta property=\"og:locale\" content=\"fr_FR\" \/>\n<meta property=\"og:type\" content=\"article\" \/>\n<meta property=\"og:title\" content=\"Le sauvetage in extremis d&#039;un \u00e2non Corse - Fondation Assistance aux Animaux - Actualit\u00e9s\" \/>\n<meta property=\"og:description\" content=\"Bloqu\u00e9 dans un ravin, c&rsquo;est un b\u00e9b\u00e9 tr\u00e8s mal en point que les \u00e9quipes corses de la Fondation Assistance aux Animaux ont sauv\u00e9. Cet \u00e2non de quelques mois a \u00e9t\u00e9 retrouv\u00e9, seul, bloqu\u00e9 dans un ravin. Pris au pi\u00e8ge, il ne pouvait pas en sortir. Il aura fallu plusieurs heures pour l&rsquo;extraire de cette situation.Un [&hellip;]\" \/>\n<meta property=\"og:url\" content=\"https:\/\/www.fondationassistanceauxanimaux.org\/actu\/sauvetage-in-extremis-anon-corse-18906\/\" \/>\n<meta property=\"og:site_name\" content=\"Fondation Assistance aux Animaux - Actualit\u00e9s\" \/>\n<meta property=\"article:published_time\" content=\"2023-10-09T12:00:36+00:00\" \/>\n<meta property=\"article:modified_time\" content=\"2023-10-09T12:00:37+00:00\" \/>\n<meta property=\"og:image\" content=\"https:\/\/www.fondationassistanceauxanimaux.org\/actu\/wp-content\/uploads\/2023\/10\/cintu-sauvetage-1.jpeg\" \/>\n\t<meta property=\"og:image:width\" content=\"1200\" \/>\n\t<meta property=\"og:image:height\" content=\"1127\" \/>\n\t<meta property=\"og:image:type\" content=\"image\/jpeg\" \/>\n<meta name=\"author\" content=\"No\u00e9\" \/>\n<meta name=\"twitter:card\" content=\"summary_large_image\" \/>\n<meta name=\"twitter:label1\" content=\"\u00c9crit par\" \/>\n\t<meta name=\"twitter:data1\" content=\"No\u00e9\" \/>\n\t<meta name=\"twitter:label2\" content=\"Dur\u00e9e de lecture estim\u00e9e\" \/>\n\t<meta name=\"twitter:data2\" content=\"1 minute\" \/>\n<script type=\"application\/ld+json\" class=\"yoast-schema-graph\">{\"@context\":\"https:\/\/schema.org\",\"@graph\":[{\"@type\":\"WebPage\",\"@id\":\"https:\/\/www.fondationassistanceauxanimaux.org\/actu\/sauvetage-in-extremis-anon-corse-18906\/\",\"url\":\"https:\/\/www.fondationassistanceauxanimaux.org\/actu\/sauvetage-in-extremis-anon-corse-18906\/\",\"name\":\"Le sauvetage in extremis d'un \u00e2non Corse - Fondation Assistance aux Animaux - Actualit\u00e9s\",\"isPartOf\":{\"@id\":\"https:\/\/www.fondationassistanceauxanimaux.org\/actu\/#website\"},\"primaryImageOfPage\":{\"@id\":\"https:\/\/www.fondationassistanceauxanimaux.org\/actu\/sauvetage-in-extremis-anon-corse-18906\/#primaryimage\"},\"image\":{\"@id\":\"https:\/\/www.fondationassistanceauxanimaux.org\/actu\/sauvetage-in-extremis-anon-corse-18906\/#primaryimage\"},\"thumbnailUrl\":\"https:\/\/www.fondationassistanceauxanimaux.org\/actu\/wp-content\/uploads\/2023\/10\/cintu-sauvetage-1.jpeg\",\"datePublished\":\"2023-10-09T12:00:36+00:00\",\"dateModified\":\"2023-10-09T12:00:37+00:00\",\"author\":{\"@id\":\"https:\/\/www.fondationassistanceauxanimaux.org\/actu\/#\/schema\/person\/71a8476d98daaea0d71a965c5603e10b\"},\"breadcrumb\":{\"@id\":\"https:\/\/www.fondationassistanceauxanimaux.org\/actu\/sauvetage-in-extremis-anon-corse-18906\/#breadcrumb\"},\"inLanguage\":\"fr-FR\",\"potentialAction\":[{\"@type\":\"ReadAction\",\"target\":[\"https:\/\/www.fondationassistanceauxanimaux.org\/actu\/sauvetage-in-extremis-anon-corse-18906\/\"]}]},{\"@type\":\"ImageObject\",\"inLanguage\":\"fr-FR\",\"@id\":\"https:\/\/www.fondationassistanceauxanimaux.org\/actu\/sauvetage-in-extremis-anon-corse-18906\/#primaryimage\",\"url\":\"https:\/\/www.fondationassistanceauxanimaux.org\/actu\/wp-content\/uploads\/2023\/10\/cintu-sauvetage-1.jpeg\",\"contentUrl\":\"https:\/\/www.fondationassistanceauxanimaux.org\/actu\/wp-content\/uploads\/2023\/10\/cintu-sauvetage-1.jpeg\",\"width\":1200,\"height\":1127},{\"@type\":\"BreadcrumbList\",\"@id\":\"https:\/\/www.fondationassistanceauxanimaux.org\/actu\/sauvetage-in-extremis-anon-corse-18906\/#breadcrumb\",\"itemListElement\":[{\"@type\":\"ListItem\",\"position\":1,\"name\":\"Accueil\",\"item\":\"https:\/\/www.fondationassistanceauxanimaux.org\/actu\/\"},{\"@type\":\"ListItem\",\"position\":2,\"name\":\"Le sauvetage in extremis d&rsquo;un \u00e2non Corse\"}]},{\"@type\":\"WebSite\",\"@id\":\"https:\/\/www.fondationassistanceauxanimaux.org\/actu\/#website\",\"url\":\"https:\/\/www.fondationassistanceauxanimaux.org\/actu\/\",\"name\":\"Fondation Assistance aux Animaux - Actualit\u00e9s\",\"description\":\"Depuis 1930 la Fondation Assistance aux Animaux pour la d\u00e9fense et la protection des animaux maltrait\u00e9s et abandonn\u00e9s\",\"potentialAction\":[{\"@type\":\"SearchAction\",\"target\":{\"@type\":\"EntryPoint\",\"urlTemplate\":\"https:\/\/www.fondationassistanceauxanimaux.org\/actu\/?s={search_term_string}\"},\"query-input\":{\"@type\":\"PropertyValueSpecification\",\"valueRequired\":true,\"valueName\":\"search_term_string\"}}],\"inLanguage\":\"fr-FR\"},{\"@type\":\"Person\",\"@id\":\"https:\/\/www.fondationassistanceauxanimaux.org\/actu\/#\/schema\/person\/71a8476d98daaea0d71a965c5603e10b\",\"name\":\"No\u00e9\",\"image\":{\"@type\":\"ImageObject\",\"inLanguage\":\"fr-FR\",\"@id\":\"https:\/\/www.fondationassistanceauxanimaux.org\/actu\/#\/schema\/person\/image\/\",\"url\":\"https:\/\/secure.gravatar.com\/avatar\/d34cf6c6bd22b3db9c932bc580c4d1ba93c0cda7588a41b59078888ab1e5f007?s=96&d=mm&r=g\",\"contentUrl\":\"https:\/\/secure.gravatar.com\/avatar\/d34cf6c6bd22b3db9c932bc580c4d1ba93c0cda7588a41b59078888ab1e5f007?s=96&d=mm&r=g\",\"caption\":\"No\u00e9\"},\"url\":\"https:\/\/www.fondationassistanceauxanimaux.org\/actu\/author\/anne\/\"}]}<\/script>\n<!-- \/ Yoast SEO plugin. -->","yoast_head_json":{"title":"Le sauvetage in extremis d'un \u00e2non Corse - Fondation Assistance aux Animaux - Actualit\u00e9s","robots":{"index":"index","follow":"follow","max-snippet":"max-snippet:-1","max-image-preview":"max-image-preview:large","max-video-preview":"max-video-preview:-1"},"canonical":"https:\/\/www.fondationassistanceauxanimaux.org\/actu\/sauvetage-in-extremis-anon-corse-18906\/","og_locale":"fr_FR","og_type":"article","og_title":"Le sauvetage in extremis d'un \u00e2non Corse - Fondation Assistance aux Animaux - Actualit\u00e9s","og_description":"Bloqu\u00e9 dans un ravin, c&rsquo;est un b\u00e9b\u00e9 tr\u00e8s mal en point que les \u00e9quipes corses de la Fondation Assistance aux Animaux ont sauv\u00e9. Cet \u00e2non de quelques mois a \u00e9t\u00e9 retrouv\u00e9, seul, bloqu\u00e9 dans un ravin. Pris au pi\u00e8ge, il ne pouvait pas en sortir. Il aura fallu plusieurs heures pour l&rsquo;extraire de cette situation.Un [&hellip;]","og_url":"https:\/\/www.fondationassistanceauxanimaux.org\/actu\/sauvetage-in-extremis-anon-corse-18906\/","og_site_name":"Fondation Assistance aux Animaux - Actualit\u00e9s","article_published_time":"2023-10-09T12:00:36+00:00","article_modified_time":"2023-10-09T12:00:37+00:00","og_image":[{"width":1200,"height":1127,"url":"https:\/\/www.fondationassistanceauxanimaux.org\/actu\/wp-content\/uploads\/2023\/10\/cintu-sauvetage-1.jpeg","type":"image\/jpeg"}],"author":"No\u00e9","twitter_card":"summary_large_image","twitter_misc":{"\u00c9crit par":"No\u00e9","Dur\u00e9e de lecture estim\u00e9e":"1 minute"},"schema":{"@context":"https:\/\/schema.org","@graph":[{"@type":"WebPage","@id":"https:\/\/www.fondationassistanceauxanimaux.org\/actu\/sauvetage-in-extremis-anon-corse-18906\/","url":"https:\/\/www.fondationassistanceauxanimaux.org\/actu\/sauvetage-in-extremis-anon-corse-18906\/","name":"Le sauvetage in extremis d'un \u00e2non Corse - Fondation Assistance aux Animaux - Actualit\u00e9s","isPartOf":{"@id":"https:\/\/www.fondationassistanceauxanimaux.org\/actu\/#website"},"primaryImageOfPage":{"@id":"https:\/\/www.fondationassistanceauxanimaux.org\/actu\/sauvetage-in-extremis-anon-corse-18906\/#primaryimage"},"image":{"@id":"https:\/\/www.fondationassistanceauxanimaux.org\/actu\/sauvetage-in-extremis-anon-corse-18906\/#primaryimage"},"thumbnailUrl":"https:\/\/www.fondationassistanceauxanimaux.org\/actu\/wp-content\/uploads\/2023\/10\/cintu-sauvetage-1.jpeg","datePublished":"2023-10-09T12:00:36+00:00","dateModified":"2023-10-09T12:00:37+00:00","author":{"@id":"https:\/\/www.fondationassistanceauxanimaux.org\/actu\/#\/schema\/person\/71a8476d98daaea0d71a965c5603e10b"},"breadcrumb":{"@id":"https:\/\/www.fondationassistanceauxanimaux.org\/actu\/sauvetage-in-extremis-anon-corse-18906\/#breadcrumb"},"inLanguage":"fr-FR","potentialAction":[{"@type":"ReadAction","target":["https:\/\/www.fondationassistanceauxanimaux.org\/actu\/sauvetage-in-extremis-anon-corse-18906\/"]}]},{"@type":"ImageObject","inLanguage":"fr-FR","@id":"https:\/\/www.fondationassistanceauxanimaux.org\/actu\/sauvetage-in-extremis-anon-corse-18906\/#primaryimage","url":"https:\/\/www.fondationassistanceauxanimaux.org\/actu\/wp-content\/uploads\/2023\/10\/cintu-sauvetage-1.jpeg","contentUrl":"https:\/\/www.fondationassistanceauxanimaux.org\/actu\/wp-content\/uploads\/2023\/10\/cintu-sauvetage-1.jpeg","width":1200,"height":1127},{"@type":"BreadcrumbList","@id":"https:\/\/www.fondationassistanceauxanimaux.org\/actu\/sauvetage-in-extremis-anon-corse-18906\/#breadcrumb","itemListElement":[{"@type":"ListItem","position":1,"name":"Accueil","item":"https:\/\/www.fondationassistanceauxanimaux.org\/actu\/"},{"@type":"ListItem","position":2,"name":"Le sauvetage in extremis d&rsquo;un \u00e2non Corse"}]},{"@type":"WebSite","@id":"https:\/\/www.fondationassistanceauxanimaux.org\/actu\/#website","url":"https:\/\/www.fondationassistanceauxanimaux.org\/actu\/","name":"Fondation Assistance aux Animaux - Actualit\u00e9s","description":"Depuis 1930 la Fondation Assistance aux Animaux pour la d\u00e9fense et la protection des animaux maltrait\u00e9s et abandonn\u00e9s","potentialAction":[{"@type":"SearchAction","target":{"@type":"EntryPoint","urlTemplate":"https:\/\/www.fondationassistanceauxanimaux.org\/actu\/?s={search_term_string}"},"query-input":{"@type":"PropertyValueSpecification","valueRequired":true,"valueName":"search_term_string"}}],"inLanguage":"fr-FR"},{"@type":"Person","@id":"https:\/\/www.fondationassistanceauxanimaux.org\/actu\/#\/schema\/person\/71a8476d98daaea0d71a965c5603e10b","name":"No\u00e9","image":{"@type":"ImageObject","inLanguage":"fr-FR","@id":"https:\/\/www.fondationassistanceauxanimaux.org\/actu\/#\/schema\/person\/image\/","url":"https:\/\/secure.gravatar.com\/avatar\/d34cf6c6bd22b3db9c932bc580c4d1ba93c0cda7588a41b59078888ab1e5f007?s=96&d=mm&r=g","contentUrl":"https:\/\/secure.gravatar.com\/avatar\/d34cf6c6bd22b3db9c932bc580c4d1ba93c0cda7588a41b59078888ab1e5f007?s=96&d=mm&r=g","caption":"No\u00e9"},"url":"https:\/\/www.fondationassistanceauxanimaux.org\/actu\/author\/anne\/"}]}},"_links":{"self":[{"href":"https:\/\/www.fondationassistanceauxanimaux.org\/actu\/wp-json\/wp\/v2\/posts\/18906","targetHints":{"allow":["GET"]}}],"collection":[{"href":"https:\/\/www.fondationassistanceauxanimaux.org\/actu\/wp-json\/wp\/v2\/posts"}],"about":[{"href":"https:\/\/www.fondationassistanceauxanimaux.org\/actu\/wp-json\/wp\/v2\/types\/post"}],"author":[{"embeddable":true,"href":"https:\/\/www.fondationassistanceauxanimaux.org\/actu\/wp-json\/wp\/v2\/users\/3"}],"replies":[{"embeddable":true,"href":"https:\/\/www.fondationassistanceauxanimaux.org\/actu\/wp-json\/wp\/v2\/comments?post=18906"}],"version-history":[{"count":2,"href":"https:\/\/www.fondationassistanceauxanimaux.org\/actu\/wp-json\/wp\/v2\/posts\/18906\/revisions"}],"predecessor-version":[{"id":18913,"href":"https:\/\/www.fondationassistanceauxanimaux.org\/actu\/wp-json\/wp\/v2\/posts\/18906\/revisions\/18913"}],"wp:featuredmedia":[{"embeddable":true,"href":"https:\/\/www.fondationassistanceauxanimaux.org\/actu\/wp-json\/wp\/v2\/media\/18910"}],"wp:attachment":[{"href":"https:\/\/www.fondationassistanceauxanimaux.org\/actu\/wp-json\/wp\/v2\/media?parent=18906"}],"wp:term":[{"taxonomy":"category","embeddable":true,"href":"https:\/\/www.fondationassistanceauxanimaux.org\/actu\/wp-json\/wp\/v2\/categories?post=18906"},{"taxonomy":"post_tag","embeddable":true,"href":"https:\/\/www.fondationassistanceauxanimaux.org\/actu\/wp-json\/wp\/v2\/tags?post=18906"}],"curies":[{"name":"wp","href":"https:\/\/api.w.org\/{rel}","templated":true}]}}