{"id":18896,"date":"2023-10-05T16:00:44","date_gmt":"2023-10-05T14:00:44","guid":{"rendered":"https:\/\/www.fondationassistanceauxanimaux.org\/actu\/?p=18896"},"modified":"2023-10-05T16:00:44","modified_gmt":"2023-10-05T14:00:44","slug":"refuge-villevaude-venom","status":"publish","type":"post","link":"https:\/\/www.fondationassistanceauxanimaux.org\/actu\/refuge-villevaude-venom-18896\/","title":{"rendered":"Venom, l\u00e2chement abandonn\u00e9, a \u00e9t\u00e9 pris en charge en urgence par la Fondation Assistance aux Animaux"},"content":{"rendered":"\n<p><strong>Le mot \u00ab\u00a0L\u00c2CHE\u00a0\u00bb a-t-il encore une signification et une place dans notre vocabulaire ?<\/strong><\/p>\n\n\n\n<p><strong>Il semble pourtant avoir une place r\u00e9currente dans le quotidien des refuges de la Fondation Assistance aux animaux.<\/strong><\/p>\n\n\n\n<p><strong>Car c&rsquo;est encore une malheureuse d\u00e9couverte que notre \u00e9quipe du refuge de Villevaud\u00e9 a faite ce matin du 25 septembre dernier.<\/strong><\/p>\n\n\n\n<p><strong>C&rsquo;est plant\u00e9 sur un tas de feuilles s\u00e9ch\u00e9es en guise de panier, apeur\u00e9, tremblant, attach\u00e9 avec un m\u00e8tre de corde, dissimul\u00e9 par quelques poubelles\u00a0<em>;\u00a0comme s&rsquo;il \u00e9tait une pi\u00e8ce du d\u00e9cor<\/em>\u00a0; que nos soigneurs approchent ce crois\u00e9 staff aux abords \u00e9loign\u00e9s du refuge.<\/strong><\/p>\n\n\n\n<p><strong>Son sort semblait scell\u00e9 : une gamelle vide, sans eau, sans nourriture, sans mouvement de fuite possible, il avait peu de chance de s&rsquo;en sortir bien portant voire vivant !<\/strong><\/p>\n\n\n\n<p><strong>La constatation de son \u00e9tat physique est sans appel appuy\u00e9 par un diagnostic\u00a0v\u00e9t\u00e9rinaire affligeant !<\/strong><\/p>\n\n\n\n<p><strong>Ce jeune chien, cach\u00e9tique, estim\u00e9 \u00e2g\u00e9 de 18 mois environ, avait \u00e9norm\u00e9ment de mal \u00e0 respirer, vomissait et souffrait d&rsquo;une mauvaise boiterie.\u00a0Verdict : Venom, rebaptis\u00e9 car non identifi\u00e9, souffre pour son jeune \u00e2ge d&rsquo;une rupture des ligaments crois\u00e9s, d&rsquo;une multitude de cicatrices et d&rsquo;une s\u00e9v\u00e8re infection pulmonaire ; ses pathologies et n\u00e9gligence ont d\u00fb \u00eatre la raison de cet honteux abandon !<\/strong><\/p>\n\n\n\n<p><strong>Pris en charge int\u00e9gralement par la Fondation, il a \u00e9t\u00e9 hospitalis\u00e9 plusieurs jours et poursuit aujourd&rsquo;hui ses soins au refuge.<\/strong><\/p>\n\n\n\n<p><strong>Il (re) d\u00e9couvre et appr\u00e9cie la relation humaine, aime les jeux avec ses cong\u00e9n\u00e8res\u00a0et les hommes et surtout d\u00e9vorent les bonnes\u00a0gamelles.<\/strong><\/p>\n\n\n\n<p><strong>Nos animaliers font le maximum quotidiennement pour apaiser ses souffrances physiques et psychologiques mais ce sera le foyer d&rsquo;une famille qui effacera cet\u00a0\u00e9pisode traumatisant : nous comptons sur vous pour d\u00e9couvrir Venom qui ne demande qu&rsquo;\u00e0 recevoir et donner amour et attention.<\/strong><\/p>\n\n\n\n<p class=\"has-text-align-center\"><strong>Vid\u00e9o de l&rsquo;abandon de Venom<\/strong><\/p>\n\n\n\n<figure class=\"wp-block-embed-youtube aligncenter wp-block-embed is-type-video is-provider-youtube wp-embed-aspect-16-9 wp-has-aspect-ratio\"><div class=\"wp-block-embed__wrapper\">\n<div class='avia-iframe-wrap'><iframe loading=\"lazy\" title=\"L&#039;abandon de Venom\" width=\"1500\" height=\"844\" src=\"https:\/\/www.youtube.com\/embed\/gpwxz2tA9NY?feature=oembed\" frameborder=\"0\" allow=\"accelerometer; autoplay; clipboard-write; encrypted-media; gyroscope; picture-in-picture; web-share\" allowfullscreen><\/iframe><\/div>\n<\/div><\/figure>\n\n\n\n<blockquote class=\"wp-block-quote is-layout-flow wp-block-quote-is-layout-flow\"><p><strong>La Fondation Assistance aux Animaux a d\u00e9pos\u00e9 plainte contre X pour ouvrir une enqu\u00eate.\u00a0<\/strong><\/p><p><strong>Elle rappelle qu&rsquo;elle dispose de dispensaires et\u00a0qu\u2019ils sont parfois l\u2019unique r\u00e9ponse aux soucis v\u00e9t\u00e9rinaires des propri\u00e9taires d\u2019animaux au budget serr\u00e9.\u00a0Mais entretenir la sant\u00e9 de son animal, c\u2019est lui \u00e9viter des complications f\u00e2cheuses et faire reculer l\u2019abandon pour d\u00e9faut de ressources.<\/strong><\/p><p><strong><em>Pour l&rsquo;heure, le propri\u00e9taire n&rsquo;a toujours pas \u00e9t\u00e9 retrouv\u00e9.\u00a0Pour faire un signalement ou apporter votre t\u00e9moignage, nous vous invitons \u00e0 \u00e9crire \u00e0 notre service :\u00a0<a rel=\"noreferrer noopener\" href=\"mailto:enquetes@fondationassistanceauxanimaux.org\" target=\"_blank\">enquetes@fondationassistanceauxanimaux.org<\/a><\/em><\/strong><\/p><\/blockquote>\n\n\n\n<blockquote class=\"wp-block-quote is-layout-flow wp-block-quote-is-layout-flow\"><p><strong>Nos animaliers font le maximum quotidiennement pour apaiser ses souffrances physiques et psychologiques mais ce sera le foyer d&rsquo;une famille qui effacera cet\u00a0\u00e9pisode traumatisant : nous comptons sur vous pour d\u00e9couvrir Venom qui ne demande qu&rsquo;\u00e0 recevoir et donner amour et attention.<\/strong><\/p><\/blockquote>\n\n\n\n<div class=\"wp-block-image\"><figure class=\"aligncenter size-large\"><img loading=\"lazy\" decoding=\"async\" width=\"768\" height=\"1024\" src=\"https:\/\/www.fondationassistanceauxanimaux.org\/actu\/wp-content\/uploads\/2023\/10\/venom-au-refuge.jpeg\" alt=\"\" class=\"wp-image-18902\" srcset=\"https:\/\/www.fondationassistanceauxanimaux.org\/actu\/wp-content\/uploads\/2023\/10\/venom-au-refuge.jpeg 768w, https:\/\/www.fondationassistanceauxanimaux.org\/actu\/wp-content\/uploads\/2023\/10\/venom-au-refuge-225x300.jpeg 225w, https:\/\/www.fondationassistanceauxanimaux.org\/actu\/wp-content\/uploads\/2023\/10\/venom-au-refuge-529x705.jpeg 529w\" sizes=\"auto, (max-width: 768px) 100vw, 768px\" \/><figcaption>Venom &#8211; Refuge de Villevaud\u00e9<\/figcaption><\/figure><\/div>\n","protected":false},"excerpt":{"rendered":"<p>Le mot \u00ab\u00a0L\u00c2CHE\u00a0\u00bb a-t-il encore une signification et une place dans notre vocabulaire ? Il semble pourtant avoir une place r\u00e9currente dans le quotidien des refuges de la Fondation Assistance aux animaux. Car c&rsquo;est encore une malheureuse d\u00e9couverte que notre \u00e9quipe du refuge de Villevaud\u00e9 a faite ce matin du 25 septembre dernier. C&rsquo;est plant\u00e9 [&hellip;]<\/p>\n","protected":false},"author":3,"featured_media":18903,"comment_status":"closed","ping_status":"closed","sticky":false,"template":"","format":"standard","meta":{"footnotes":""},"categories":[21],"tags":[],"class_list":["post-18896","post","type-post","status-publish","format-standard","has-post-thumbnail","hentry","category-fondation-assistance-aux-animaux"],"yoast_head":"<!-- This site is optimized with the Yoast SEO plugin v24.5 - https:\/\/yoast.com\/wordpress\/plugins\/seo\/ -->\n<title>Venom, l\u00e2chement abandonn\u00e9, a \u00e9t\u00e9 pris en charge en urgence par la Fondation Assistance aux Animaux - Fondation Assistance aux Animaux - Actualit\u00e9s<\/title>\n<meta name=\"robots\" content=\"index, follow, max-snippet:-1, max-image-preview:large, max-video-preview:-1\" \/>\n<link rel=\"canonical\" href=\"https:\/\/www.fondationassistanceauxanimaux.org\/actu\/refuge-villevaude-venom-18896\/\" \/>\n<meta property=\"og:locale\" content=\"fr_FR\" \/>\n<meta property=\"og:type\" content=\"article\" \/>\n<meta property=\"og:title\" content=\"Venom, l\u00e2chement abandonn\u00e9, a \u00e9t\u00e9 pris en charge en urgence par la Fondation Assistance aux Animaux - Fondation Assistance aux Animaux - Actualit\u00e9s\" \/>\n<meta property=\"og:description\" content=\"Le mot \u00ab\u00a0L\u00c2CHE\u00a0\u00bb a-t-il encore une signification et une place dans notre vocabulaire ? Il semble pourtant avoir une place r\u00e9currente dans le quotidien des refuges de la Fondation Assistance aux animaux. Car c&rsquo;est encore une malheureuse d\u00e9couverte que notre \u00e9quipe du refuge de Villevaud\u00e9 a faite ce matin du 25 septembre dernier. C&rsquo;est plant\u00e9 [&hellip;]\" \/>\n<meta property=\"og:url\" content=\"https:\/\/www.fondationassistanceauxanimaux.org\/actu\/refuge-villevaude-venom-18896\/\" \/>\n<meta property=\"og:site_name\" content=\"Fondation Assistance aux Animaux - Actualit\u00e9s\" \/>\n<meta property=\"article:published_time\" content=\"2023-10-05T14:00:44+00:00\" \/>\n<meta property=\"og:image\" content=\"https:\/\/www.fondationassistanceauxanimaux.org\/actu\/wp-content\/uploads\/2023\/10\/venom-a\u0300-son-arrive\u0301e.jpeg\" \/>\n\t<meta property=\"og:image:width\" content=\"1104\" \/>\n\t<meta property=\"og:image:height\" content=\"828\" \/>\n\t<meta property=\"og:image:type\" content=\"image\/jpeg\" \/>\n<meta name=\"author\" content=\"No\u00e9\" \/>\n<meta name=\"twitter:card\" content=\"summary_large_image\" \/>\n<meta name=\"twitter:label1\" content=\"\u00c9crit par\" \/>\n\t<meta name=\"twitter:data1\" content=\"No\u00e9\" \/>\n\t<meta name=\"twitter:label2\" content=\"Dur\u00e9e de lecture estim\u00e9e\" \/>\n\t<meta name=\"twitter:data2\" content=\"2 minutes\" \/>\n<script type=\"application\/ld+json\" class=\"yoast-schema-graph\">{\"@context\":\"https:\/\/schema.org\",\"@graph\":[{\"@type\":\"WebPage\",\"@id\":\"https:\/\/www.fondationassistanceauxanimaux.org\/actu\/refuge-villevaude-venom-18896\/\",\"url\":\"https:\/\/www.fondationassistanceauxanimaux.org\/actu\/refuge-villevaude-venom-18896\/\",\"name\":\"Venom, l\u00e2chement abandonn\u00e9, a \u00e9t\u00e9 pris en charge en urgence par la Fondation Assistance aux Animaux - Fondation Assistance aux Animaux - Actualit\u00e9s\",\"isPartOf\":{\"@id\":\"https:\/\/www.fondationassistanceauxanimaux.org\/actu\/#website\"},\"primaryImageOfPage\":{\"@id\":\"https:\/\/www.fondationassistanceauxanimaux.org\/actu\/refuge-villevaude-venom-18896\/#primaryimage\"},\"image\":{\"@id\":\"https:\/\/www.fondationassistanceauxanimaux.org\/actu\/refuge-villevaude-venom-18896\/#primaryimage\"},\"thumbnailUrl\":\"https:\/\/www.fondationassistanceauxanimaux.org\/actu\/wp-content\/uploads\/2023\/10\/venom-a\u0300-son-arrive\u0301e.jpeg\",\"datePublished\":\"2023-10-05T14:00:44+00:00\",\"author\":{\"@id\":\"https:\/\/www.fondationassistanceauxanimaux.org\/actu\/#\/schema\/person\/71a8476d98daaea0d71a965c5603e10b\"},\"breadcrumb\":{\"@id\":\"https:\/\/www.fondationassistanceauxanimaux.org\/actu\/refuge-villevaude-venom-18896\/#breadcrumb\"},\"inLanguage\":\"fr-FR\",\"potentialAction\":[{\"@type\":\"ReadAction\",\"target\":[\"https:\/\/www.fondationassistanceauxanimaux.org\/actu\/refuge-villevaude-venom-18896\/\"]}]},{\"@type\":\"ImageObject\",\"inLanguage\":\"fr-FR\",\"@id\":\"https:\/\/www.fondationassistanceauxanimaux.org\/actu\/refuge-villevaude-venom-18896\/#primaryimage\",\"url\":\"https:\/\/www.fondationassistanceauxanimaux.org\/actu\/wp-content\/uploads\/2023\/10\/venom-a\u0300-son-arrive\u0301e.jpeg\",\"contentUrl\":\"https:\/\/www.fondationassistanceauxanimaux.org\/actu\/wp-content\/uploads\/2023\/10\/venom-a\u0300-son-arrive\u0301e.jpeg\",\"width\":1104,\"height\":828},{\"@type\":\"BreadcrumbList\",\"@id\":\"https:\/\/www.fondationassistanceauxanimaux.org\/actu\/refuge-villevaude-venom-18896\/#breadcrumb\",\"itemListElement\":[{\"@type\":\"ListItem\",\"position\":1,\"name\":\"Accueil\",\"item\":\"https:\/\/www.fondationassistanceauxanimaux.org\/actu\/\"},{\"@type\":\"ListItem\",\"position\":2,\"name\":\"Venom, l\u00e2chement abandonn\u00e9, a \u00e9t\u00e9 pris en charge en urgence par la Fondation Assistance aux Animaux\"}]},{\"@type\":\"WebSite\",\"@id\":\"https:\/\/www.fondationassistanceauxanimaux.org\/actu\/#website\",\"url\":\"https:\/\/www.fondationassistanceauxanimaux.org\/actu\/\",\"name\":\"Fondation Assistance aux Animaux - Actualit\u00e9s\",\"description\":\"Depuis 1930 la Fondation Assistance aux Animaux pour la d\u00e9fense et la protection des animaux maltrait\u00e9s et abandonn\u00e9s\",\"potentialAction\":[{\"@type\":\"SearchAction\",\"target\":{\"@type\":\"EntryPoint\",\"urlTemplate\":\"https:\/\/www.fondationassistanceauxanimaux.org\/actu\/?s={search_term_string}\"},\"query-input\":{\"@type\":\"PropertyValueSpecification\",\"valueRequired\":true,\"valueName\":\"search_term_string\"}}],\"inLanguage\":\"fr-FR\"},{\"@type\":\"Person\",\"@id\":\"https:\/\/www.fondationassistanceauxanimaux.org\/actu\/#\/schema\/person\/71a8476d98daaea0d71a965c5603e10b\",\"name\":\"No\u00e9\",\"image\":{\"@type\":\"ImageObject\",\"inLanguage\":\"fr-FR\",\"@id\":\"https:\/\/www.fondationassistanceauxanimaux.org\/actu\/#\/schema\/person\/image\/\",\"url\":\"https:\/\/secure.gravatar.com\/avatar\/d34cf6c6bd22b3db9c932bc580c4d1ba93c0cda7588a41b59078888ab1e5f007?s=96&d=mm&r=g\",\"contentUrl\":\"https:\/\/secure.gravatar.com\/avatar\/d34cf6c6bd22b3db9c932bc580c4d1ba93c0cda7588a41b59078888ab1e5f007?s=96&d=mm&r=g\",\"caption\":\"No\u00e9\"},\"url\":\"https:\/\/www.fondationassistanceauxanimaux.org\/actu\/author\/anne\/\"}]}<\/script>\n<!-- \/ Yoast SEO plugin. -->","yoast_head_json":{"title":"Venom, l\u00e2chement abandonn\u00e9, a \u00e9t\u00e9 pris en charge en urgence par la Fondation Assistance aux Animaux - Fondation Assistance aux Animaux - Actualit\u00e9s","robots":{"index":"index","follow":"follow","max-snippet":"max-snippet:-1","max-image-preview":"max-image-preview:large","max-video-preview":"max-video-preview:-1"},"canonical":"https:\/\/www.fondationassistanceauxanimaux.org\/actu\/refuge-villevaude-venom-18896\/","og_locale":"fr_FR","og_type":"article","og_title":"Venom, l\u00e2chement abandonn\u00e9, a \u00e9t\u00e9 pris en charge en urgence par la Fondation Assistance aux Animaux - Fondation Assistance aux Animaux - Actualit\u00e9s","og_description":"Le mot \u00ab\u00a0L\u00c2CHE\u00a0\u00bb a-t-il encore une signification et une place dans notre vocabulaire ? Il semble pourtant avoir une place r\u00e9currente dans le quotidien des refuges de la Fondation Assistance aux animaux. Car c&rsquo;est encore une malheureuse d\u00e9couverte que notre \u00e9quipe du refuge de Villevaud\u00e9 a faite ce matin du 25 septembre dernier. C&rsquo;est plant\u00e9 [&hellip;]","og_url":"https:\/\/www.fondationassistanceauxanimaux.org\/actu\/refuge-villevaude-venom-18896\/","og_site_name":"Fondation Assistance aux Animaux - Actualit\u00e9s","article_published_time":"2023-10-05T14:00:44+00:00","og_image":[{"width":1104,"height":828,"url":"https:\/\/www.fondationassistanceauxanimaux.org\/actu\/wp-content\/uploads\/2023\/10\/venom-a\u0300-son-arrive\u0301e.jpeg","type":"image\/jpeg"}],"author":"No\u00e9","twitter_card":"summary_large_image","twitter_misc":{"\u00c9crit par":"No\u00e9","Dur\u00e9e de lecture estim\u00e9e":"2 minutes"},"schema":{"@context":"https:\/\/schema.org","@graph":[{"@type":"WebPage","@id":"https:\/\/www.fondationassistanceauxanimaux.org\/actu\/refuge-villevaude-venom-18896\/","url":"https:\/\/www.fondationassistanceauxanimaux.org\/actu\/refuge-villevaude-venom-18896\/","name":"Venom, l\u00e2chement abandonn\u00e9, a \u00e9t\u00e9 pris en charge en urgence par la Fondation Assistance aux Animaux - Fondation Assistance aux Animaux - Actualit\u00e9s","isPartOf":{"@id":"https:\/\/www.fondationassistanceauxanimaux.org\/actu\/#website"},"primaryImageOfPage":{"@id":"https:\/\/www.fondationassistanceauxanimaux.org\/actu\/refuge-villevaude-venom-18896\/#primaryimage"},"image":{"@id":"https:\/\/www.fondationassistanceauxanimaux.org\/actu\/refuge-villevaude-venom-18896\/#primaryimage"},"thumbnailUrl":"https:\/\/www.fondationassistanceauxanimaux.org\/actu\/wp-content\/uploads\/2023\/10\/venom-a\u0300-son-arrive\u0301e.jpeg","datePublished":"2023-10-05T14:00:44+00:00","author":{"@id":"https:\/\/www.fondationassistanceauxanimaux.org\/actu\/#\/schema\/person\/71a8476d98daaea0d71a965c5603e10b"},"breadcrumb":{"@id":"https:\/\/www.fondationassistanceauxanimaux.org\/actu\/refuge-villevaude-venom-18896\/#breadcrumb"},"inLanguage":"fr-FR","potentialAction":[{"@type":"ReadAction","target":["https:\/\/www.fondationassistanceauxanimaux.org\/actu\/refuge-villevaude-venom-18896\/"]}]},{"@type":"ImageObject","inLanguage":"fr-FR","@id":"https:\/\/www.fondationassistanceauxanimaux.org\/actu\/refuge-villevaude-venom-18896\/#primaryimage","url":"https:\/\/www.fondationassistanceauxanimaux.org\/actu\/wp-content\/uploads\/2023\/10\/venom-a\u0300-son-arrive\u0301e.jpeg","contentUrl":"https:\/\/www.fondationassistanceauxanimaux.org\/actu\/wp-content\/uploads\/2023\/10\/venom-a\u0300-son-arrive\u0301e.jpeg","width":1104,"height":828},{"@type":"BreadcrumbList","@id":"https:\/\/www.fondationassistanceauxanimaux.org\/actu\/refuge-villevaude-venom-18896\/#breadcrumb","itemListElement":[{"@type":"ListItem","position":1,"name":"Accueil","item":"https:\/\/www.fondationassistanceauxanimaux.org\/actu\/"},{"@type":"ListItem","position":2,"name":"Venom, l\u00e2chement abandonn\u00e9, a \u00e9t\u00e9 pris en charge en urgence par la Fondation Assistance aux Animaux"}]},{"@type":"WebSite","@id":"https:\/\/www.fondationassistanceauxanimaux.org\/actu\/#website","url":"https:\/\/www.fondationassistanceauxanimaux.org\/actu\/","name":"Fondation Assistance aux Animaux - Actualit\u00e9s","description":"Depuis 1930 la Fondation Assistance aux Animaux pour la d\u00e9fense et la protection des animaux maltrait\u00e9s et abandonn\u00e9s","potentialAction":[{"@type":"SearchAction","target":{"@type":"EntryPoint","urlTemplate":"https:\/\/www.fondationassistanceauxanimaux.org\/actu\/?s={search_term_string}"},"query-input":{"@type":"PropertyValueSpecification","valueRequired":true,"valueName":"search_term_string"}}],"inLanguage":"fr-FR"},{"@type":"Person","@id":"https:\/\/www.fondationassistanceauxanimaux.org\/actu\/#\/schema\/person\/71a8476d98daaea0d71a965c5603e10b","name":"No\u00e9","image":{"@type":"ImageObject","inLanguage":"fr-FR","@id":"https:\/\/www.fondationassistanceauxanimaux.org\/actu\/#\/schema\/person\/image\/","url":"https:\/\/secure.gravatar.com\/avatar\/d34cf6c6bd22b3db9c932bc580c4d1ba93c0cda7588a41b59078888ab1e5f007?s=96&d=mm&r=g","contentUrl":"https:\/\/secure.gravatar.com\/avatar\/d34cf6c6bd22b3db9c932bc580c4d1ba93c0cda7588a41b59078888ab1e5f007?s=96&d=mm&r=g","caption":"No\u00e9"},"url":"https:\/\/www.fondationassistanceauxanimaux.org\/actu\/author\/anne\/"}]}},"_links":{"self":[{"href":"https:\/\/www.fondationassistanceauxanimaux.org\/actu\/wp-json\/wp\/v2\/posts\/18896","targetHints":{"allow":["GET"]}}],"collection":[{"href":"https:\/\/www.fondationassistanceauxanimaux.org\/actu\/wp-json\/wp\/v2\/posts"}],"about":[{"href":"https:\/\/www.fondationassistanceauxanimaux.org\/actu\/wp-json\/wp\/v2\/types\/post"}],"author":[{"embeddable":true,"href":"https:\/\/www.fondationassistanceauxanimaux.org\/actu\/wp-json\/wp\/v2\/users\/3"}],"replies":[{"embeddable":true,"href":"https:\/\/www.fondationassistanceauxanimaux.org\/actu\/wp-json\/wp\/v2\/comments?post=18896"}],"version-history":[{"count":3,"href":"https:\/\/www.fondationassistanceauxanimaux.org\/actu\/wp-json\/wp\/v2\/posts\/18896\/revisions"}],"predecessor-version":[{"id":18904,"href":"https:\/\/www.fondationassistanceauxanimaux.org\/actu\/wp-json\/wp\/v2\/posts\/18896\/revisions\/18904"}],"wp:featuredmedia":[{"embeddable":true,"href":"https:\/\/www.fondationassistanceauxanimaux.org\/actu\/wp-json\/wp\/v2\/media\/18903"}],"wp:attachment":[{"href":"https:\/\/www.fondationassistanceauxanimaux.org\/actu\/wp-json\/wp\/v2\/media?parent=18896"}],"wp:term":[{"taxonomy":"category","embeddable":true,"href":"https:\/\/www.fondationassistanceauxanimaux.org\/actu\/wp-json\/wp\/v2\/categories?post=18896"},{"taxonomy":"post_tag","embeddable":true,"href":"https:\/\/www.fondationassistanceauxanimaux.org\/actu\/wp-json\/wp\/v2\/tags?post=18896"}],"curies":[{"name":"wp","href":"https:\/\/api.w.org\/{rel}","templated":true}]}}