{"id":18731,"date":"2023-09-25T06:59:18","date_gmt":"2023-09-25T04:59:18","guid":{"rendered":"https:\/\/www.fondationassistanceauxanimaux.org\/actu\/?p=18731"},"modified":"2023-09-25T06:59:18","modified_gmt":"2023-09-25T04:59:18","slug":"refuge-toulon-week-end-po","status":"publish","type":"post","link":"https:\/\/www.fondationassistanceauxanimaux.org\/actu\/refuge-toulon-week-end-po-18731\/","title":{"rendered":"Refuge de Toulon : un week-end \u00ab\u00a0Portes Ouvertes\u00a0\u00bb r\u00e9ussi !"},"content":{"rendered":"\n<p><strong>Ce week-end du 23 septembre avait lieu l&rsquo;\u00e9v\u00e9nement Portes Ouvertes du refuge Fondation Assistance aux Animaux de Toulon.<\/strong><\/p>\n\n\n\n<p><strong>Deux journ\u00e9es d\u00e9di\u00e9es aux rencontres, partages, et aux adoptions. Le refuge \u00e9tait sp\u00e9cialement ouvert de 10h \u00e0 17h sans interruption.<\/strong><\/p>\n\n\n\n<blockquote class=\"wp-block-quote is-layout-flow wp-block-quote-is-layout-flow\"><p><strong>Un grand merci aux visiteurs et \u00e0 notre \u00e9quipe de b\u00e9n\u00e9voles et salari\u00e9s pr\u00e9sents sur place !<\/strong><\/p><\/blockquote>\n\n\n\n<figure class=\"wp-block-gallery columns-3 is-cropped wp-block-gallery-1 is-layout-flex wp-block-gallery-is-layout-flex\"><ul class=\"blocks-gallery-grid\"><li class=\"blocks-gallery-item\"><figure><img loading=\"lazy\" decoding=\"async\" width=\"1024\" height=\"768\" src=\"https:\/\/www.fondationassistanceauxanimaux.org\/actu\/wp-content\/uploads\/2023\/09\/WhatsApp-Image-2023-09-24-at-13.38.43.jpeg\" alt=\"\" data-id=\"18732\" data-full-url=\"https:\/\/www.fondationassistanceauxanimaux.org\/actu\/wp-content\/uploads\/2023\/09\/WhatsApp-Image-2023-09-24-at-13.38.43.jpeg\" data-link=\"https:\/\/www.fondationassistanceauxanimaux.org\/actu\/?attachment_id=18732\" class=\"wp-image-18732\" srcset=\"https:\/\/www.fondationassistanceauxanimaux.org\/actu\/wp-content\/uploads\/2023\/09\/WhatsApp-Image-2023-09-24-at-13.38.43.jpeg 1024w, https:\/\/www.fondationassistanceauxanimaux.org\/actu\/wp-content\/uploads\/2023\/09\/WhatsApp-Image-2023-09-24-at-13.38.43-300x225.jpeg 300w, https:\/\/www.fondationassistanceauxanimaux.org\/actu\/wp-content\/uploads\/2023\/09\/WhatsApp-Image-2023-09-24-at-13.38.43-768x576.jpeg 768w, https:\/\/www.fondationassistanceauxanimaux.org\/actu\/wp-content\/uploads\/2023\/09\/WhatsApp-Image-2023-09-24-at-13.38.43-705x529.jpeg 705w\" sizes=\"auto, (max-width: 1024px) 100vw, 1024px\" \/><\/figure><\/li><li class=\"blocks-gallery-item\"><figure><img loading=\"lazy\" decoding=\"async\" width=\"1024\" height=\"768\" src=\"https:\/\/www.fondationassistanceauxanimaux.org\/actu\/wp-content\/uploads\/2023\/09\/WhatsApp-Image-2023-09-24-at-13.38.44-1.jpeg\" alt=\"\" data-id=\"18733\" data-full-url=\"https:\/\/www.fondationassistanceauxanimaux.org\/actu\/wp-content\/uploads\/2023\/09\/WhatsApp-Image-2023-09-24-at-13.38.44-1.jpeg\" data-link=\"https:\/\/www.fondationassistanceauxanimaux.org\/actu\/?attachment_id=18733\" class=\"wp-image-18733\" srcset=\"https:\/\/www.fondationassistanceauxanimaux.org\/actu\/wp-content\/uploads\/2023\/09\/WhatsApp-Image-2023-09-24-at-13.38.44-1.jpeg 1024w, https:\/\/www.fondationassistanceauxanimaux.org\/actu\/wp-content\/uploads\/2023\/09\/WhatsApp-Image-2023-09-24-at-13.38.44-1-300x225.jpeg 300w, https:\/\/www.fondationassistanceauxanimaux.org\/actu\/wp-content\/uploads\/2023\/09\/WhatsApp-Image-2023-09-24-at-13.38.44-1-768x576.jpeg 768w, https:\/\/www.fondationassistanceauxanimaux.org\/actu\/wp-content\/uploads\/2023\/09\/WhatsApp-Image-2023-09-24-at-13.38.44-1-705x529.jpeg 705w\" sizes=\"auto, (max-width: 1024px) 100vw, 1024px\" \/><\/figure><\/li><li class=\"blocks-gallery-item\"><figure><img loading=\"lazy\" decoding=\"async\" width=\"1024\" height=\"768\" src=\"https:\/\/www.fondationassistanceauxanimaux.org\/actu\/wp-content\/uploads\/2023\/09\/WhatsApp-Image-2023-09-24-at-13.38.44-2.jpeg\" alt=\"\" data-id=\"18734\" data-full-url=\"https:\/\/www.fondationassistanceauxanimaux.org\/actu\/wp-content\/uploads\/2023\/09\/WhatsApp-Image-2023-09-24-at-13.38.44-2.jpeg\" data-link=\"https:\/\/www.fondationassistanceauxanimaux.org\/actu\/?attachment_id=18734\" class=\"wp-image-18734\" srcset=\"https:\/\/www.fondationassistanceauxanimaux.org\/actu\/wp-content\/uploads\/2023\/09\/WhatsApp-Image-2023-09-24-at-13.38.44-2.jpeg 1024w, https:\/\/www.fondationassistanceauxanimaux.org\/actu\/wp-content\/uploads\/2023\/09\/WhatsApp-Image-2023-09-24-at-13.38.44-2-300x225.jpeg 300w, https:\/\/www.fondationassistanceauxanimaux.org\/actu\/wp-content\/uploads\/2023\/09\/WhatsApp-Image-2023-09-24-at-13.38.44-2-768x576.jpeg 768w, https:\/\/www.fondationassistanceauxanimaux.org\/actu\/wp-content\/uploads\/2023\/09\/WhatsApp-Image-2023-09-24-at-13.38.44-2-705x529.jpeg 705w\" sizes=\"auto, (max-width: 1024px) 100vw, 1024px\" \/><\/figure><\/li><li class=\"blocks-gallery-item\"><figure><img loading=\"lazy\" decoding=\"async\" width=\"768\" height=\"1024\" src=\"https:\/\/www.fondationassistanceauxanimaux.org\/actu\/wp-content\/uploads\/2023\/09\/WhatsApp-Image-2023-09-24-at-13.38.44-3.jpeg\" alt=\"\" data-id=\"18735\" data-full-url=\"https:\/\/www.fondationassistanceauxanimaux.org\/actu\/wp-content\/uploads\/2023\/09\/WhatsApp-Image-2023-09-24-at-13.38.44-3.jpeg\" data-link=\"https:\/\/www.fondationassistanceauxanimaux.org\/actu\/?attachment_id=18735\" class=\"wp-image-18735\" srcset=\"https:\/\/www.fondationassistanceauxanimaux.org\/actu\/wp-content\/uploads\/2023\/09\/WhatsApp-Image-2023-09-24-at-13.38.44-3.jpeg 768w, https:\/\/www.fondationassistanceauxanimaux.org\/actu\/wp-content\/uploads\/2023\/09\/WhatsApp-Image-2023-09-24-at-13.38.44-3-225x300.jpeg 225w, https:\/\/www.fondationassistanceauxanimaux.org\/actu\/wp-content\/uploads\/2023\/09\/WhatsApp-Image-2023-09-24-at-13.38.44-3-529x705.jpeg 529w\" sizes=\"auto, (max-width: 768px) 100vw, 768px\" \/><\/figure><\/li><li class=\"blocks-gallery-item\"><figure><img loading=\"lazy\" decoding=\"async\" width=\"1024\" height=\"768\" src=\"https:\/\/www.fondationassistanceauxanimaux.org\/actu\/wp-content\/uploads\/2023\/09\/WhatsApp-Image-2023-09-24-at-13.38.45-1.jpeg\" alt=\"\" data-id=\"18737\" data-full-url=\"https:\/\/www.fondationassistanceauxanimaux.org\/actu\/wp-content\/uploads\/2023\/09\/WhatsApp-Image-2023-09-24-at-13.38.45-1.jpeg\" data-link=\"https:\/\/www.fondationassistanceauxanimaux.org\/actu\/?attachment_id=18737\" class=\"wp-image-18737\" srcset=\"https:\/\/www.fondationassistanceauxanimaux.org\/actu\/wp-content\/uploads\/2023\/09\/WhatsApp-Image-2023-09-24-at-13.38.45-1.jpeg 1024w, https:\/\/www.fondationassistanceauxanimaux.org\/actu\/wp-content\/uploads\/2023\/09\/WhatsApp-Image-2023-09-24-at-13.38.45-1-300x225.jpeg 300w, https:\/\/www.fondationassistanceauxanimaux.org\/actu\/wp-content\/uploads\/2023\/09\/WhatsApp-Image-2023-09-24-at-13.38.45-1-768x576.jpeg 768w, https:\/\/www.fondationassistanceauxanimaux.org\/actu\/wp-content\/uploads\/2023\/09\/WhatsApp-Image-2023-09-24-at-13.38.45-1-705x529.jpeg 705w\" sizes=\"auto, (max-width: 1024px) 100vw, 1024px\" \/><\/figure><\/li><li class=\"blocks-gallery-item\"><figure><img loading=\"lazy\" decoding=\"async\" width=\"1024\" height=\"768\" src=\"https:\/\/www.fondationassistanceauxanimaux.org\/actu\/wp-content\/uploads\/2023\/09\/WhatsApp-Image-2023-09-24-at-13.38.45.jpeg\" alt=\"\" data-id=\"18738\" data-full-url=\"https:\/\/www.fondationassistanceauxanimaux.org\/actu\/wp-content\/uploads\/2023\/09\/WhatsApp-Image-2023-09-24-at-13.38.45.jpeg\" data-link=\"https:\/\/www.fondationassistanceauxanimaux.org\/actu\/?attachment_id=18738\" class=\"wp-image-18738\" srcset=\"https:\/\/www.fondationassistanceauxanimaux.org\/actu\/wp-content\/uploads\/2023\/09\/WhatsApp-Image-2023-09-24-at-13.38.45.jpeg 1024w, https:\/\/www.fondationassistanceauxanimaux.org\/actu\/wp-content\/uploads\/2023\/09\/WhatsApp-Image-2023-09-24-at-13.38.45-300x225.jpeg 300w, https:\/\/www.fondationassistanceauxanimaux.org\/actu\/wp-content\/uploads\/2023\/09\/WhatsApp-Image-2023-09-24-at-13.38.45-768x576.jpeg 768w, https:\/\/www.fondationassistanceauxanimaux.org\/actu\/wp-content\/uploads\/2023\/09\/WhatsApp-Image-2023-09-24-at-13.38.45-705x529.jpeg 705w\" sizes=\"auto, (max-width: 1024px) 100vw, 1024px\" \/><\/figure><\/li><\/ul><\/figure>\n","protected":false},"excerpt":{"rendered":"<p>Ce week-end du 23 septembre avait lieu l&rsquo;\u00e9v\u00e9nement Portes Ouvertes du refuge Fondation Assistance aux Animaux de Toulon. Deux journ\u00e9es d\u00e9di\u00e9es aux rencontres, partages, et aux adoptions. Le refuge \u00e9tait sp\u00e9cialement ouvert de 10h \u00e0 17h sans interruption. Un grand merci aux visiteurs et \u00e0 notre \u00e9quipe de b\u00e9n\u00e9voles et salari\u00e9s pr\u00e9sents sur place !<\/p>\n","protected":false},"author":3,"featured_media":18736,"comment_status":"closed","ping_status":"closed","sticky":false,"template":"","format":"standard","meta":{"footnotes":""},"categories":[21],"tags":[],"class_list":["post-18731","post","type-post","status-publish","format-standard","has-post-thumbnail","hentry","category-fondation-assistance-aux-animaux"],"yoast_head":"<!-- This site is optimized with the Yoast SEO plugin v24.5 - https:\/\/yoast.com\/wordpress\/plugins\/seo\/ -->\n<title>Refuge de Toulon : un week-end &quot;Portes Ouvertes&quot; r\u00e9ussi ! - Fondation Assistance aux Animaux - Actualit\u00e9s<\/title>\n<meta name=\"robots\" content=\"index, follow, max-snippet:-1, max-image-preview:large, max-video-preview:-1\" \/>\n<link rel=\"canonical\" href=\"https:\/\/www.fondationassistanceauxanimaux.org\/actu\/refuge-toulon-week-end-po-18731\/\" \/>\n<meta property=\"og:locale\" content=\"fr_FR\" \/>\n<meta property=\"og:type\" content=\"article\" \/>\n<meta property=\"og:title\" content=\"Refuge de Toulon : un week-end &quot;Portes Ouvertes&quot; r\u00e9ussi ! - Fondation Assistance aux Animaux - Actualit\u00e9s\" \/>\n<meta property=\"og:description\" content=\"Ce week-end du 23 septembre avait lieu l&rsquo;\u00e9v\u00e9nement Portes Ouvertes du refuge Fondation Assistance aux Animaux de Toulon. Deux journ\u00e9es d\u00e9di\u00e9es aux rencontres, partages, et aux adoptions. Le refuge \u00e9tait sp\u00e9cialement ouvert de 10h \u00e0 17h sans interruption. Un grand merci aux visiteurs et \u00e0 notre \u00e9quipe de b\u00e9n\u00e9voles et salari\u00e9s pr\u00e9sents sur place !\" \/>\n<meta property=\"og:url\" content=\"https:\/\/www.fondationassistanceauxanimaux.org\/actu\/refuge-toulon-week-end-po-18731\/\" \/>\n<meta property=\"og:site_name\" content=\"Fondation Assistance aux Animaux - Actualit\u00e9s\" \/>\n<meta property=\"article:published_time\" content=\"2023-09-25T04:59:18+00:00\" \/>\n<meta property=\"og:image\" content=\"https:\/\/www.fondationassistanceauxanimaux.org\/actu\/wp-content\/uploads\/2023\/09\/WhatsApp-Image-2023-09-24-at-13.38.44.jpeg\" \/>\n\t<meta property=\"og:image:width\" content=\"1024\" \/>\n\t<meta property=\"og:image:height\" content=\"768\" \/>\n\t<meta property=\"og:image:type\" content=\"image\/jpeg\" \/>\n<meta name=\"author\" content=\"No\u00e9\" \/>\n<meta name=\"twitter:card\" content=\"summary_large_image\" \/>\n<meta name=\"twitter:label1\" content=\"\u00c9crit par\" \/>\n\t<meta name=\"twitter:data1\" content=\"No\u00e9\" \/>\n<script type=\"application\/ld+json\" class=\"yoast-schema-graph\">{\"@context\":\"https:\/\/schema.org\",\"@graph\":[{\"@type\":\"WebPage\",\"@id\":\"https:\/\/www.fondationassistanceauxanimaux.org\/actu\/refuge-toulon-week-end-po-18731\/\",\"url\":\"https:\/\/www.fondationassistanceauxanimaux.org\/actu\/refuge-toulon-week-end-po-18731\/\",\"name\":\"Refuge de Toulon : un week-end \\\"Portes Ouvertes\\\" r\u00e9ussi ! - Fondation Assistance aux Animaux - Actualit\u00e9s\",\"isPartOf\":{\"@id\":\"https:\/\/www.fondationassistanceauxanimaux.org\/actu\/#website\"},\"primaryImageOfPage\":{\"@id\":\"https:\/\/www.fondationassistanceauxanimaux.org\/actu\/refuge-toulon-week-end-po-18731\/#primaryimage\"},\"image\":{\"@id\":\"https:\/\/www.fondationassistanceauxanimaux.org\/actu\/refuge-toulon-week-end-po-18731\/#primaryimage\"},\"thumbnailUrl\":\"https:\/\/www.fondationassistanceauxanimaux.org\/actu\/wp-content\/uploads\/2023\/09\/WhatsApp-Image-2023-09-24-at-13.38.44.jpeg\",\"datePublished\":\"2023-09-25T04:59:18+00:00\",\"author\":{\"@id\":\"https:\/\/www.fondationassistanceauxanimaux.org\/actu\/#\/schema\/person\/71a8476d98daaea0d71a965c5603e10b\"},\"breadcrumb\":{\"@id\":\"https:\/\/www.fondationassistanceauxanimaux.org\/actu\/refuge-toulon-week-end-po-18731\/#breadcrumb\"},\"inLanguage\":\"fr-FR\",\"potentialAction\":[{\"@type\":\"ReadAction\",\"target\":[\"https:\/\/www.fondationassistanceauxanimaux.org\/actu\/refuge-toulon-week-end-po-18731\/\"]}]},{\"@type\":\"ImageObject\",\"inLanguage\":\"fr-FR\",\"@id\":\"https:\/\/www.fondationassistanceauxanimaux.org\/actu\/refuge-toulon-week-end-po-18731\/#primaryimage\",\"url\":\"https:\/\/www.fondationassistanceauxanimaux.org\/actu\/wp-content\/uploads\/2023\/09\/WhatsApp-Image-2023-09-24-at-13.38.44.jpeg\",\"contentUrl\":\"https:\/\/www.fondationassistanceauxanimaux.org\/actu\/wp-content\/uploads\/2023\/09\/WhatsApp-Image-2023-09-24-at-13.38.44.jpeg\",\"width\":1024,\"height\":768},{\"@type\":\"BreadcrumbList\",\"@id\":\"https:\/\/www.fondationassistanceauxanimaux.org\/actu\/refuge-toulon-week-end-po-18731\/#breadcrumb\",\"itemListElement\":[{\"@type\":\"ListItem\",\"position\":1,\"name\":\"Accueil\",\"item\":\"https:\/\/www.fondationassistanceauxanimaux.org\/actu\/\"},{\"@type\":\"ListItem\",\"position\":2,\"name\":\"Refuge de Toulon : un week-end \u00ab\u00a0Portes Ouvertes\u00a0\u00bb r\u00e9ussi !\"}]},{\"@type\":\"WebSite\",\"@id\":\"https:\/\/www.fondationassistanceauxanimaux.org\/actu\/#website\",\"url\":\"https:\/\/www.fondationassistanceauxanimaux.org\/actu\/\",\"name\":\"Fondation Assistance aux Animaux - Actualit\u00e9s\",\"description\":\"Depuis 1930 la Fondation Assistance aux Animaux pour la d\u00e9fense et la protection des animaux maltrait\u00e9s et abandonn\u00e9s\",\"potentialAction\":[{\"@type\":\"SearchAction\",\"target\":{\"@type\":\"EntryPoint\",\"urlTemplate\":\"https:\/\/www.fondationassistanceauxanimaux.org\/actu\/?s={search_term_string}\"},\"query-input\":{\"@type\":\"PropertyValueSpecification\",\"valueRequired\":true,\"valueName\":\"search_term_string\"}}],\"inLanguage\":\"fr-FR\"},{\"@type\":\"Person\",\"@id\":\"https:\/\/www.fondationassistanceauxanimaux.org\/actu\/#\/schema\/person\/71a8476d98daaea0d71a965c5603e10b\",\"name\":\"No\u00e9\",\"image\":{\"@type\":\"ImageObject\",\"inLanguage\":\"fr-FR\",\"@id\":\"https:\/\/www.fondationassistanceauxanimaux.org\/actu\/#\/schema\/person\/image\/\",\"url\":\"https:\/\/secure.gravatar.com\/avatar\/d34cf6c6bd22b3db9c932bc580c4d1ba93c0cda7588a41b59078888ab1e5f007?s=96&d=mm&r=g\",\"contentUrl\":\"https:\/\/secure.gravatar.com\/avatar\/d34cf6c6bd22b3db9c932bc580c4d1ba93c0cda7588a41b59078888ab1e5f007?s=96&d=mm&r=g\",\"caption\":\"No\u00e9\"},\"url\":\"https:\/\/www.fondationassistanceauxanimaux.org\/actu\/author\/anne\/\"}]}<\/script>\n<!-- \/ Yoast SEO plugin. -->","yoast_head_json":{"title":"Refuge de Toulon : un week-end \"Portes Ouvertes\" r\u00e9ussi ! - Fondation Assistance aux Animaux - Actualit\u00e9s","robots":{"index":"index","follow":"follow","max-snippet":"max-snippet:-1","max-image-preview":"max-image-preview:large","max-video-preview":"max-video-preview:-1"},"canonical":"https:\/\/www.fondationassistanceauxanimaux.org\/actu\/refuge-toulon-week-end-po-18731\/","og_locale":"fr_FR","og_type":"article","og_title":"Refuge de Toulon : un week-end \"Portes Ouvertes\" r\u00e9ussi ! - Fondation Assistance aux Animaux - Actualit\u00e9s","og_description":"Ce week-end du 23 septembre avait lieu l&rsquo;\u00e9v\u00e9nement Portes Ouvertes du refuge Fondation Assistance aux Animaux de Toulon. Deux journ\u00e9es d\u00e9di\u00e9es aux rencontres, partages, et aux adoptions. Le refuge \u00e9tait sp\u00e9cialement ouvert de 10h \u00e0 17h sans interruption. Un grand merci aux visiteurs et \u00e0 notre \u00e9quipe de b\u00e9n\u00e9voles et salari\u00e9s pr\u00e9sents sur place !","og_url":"https:\/\/www.fondationassistanceauxanimaux.org\/actu\/refuge-toulon-week-end-po-18731\/","og_site_name":"Fondation Assistance aux Animaux - Actualit\u00e9s","article_published_time":"2023-09-25T04:59:18+00:00","og_image":[{"width":1024,"height":768,"url":"https:\/\/www.fondationassistanceauxanimaux.org\/actu\/wp-content\/uploads\/2023\/09\/WhatsApp-Image-2023-09-24-at-13.38.44.jpeg","type":"image\/jpeg"}],"author":"No\u00e9","twitter_card":"summary_large_image","twitter_misc":{"\u00c9crit par":"No\u00e9"},"schema":{"@context":"https:\/\/schema.org","@graph":[{"@type":"WebPage","@id":"https:\/\/www.fondationassistanceauxanimaux.org\/actu\/refuge-toulon-week-end-po-18731\/","url":"https:\/\/www.fondationassistanceauxanimaux.org\/actu\/refuge-toulon-week-end-po-18731\/","name":"Refuge de Toulon : un week-end \"Portes Ouvertes\" r\u00e9ussi ! - Fondation Assistance aux Animaux - Actualit\u00e9s","isPartOf":{"@id":"https:\/\/www.fondationassistanceauxanimaux.org\/actu\/#website"},"primaryImageOfPage":{"@id":"https:\/\/www.fondationassistanceauxanimaux.org\/actu\/refuge-toulon-week-end-po-18731\/#primaryimage"},"image":{"@id":"https:\/\/www.fondationassistanceauxanimaux.org\/actu\/refuge-toulon-week-end-po-18731\/#primaryimage"},"thumbnailUrl":"https:\/\/www.fondationassistanceauxanimaux.org\/actu\/wp-content\/uploads\/2023\/09\/WhatsApp-Image-2023-09-24-at-13.38.44.jpeg","datePublished":"2023-09-25T04:59:18+00:00","author":{"@id":"https:\/\/www.fondationassistanceauxanimaux.org\/actu\/#\/schema\/person\/71a8476d98daaea0d71a965c5603e10b"},"breadcrumb":{"@id":"https:\/\/www.fondationassistanceauxanimaux.org\/actu\/refuge-toulon-week-end-po-18731\/#breadcrumb"},"inLanguage":"fr-FR","potentialAction":[{"@type":"ReadAction","target":["https:\/\/www.fondationassistanceauxanimaux.org\/actu\/refuge-toulon-week-end-po-18731\/"]}]},{"@type":"ImageObject","inLanguage":"fr-FR","@id":"https:\/\/www.fondationassistanceauxanimaux.org\/actu\/refuge-toulon-week-end-po-18731\/#primaryimage","url":"https:\/\/www.fondationassistanceauxanimaux.org\/actu\/wp-content\/uploads\/2023\/09\/WhatsApp-Image-2023-09-24-at-13.38.44.jpeg","contentUrl":"https:\/\/www.fondationassistanceauxanimaux.org\/actu\/wp-content\/uploads\/2023\/09\/WhatsApp-Image-2023-09-24-at-13.38.44.jpeg","width":1024,"height":768},{"@type":"BreadcrumbList","@id":"https:\/\/www.fondationassistanceauxanimaux.org\/actu\/refuge-toulon-week-end-po-18731\/#breadcrumb","itemListElement":[{"@type":"ListItem","position":1,"name":"Accueil","item":"https:\/\/www.fondationassistanceauxanimaux.org\/actu\/"},{"@type":"ListItem","position":2,"name":"Refuge de Toulon : un week-end \u00ab\u00a0Portes Ouvertes\u00a0\u00bb r\u00e9ussi !"}]},{"@type":"WebSite","@id":"https:\/\/www.fondationassistanceauxanimaux.org\/actu\/#website","url":"https:\/\/www.fondationassistanceauxanimaux.org\/actu\/","name":"Fondation Assistance aux Animaux - Actualit\u00e9s","description":"Depuis 1930 la Fondation Assistance aux Animaux pour la d\u00e9fense et la protection des animaux maltrait\u00e9s et abandonn\u00e9s","potentialAction":[{"@type":"SearchAction","target":{"@type":"EntryPoint","urlTemplate":"https:\/\/www.fondationassistanceauxanimaux.org\/actu\/?s={search_term_string}"},"query-input":{"@type":"PropertyValueSpecification","valueRequired":true,"valueName":"search_term_string"}}],"inLanguage":"fr-FR"},{"@type":"Person","@id":"https:\/\/www.fondationassistanceauxanimaux.org\/actu\/#\/schema\/person\/71a8476d98daaea0d71a965c5603e10b","name":"No\u00e9","image":{"@type":"ImageObject","inLanguage":"fr-FR","@id":"https:\/\/www.fondationassistanceauxanimaux.org\/actu\/#\/schema\/person\/image\/","url":"https:\/\/secure.gravatar.com\/avatar\/d34cf6c6bd22b3db9c932bc580c4d1ba93c0cda7588a41b59078888ab1e5f007?s=96&d=mm&r=g","contentUrl":"https:\/\/secure.gravatar.com\/avatar\/d34cf6c6bd22b3db9c932bc580c4d1ba93c0cda7588a41b59078888ab1e5f007?s=96&d=mm&r=g","caption":"No\u00e9"},"url":"https:\/\/www.fondationassistanceauxanimaux.org\/actu\/author\/anne\/"}]}},"_links":{"self":[{"href":"https:\/\/www.fondationassistanceauxanimaux.org\/actu\/wp-json\/wp\/v2\/posts\/18731","targetHints":{"allow":["GET"]}}],"collection":[{"href":"https:\/\/www.fondationassistanceauxanimaux.org\/actu\/wp-json\/wp\/v2\/posts"}],"about":[{"href":"https:\/\/www.fondationassistanceauxanimaux.org\/actu\/wp-json\/wp\/v2\/types\/post"}],"author":[{"embeddable":true,"href":"https:\/\/www.fondationassistanceauxanimaux.org\/actu\/wp-json\/wp\/v2\/users\/3"}],"replies":[{"embeddable":true,"href":"https:\/\/www.fondationassistanceauxanimaux.org\/actu\/wp-json\/wp\/v2\/comments?post=18731"}],"version-history":[{"count":2,"href":"https:\/\/www.fondationassistanceauxanimaux.org\/actu\/wp-json\/wp\/v2\/posts\/18731\/revisions"}],"predecessor-version":[{"id":18740,"href":"https:\/\/www.fondationassistanceauxanimaux.org\/actu\/wp-json\/wp\/v2\/posts\/18731\/revisions\/18740"}],"wp:featuredmedia":[{"embeddable":true,"href":"https:\/\/www.fondationassistanceauxanimaux.org\/actu\/wp-json\/wp\/v2\/media\/18736"}],"wp:attachment":[{"href":"https:\/\/www.fondationassistanceauxanimaux.org\/actu\/wp-json\/wp\/v2\/media?parent=18731"}],"wp:term":[{"taxonomy":"category","embeddable":true,"href":"https:\/\/www.fondationassistanceauxanimaux.org\/actu\/wp-json\/wp\/v2\/categories?post=18731"},{"taxonomy":"post_tag","embeddable":true,"href":"https:\/\/www.fondationassistanceauxanimaux.org\/actu\/wp-json\/wp\/v2\/tags?post=18731"}],"curies":[{"name":"wp","href":"https:\/\/api.w.org\/{rel}","templated":true}]}}