{"id":18713,"date":"2023-09-26T18:01:28","date_gmt":"2023-09-26T16:01:28","guid":{"rendered":"https:\/\/www.fondationassistanceauxanimaux.org\/actu\/?p=18713"},"modified":"2023-09-26T18:01:29","modified_gmt":"2023-09-26T16:01:29","slug":"titou-adopt-carros-refuge","status":"publish","type":"post","link":"https:\/\/www.fondationassistanceauxanimaux.org\/actu\/titou-adopt-carros-refuge-18713\/","title":{"rendered":"Titou, 12 mois, a \u00e9t\u00e9 saisi pour mauvais traitements"},"content":{"rendered":"\n<p><strong>Il s&rsquo;appelle Titou, il a m\u00eame pas 18 mois (il a f\u00eat\u00e9 ses 1 an fin avril dernier).<\/strong><\/p>\n\n\n\n<p><strong>Saisi par la Fondation Assistance aux Animaux pour mauvais traitements, Titou n&rsquo;a pas bien d\u00e9marr\u00e9 dans la vie. Il a \u00e9t\u00e9 accueilli au refuge de Carros (Alpes-Maritimes) o\u00f9 il a \u00e9t\u00e9 rassur\u00e9<\/strong> <strong>par nos animaliers.<\/strong><\/p>\n\n\n\n<div class=\"wp-block-image\"><figure class=\"aligncenter is-resized\"><img loading=\"lazy\" decoding=\"async\" src=\"https:\/\/www.fondationassistanceauxanimaux.org\/actu\/wp-content\/uploads\/2023\/09\/WhatsApp-Image-2023-09-19-at-16.42.22-773x1030.jpeg\" alt=\"\" class=\"wp-image-18714\" width=\"457\" height=\"609\" srcset=\"https:\/\/www.fondationassistanceauxanimaux.org\/actu\/wp-content\/uploads\/2023\/09\/WhatsApp-Image-2023-09-19-at-16.42.22-773x1030.jpeg 773w, https:\/\/www.fondationassistanceauxanimaux.org\/actu\/wp-content\/uploads\/2023\/09\/WhatsApp-Image-2023-09-19-at-16.42.22-225x300.jpeg 225w, https:\/\/www.fondationassistanceauxanimaux.org\/actu\/wp-content\/uploads\/2023\/09\/WhatsApp-Image-2023-09-19-at-16.42.22-768x1024.jpeg 768w, https:\/\/www.fondationassistanceauxanimaux.org\/actu\/wp-content\/uploads\/2023\/09\/WhatsApp-Image-2023-09-19-at-16.42.22-1152x1536.jpeg 1152w, https:\/\/www.fondationassistanceauxanimaux.org\/actu\/wp-content\/uploads\/2023\/09\/WhatsApp-Image-2023-09-19-at-16.42.22-1125x1500.jpeg 1125w, https:\/\/www.fondationassistanceauxanimaux.org\/actu\/wp-content\/uploads\/2023\/09\/WhatsApp-Image-2023-09-19-at-16.42.22-529x705.jpeg 529w, https:\/\/www.fondationassistanceauxanimaux.org\/actu\/wp-content\/uploads\/2023\/09\/WhatsApp-Image-2023-09-19-at-16.42.22.jpeg 1200w\" sizes=\"auto, (max-width: 457px) 100vw, 457px\" \/><\/figure><\/div>\n\n\n\n<blockquote class=\"wp-block-quote is-layout-flow wp-block-quote-is-layout-flow\"><p><strong>Titou, tout jeune, a tout \u00e0 apprendre. C&rsquo;est un chiot dans un corps d&rsquo;adulte. Nous recherchons une famille (de pr\u00e9f\u00e9rence sans enfants) car Titou est tellement dynamique qu&rsquo;il peut \u00eatre parfois un peu brusque.<\/strong><\/p><p><strong>Il a besoin de pr\u00e9sence et d&rsquo;un maitre qui prendra du temps pour l&rsquo;\u00e9duquer et qu&rsquo;il se d\u00e9pense.<\/strong><\/p><\/blockquote>\n\n\n\n<blockquote class=\"wp-block-quote is-layout-flow wp-block-quote-is-layout-flow\"><p><strong>Nous vous invitons \u00e0 venir le rencontrer au refuge de Carros<\/strong>.<\/p><p><strong>Le refuge vous accueille tous les jours, de 14h \u00e0 17h.<\/strong><\/p><\/blockquote>\n\n\n\n<figure class=\"wp-block-gallery columns-3 is-cropped wp-block-gallery-1 is-layout-flex wp-block-gallery-is-layout-flex\"><ul class=\"blocks-gallery-grid\"><li class=\"blocks-gallery-item\"><figure><img loading=\"lazy\" decoding=\"async\" width=\"773\" height=\"1030\" src=\"https:\/\/www.fondationassistanceauxanimaux.org\/actu\/wp-content\/uploads\/2023\/09\/WhatsApp-Image-2023-09-20-at-12.24.55-1-773x1030.jpeg\" alt=\"\" data-id=\"18716\" data-full-url=\"https:\/\/www.fondationassistanceauxanimaux.org\/actu\/wp-content\/uploads\/2023\/09\/WhatsApp-Image-2023-09-20-at-12.24.55-1.jpeg\" data-link=\"https:\/\/www.fondationassistanceauxanimaux.org\/actu\/?attachment_id=18716\" class=\"wp-image-18716\" srcset=\"https:\/\/www.fondationassistanceauxanimaux.org\/actu\/wp-content\/uploads\/2023\/09\/WhatsApp-Image-2023-09-20-at-12.24.55-1-773x1030.jpeg 773w, https:\/\/www.fondationassistanceauxanimaux.org\/actu\/wp-content\/uploads\/2023\/09\/WhatsApp-Image-2023-09-20-at-12.24.55-1-225x300.jpeg 225w, https:\/\/www.fondationassistanceauxanimaux.org\/actu\/wp-content\/uploads\/2023\/09\/WhatsApp-Image-2023-09-20-at-12.24.55-1-768x1024.jpeg 768w, https:\/\/www.fondationassistanceauxanimaux.org\/actu\/wp-content\/uploads\/2023\/09\/WhatsApp-Image-2023-09-20-at-12.24.55-1-1152x1536.jpeg 1152w, https:\/\/www.fondationassistanceauxanimaux.org\/actu\/wp-content\/uploads\/2023\/09\/WhatsApp-Image-2023-09-20-at-12.24.55-1-1125x1500.jpeg 1125w, https:\/\/www.fondationassistanceauxanimaux.org\/actu\/wp-content\/uploads\/2023\/09\/WhatsApp-Image-2023-09-20-at-12.24.55-1-529x705.jpeg 529w, https:\/\/www.fondationassistanceauxanimaux.org\/actu\/wp-content\/uploads\/2023\/09\/WhatsApp-Image-2023-09-20-at-12.24.55-1.jpeg 1200w\" sizes=\"auto, (max-width: 773px) 100vw, 773px\" \/><\/figure><\/li><li class=\"blocks-gallery-item\"><figure><img loading=\"lazy\" decoding=\"async\" width=\"773\" height=\"1030\" src=\"https:\/\/www.fondationassistanceauxanimaux.org\/actu\/wp-content\/uploads\/2023\/09\/WhatsApp-Image-2023-09-20-at-12.24.55-773x1030.jpeg\" alt=\"\" data-id=\"18717\" data-full-url=\"https:\/\/www.fondationassistanceauxanimaux.org\/actu\/wp-content\/uploads\/2023\/09\/WhatsApp-Image-2023-09-20-at-12.24.55.jpeg\" data-link=\"https:\/\/www.fondationassistanceauxanimaux.org\/actu\/?attachment_id=18717\" class=\"wp-image-18717\" srcset=\"https:\/\/www.fondationassistanceauxanimaux.org\/actu\/wp-content\/uploads\/2023\/09\/WhatsApp-Image-2023-09-20-at-12.24.55-773x1030.jpeg 773w, https:\/\/www.fondationassistanceauxanimaux.org\/actu\/wp-content\/uploads\/2023\/09\/WhatsApp-Image-2023-09-20-at-12.24.55-225x300.jpeg 225w, https:\/\/www.fondationassistanceauxanimaux.org\/actu\/wp-content\/uploads\/2023\/09\/WhatsApp-Image-2023-09-20-at-12.24.55-768x1024.jpeg 768w, https:\/\/www.fondationassistanceauxanimaux.org\/actu\/wp-content\/uploads\/2023\/09\/WhatsApp-Image-2023-09-20-at-12.24.55-1152x1536.jpeg 1152w, https:\/\/www.fondationassistanceauxanimaux.org\/actu\/wp-content\/uploads\/2023\/09\/WhatsApp-Image-2023-09-20-at-12.24.55-1125x1500.jpeg 1125w, https:\/\/www.fondationassistanceauxanimaux.org\/actu\/wp-content\/uploads\/2023\/09\/WhatsApp-Image-2023-09-20-at-12.24.55-529x705.jpeg 529w, https:\/\/www.fondationassistanceauxanimaux.org\/actu\/wp-content\/uploads\/2023\/09\/WhatsApp-Image-2023-09-20-at-12.24.55.jpeg 1200w\" sizes=\"auto, (max-width: 773px) 100vw, 773px\" \/><\/figure><\/li><li class=\"blocks-gallery-item\"><figure><img loading=\"lazy\" decoding=\"async\" width=\"773\" height=\"1030\" src=\"https:\/\/www.fondationassistanceauxanimaux.org\/actu\/wp-content\/uploads\/2023\/09\/WhatsApp-Image-2023-09-20-at-12.24.57-773x1030.jpeg\" alt=\"\" data-id=\"18719\" data-full-url=\"https:\/\/www.fondationassistanceauxanimaux.org\/actu\/wp-content\/uploads\/2023\/09\/WhatsApp-Image-2023-09-20-at-12.24.57.jpeg\" data-link=\"https:\/\/www.fondationassistanceauxanimaux.org\/actu\/?attachment_id=18719\" class=\"wp-image-18719\" srcset=\"https:\/\/www.fondationassistanceauxanimaux.org\/actu\/wp-content\/uploads\/2023\/09\/WhatsApp-Image-2023-09-20-at-12.24.57-773x1030.jpeg 773w, https:\/\/www.fondationassistanceauxanimaux.org\/actu\/wp-content\/uploads\/2023\/09\/WhatsApp-Image-2023-09-20-at-12.24.57-225x300.jpeg 225w, https:\/\/www.fondationassistanceauxanimaux.org\/actu\/wp-content\/uploads\/2023\/09\/WhatsApp-Image-2023-09-20-at-12.24.57-768x1024.jpeg 768w, https:\/\/www.fondationassistanceauxanimaux.org\/actu\/wp-content\/uploads\/2023\/09\/WhatsApp-Image-2023-09-20-at-12.24.57-1152x1536.jpeg 1152w, https:\/\/www.fondationassistanceauxanimaux.org\/actu\/wp-content\/uploads\/2023\/09\/WhatsApp-Image-2023-09-20-at-12.24.57-1125x1500.jpeg 1125w, https:\/\/www.fondationassistanceauxanimaux.org\/actu\/wp-content\/uploads\/2023\/09\/WhatsApp-Image-2023-09-20-at-12.24.57-529x705.jpeg 529w, https:\/\/www.fondationassistanceauxanimaux.org\/actu\/wp-content\/uploads\/2023\/09\/WhatsApp-Image-2023-09-20-at-12.24.57.jpeg 1200w\" sizes=\"auto, (max-width: 773px) 100vw, 773px\" \/><\/figure><\/li><\/ul><\/figure>\n\n\n\n<h2 class=\"wp-block-heading\"><strong>Adresse<\/strong><\/h2>\n\n\n\n<p><strong>ZI Carros<\/strong><br><strong>Quartier Lou Gabaire 13\u00e9me Rue<br>5\u00e9me Avenue<br>06510 Carros<\/strong><\/p>\n","protected":false},"excerpt":{"rendered":"<p>Il s&rsquo;appelle Titou, il a m\u00eame pas 18 mois (il a f\u00eat\u00e9 ses 1 an fin avril dernier). Saisi par la Fondation Assistance aux Animaux pour mauvais traitements, Titou n&rsquo;a pas bien d\u00e9marr\u00e9 dans la vie. Il a \u00e9t\u00e9 accueilli au refuge de Carros (Alpes-Maritimes) o\u00f9 il a \u00e9t\u00e9 rassur\u00e9 par nos animaliers. Titou, tout [&hellip;]<\/p>\n","protected":false},"author":3,"featured_media":18741,"comment_status":"closed","ping_status":"closed","sticky":false,"template":"","format":"standard","meta":{"footnotes":""},"categories":[21],"tags":[],"class_list":["post-18713","post","type-post","status-publish","format-standard","has-post-thumbnail","hentry","category-fondation-assistance-aux-animaux"],"yoast_head":"<!-- This site is optimized with the Yoast SEO plugin v24.5 - https:\/\/yoast.com\/wordpress\/plugins\/seo\/ -->\n<title>Titou, 12 mois, a \u00e9t\u00e9 saisi pour mauvais traitements - Fondation Assistance aux Animaux - Actualit\u00e9s<\/title>\n<meta name=\"robots\" content=\"index, follow, max-snippet:-1, max-image-preview:large, max-video-preview:-1\" \/>\n<link rel=\"canonical\" href=\"https:\/\/www.fondationassistanceauxanimaux.org\/actu\/titou-adopt-carros-refuge-18713\/\" \/>\n<meta property=\"og:locale\" content=\"fr_FR\" \/>\n<meta property=\"og:type\" content=\"article\" \/>\n<meta property=\"og:title\" content=\"Titou, 12 mois, a \u00e9t\u00e9 saisi pour mauvais traitements - Fondation Assistance aux Animaux - Actualit\u00e9s\" \/>\n<meta property=\"og:description\" content=\"Il s&rsquo;appelle Titou, il a m\u00eame pas 18 mois (il a f\u00eat\u00e9 ses 1 an fin avril dernier). Saisi par la Fondation Assistance aux Animaux pour mauvais traitements, Titou n&rsquo;a pas bien d\u00e9marr\u00e9 dans la vie. Il a \u00e9t\u00e9 accueilli au refuge de Carros (Alpes-Maritimes) o\u00f9 il a \u00e9t\u00e9 rassur\u00e9 par nos animaliers. Titou, tout [&hellip;]\" \/>\n<meta property=\"og:url\" content=\"https:\/\/www.fondationassistanceauxanimaux.org\/actu\/titou-adopt-carros-refuge-18713\/\" \/>\n<meta property=\"og:site_name\" content=\"Fondation Assistance aux Animaux - Actualit\u00e9s\" \/>\n<meta property=\"article:published_time\" content=\"2023-09-26T16:01:28+00:00\" \/>\n<meta property=\"article:modified_time\" content=\"2023-09-26T16:01:29+00:00\" \/>\n<meta property=\"og:image\" content=\"https:\/\/www.fondationassistanceauxanimaux.org\/actu\/wp-content\/uploads\/2023\/09\/tito.png\" \/>\n\t<meta property=\"og:image:width\" content=\"910\" \/>\n\t<meta property=\"og:image:height\" content=\"910\" \/>\n\t<meta property=\"og:image:type\" content=\"image\/png\" \/>\n<meta name=\"author\" content=\"No\u00e9\" \/>\n<meta name=\"twitter:card\" content=\"summary_large_image\" \/>\n<meta name=\"twitter:label1\" content=\"\u00c9crit par\" \/>\n\t<meta name=\"twitter:data1\" content=\"No\u00e9\" \/>\n\t<meta name=\"twitter:label2\" content=\"Dur\u00e9e de lecture estim\u00e9e\" \/>\n\t<meta name=\"twitter:data2\" content=\"1 minute\" \/>\n<script type=\"application\/ld+json\" class=\"yoast-schema-graph\">{\"@context\":\"https:\/\/schema.org\",\"@graph\":[{\"@type\":\"WebPage\",\"@id\":\"https:\/\/www.fondationassistanceauxanimaux.org\/actu\/titou-adopt-carros-refuge-18713\/\",\"url\":\"https:\/\/www.fondationassistanceauxanimaux.org\/actu\/titou-adopt-carros-refuge-18713\/\",\"name\":\"Titou, 12 mois, a \u00e9t\u00e9 saisi pour mauvais traitements - Fondation Assistance aux Animaux - Actualit\u00e9s\",\"isPartOf\":{\"@id\":\"https:\/\/www.fondationassistanceauxanimaux.org\/actu\/#website\"},\"primaryImageOfPage\":{\"@id\":\"https:\/\/www.fondationassistanceauxanimaux.org\/actu\/titou-adopt-carros-refuge-18713\/#primaryimage\"},\"image\":{\"@id\":\"https:\/\/www.fondationassistanceauxanimaux.org\/actu\/titou-adopt-carros-refuge-18713\/#primaryimage\"},\"thumbnailUrl\":\"https:\/\/www.fondationassistanceauxanimaux.org\/actu\/wp-content\/uploads\/2023\/09\/tito.png\",\"datePublished\":\"2023-09-26T16:01:28+00:00\",\"dateModified\":\"2023-09-26T16:01:29+00:00\",\"author\":{\"@id\":\"https:\/\/www.fondationassistanceauxanimaux.org\/actu\/#\/schema\/person\/71a8476d98daaea0d71a965c5603e10b\"},\"breadcrumb\":{\"@id\":\"https:\/\/www.fondationassistanceauxanimaux.org\/actu\/titou-adopt-carros-refuge-18713\/#breadcrumb\"},\"inLanguage\":\"fr-FR\",\"potentialAction\":[{\"@type\":\"ReadAction\",\"target\":[\"https:\/\/www.fondationassistanceauxanimaux.org\/actu\/titou-adopt-carros-refuge-18713\/\"]}]},{\"@type\":\"ImageObject\",\"inLanguage\":\"fr-FR\",\"@id\":\"https:\/\/www.fondationassistanceauxanimaux.org\/actu\/titou-adopt-carros-refuge-18713\/#primaryimage\",\"url\":\"https:\/\/www.fondationassistanceauxanimaux.org\/actu\/wp-content\/uploads\/2023\/09\/tito.png\",\"contentUrl\":\"https:\/\/www.fondationassistanceauxanimaux.org\/actu\/wp-content\/uploads\/2023\/09\/tito.png\",\"width\":910,\"height\":910},{\"@type\":\"BreadcrumbList\",\"@id\":\"https:\/\/www.fondationassistanceauxanimaux.org\/actu\/titou-adopt-carros-refuge-18713\/#breadcrumb\",\"itemListElement\":[{\"@type\":\"ListItem\",\"position\":1,\"name\":\"Accueil\",\"item\":\"https:\/\/www.fondationassistanceauxanimaux.org\/actu\/\"},{\"@type\":\"ListItem\",\"position\":2,\"name\":\"Titou, 12 mois, a \u00e9t\u00e9 saisi pour mauvais traitements\"}]},{\"@type\":\"WebSite\",\"@id\":\"https:\/\/www.fondationassistanceauxanimaux.org\/actu\/#website\",\"url\":\"https:\/\/www.fondationassistanceauxanimaux.org\/actu\/\",\"name\":\"Fondation Assistance aux Animaux - Actualit\u00e9s\",\"description\":\"Depuis 1930 la Fondation Assistance aux Animaux pour la d\u00e9fense et la protection des animaux maltrait\u00e9s et abandonn\u00e9s\",\"potentialAction\":[{\"@type\":\"SearchAction\",\"target\":{\"@type\":\"EntryPoint\",\"urlTemplate\":\"https:\/\/www.fondationassistanceauxanimaux.org\/actu\/?s={search_term_string}\"},\"query-input\":{\"@type\":\"PropertyValueSpecification\",\"valueRequired\":true,\"valueName\":\"search_term_string\"}}],\"inLanguage\":\"fr-FR\"},{\"@type\":\"Person\",\"@id\":\"https:\/\/www.fondationassistanceauxanimaux.org\/actu\/#\/schema\/person\/71a8476d98daaea0d71a965c5603e10b\",\"name\":\"No\u00e9\",\"image\":{\"@type\":\"ImageObject\",\"inLanguage\":\"fr-FR\",\"@id\":\"https:\/\/www.fondationassistanceauxanimaux.org\/actu\/#\/schema\/person\/image\/\",\"url\":\"https:\/\/secure.gravatar.com\/avatar\/d34cf6c6bd22b3db9c932bc580c4d1ba93c0cda7588a41b59078888ab1e5f007?s=96&d=mm&r=g\",\"contentUrl\":\"https:\/\/secure.gravatar.com\/avatar\/d34cf6c6bd22b3db9c932bc580c4d1ba93c0cda7588a41b59078888ab1e5f007?s=96&d=mm&r=g\",\"caption\":\"No\u00e9\"},\"url\":\"https:\/\/www.fondationassistanceauxanimaux.org\/actu\/author\/anne\/\"}]}<\/script>\n<!-- \/ Yoast SEO plugin. -->","yoast_head_json":{"title":"Titou, 12 mois, a \u00e9t\u00e9 saisi pour mauvais traitements - Fondation Assistance aux Animaux - Actualit\u00e9s","robots":{"index":"index","follow":"follow","max-snippet":"max-snippet:-1","max-image-preview":"max-image-preview:large","max-video-preview":"max-video-preview:-1"},"canonical":"https:\/\/www.fondationassistanceauxanimaux.org\/actu\/titou-adopt-carros-refuge-18713\/","og_locale":"fr_FR","og_type":"article","og_title":"Titou, 12 mois, a \u00e9t\u00e9 saisi pour mauvais traitements - Fondation Assistance aux Animaux - Actualit\u00e9s","og_description":"Il s&rsquo;appelle Titou, il a m\u00eame pas 18 mois (il a f\u00eat\u00e9 ses 1 an fin avril dernier). Saisi par la Fondation Assistance aux Animaux pour mauvais traitements, Titou n&rsquo;a pas bien d\u00e9marr\u00e9 dans la vie. Il a \u00e9t\u00e9 accueilli au refuge de Carros (Alpes-Maritimes) o\u00f9 il a \u00e9t\u00e9 rassur\u00e9 par nos animaliers. Titou, tout [&hellip;]","og_url":"https:\/\/www.fondationassistanceauxanimaux.org\/actu\/titou-adopt-carros-refuge-18713\/","og_site_name":"Fondation Assistance aux Animaux - Actualit\u00e9s","article_published_time":"2023-09-26T16:01:28+00:00","article_modified_time":"2023-09-26T16:01:29+00:00","og_image":[{"width":910,"height":910,"url":"https:\/\/www.fondationassistanceauxanimaux.org\/actu\/wp-content\/uploads\/2023\/09\/tito.png","type":"image\/png"}],"author":"No\u00e9","twitter_card":"summary_large_image","twitter_misc":{"\u00c9crit par":"No\u00e9","Dur\u00e9e de lecture estim\u00e9e":"1 minute"},"schema":{"@context":"https:\/\/schema.org","@graph":[{"@type":"WebPage","@id":"https:\/\/www.fondationassistanceauxanimaux.org\/actu\/titou-adopt-carros-refuge-18713\/","url":"https:\/\/www.fondationassistanceauxanimaux.org\/actu\/titou-adopt-carros-refuge-18713\/","name":"Titou, 12 mois, a \u00e9t\u00e9 saisi pour mauvais traitements - Fondation Assistance aux Animaux - Actualit\u00e9s","isPartOf":{"@id":"https:\/\/www.fondationassistanceauxanimaux.org\/actu\/#website"},"primaryImageOfPage":{"@id":"https:\/\/www.fondationassistanceauxanimaux.org\/actu\/titou-adopt-carros-refuge-18713\/#primaryimage"},"image":{"@id":"https:\/\/www.fondationassistanceauxanimaux.org\/actu\/titou-adopt-carros-refuge-18713\/#primaryimage"},"thumbnailUrl":"https:\/\/www.fondationassistanceauxanimaux.org\/actu\/wp-content\/uploads\/2023\/09\/tito.png","datePublished":"2023-09-26T16:01:28+00:00","dateModified":"2023-09-26T16:01:29+00:00","author":{"@id":"https:\/\/www.fondationassistanceauxanimaux.org\/actu\/#\/schema\/person\/71a8476d98daaea0d71a965c5603e10b"},"breadcrumb":{"@id":"https:\/\/www.fondationassistanceauxanimaux.org\/actu\/titou-adopt-carros-refuge-18713\/#breadcrumb"},"inLanguage":"fr-FR","potentialAction":[{"@type":"ReadAction","target":["https:\/\/www.fondationassistanceauxanimaux.org\/actu\/titou-adopt-carros-refuge-18713\/"]}]},{"@type":"ImageObject","inLanguage":"fr-FR","@id":"https:\/\/www.fondationassistanceauxanimaux.org\/actu\/titou-adopt-carros-refuge-18713\/#primaryimage","url":"https:\/\/www.fondationassistanceauxanimaux.org\/actu\/wp-content\/uploads\/2023\/09\/tito.png","contentUrl":"https:\/\/www.fondationassistanceauxanimaux.org\/actu\/wp-content\/uploads\/2023\/09\/tito.png","width":910,"height":910},{"@type":"BreadcrumbList","@id":"https:\/\/www.fondationassistanceauxanimaux.org\/actu\/titou-adopt-carros-refuge-18713\/#breadcrumb","itemListElement":[{"@type":"ListItem","position":1,"name":"Accueil","item":"https:\/\/www.fondationassistanceauxanimaux.org\/actu\/"},{"@type":"ListItem","position":2,"name":"Titou, 12 mois, a \u00e9t\u00e9 saisi pour mauvais traitements"}]},{"@type":"WebSite","@id":"https:\/\/www.fondationassistanceauxanimaux.org\/actu\/#website","url":"https:\/\/www.fondationassistanceauxanimaux.org\/actu\/","name":"Fondation Assistance aux Animaux - Actualit\u00e9s","description":"Depuis 1930 la Fondation Assistance aux Animaux pour la d\u00e9fense et la protection des animaux maltrait\u00e9s et abandonn\u00e9s","potentialAction":[{"@type":"SearchAction","target":{"@type":"EntryPoint","urlTemplate":"https:\/\/www.fondationassistanceauxanimaux.org\/actu\/?s={search_term_string}"},"query-input":{"@type":"PropertyValueSpecification","valueRequired":true,"valueName":"search_term_string"}}],"inLanguage":"fr-FR"},{"@type":"Person","@id":"https:\/\/www.fondationassistanceauxanimaux.org\/actu\/#\/schema\/person\/71a8476d98daaea0d71a965c5603e10b","name":"No\u00e9","image":{"@type":"ImageObject","inLanguage":"fr-FR","@id":"https:\/\/www.fondationassistanceauxanimaux.org\/actu\/#\/schema\/person\/image\/","url":"https:\/\/secure.gravatar.com\/avatar\/d34cf6c6bd22b3db9c932bc580c4d1ba93c0cda7588a41b59078888ab1e5f007?s=96&d=mm&r=g","contentUrl":"https:\/\/secure.gravatar.com\/avatar\/d34cf6c6bd22b3db9c932bc580c4d1ba93c0cda7588a41b59078888ab1e5f007?s=96&d=mm&r=g","caption":"No\u00e9"},"url":"https:\/\/www.fondationassistanceauxanimaux.org\/actu\/author\/anne\/"}]}},"_links":{"self":[{"href":"https:\/\/www.fondationassistanceauxanimaux.org\/actu\/wp-json\/wp\/v2\/posts\/18713","targetHints":{"allow":["GET"]}}],"collection":[{"href":"https:\/\/www.fondationassistanceauxanimaux.org\/actu\/wp-json\/wp\/v2\/posts"}],"about":[{"href":"https:\/\/www.fondationassistanceauxanimaux.org\/actu\/wp-json\/wp\/v2\/types\/post"}],"author":[{"embeddable":true,"href":"https:\/\/www.fondationassistanceauxanimaux.org\/actu\/wp-json\/wp\/v2\/users\/3"}],"replies":[{"embeddable":true,"href":"https:\/\/www.fondationassistanceauxanimaux.org\/actu\/wp-json\/wp\/v2\/comments?post=18713"}],"version-history":[{"count":3,"href":"https:\/\/www.fondationassistanceauxanimaux.org\/actu\/wp-json\/wp\/v2\/posts\/18713\/revisions"}],"predecessor-version":[{"id":18742,"href":"https:\/\/www.fondationassistanceauxanimaux.org\/actu\/wp-json\/wp\/v2\/posts\/18713\/revisions\/18742"}],"wp:featuredmedia":[{"embeddable":true,"href":"https:\/\/www.fondationassistanceauxanimaux.org\/actu\/wp-json\/wp\/v2\/media\/18741"}],"wp:attachment":[{"href":"https:\/\/www.fondationassistanceauxanimaux.org\/actu\/wp-json\/wp\/v2\/media?parent=18713"}],"wp:term":[{"taxonomy":"category","embeddable":true,"href":"https:\/\/www.fondationassistanceauxanimaux.org\/actu\/wp-json\/wp\/v2\/categories?post=18713"},{"taxonomy":"post_tag","embeddable":true,"href":"https:\/\/www.fondationassistanceauxanimaux.org\/actu\/wp-json\/wp\/v2\/tags?post=18713"}],"curies":[{"name":"wp","href":"https:\/\/api.w.org\/{rel}","templated":true}]}}