{"id":17172,"date":"2023-03-06T11:14:26","date_gmt":"2023-03-06T10:14:26","guid":{"rendered":"https:\/\/www.fondationassistanceauxanimaux.org\/actu\/?p=17172"},"modified":"2023-03-06T11:14:27","modified_gmt":"2023-03-06T10:14:27","slug":"adoptez-chat-refuge-carros-portes-ouvertes-2023","status":"publish","type":"post","link":"https:\/\/www.fondationassistanceauxanimaux.org\/actu\/adoptez-chat-refuge-carros-portes-ouvertes-2023-17172\/","title":{"rendered":"Week-end Portes Ouvertes du refuge de Carros : pr\u00e9sentation de nos petits prot\u00e9g\u00e9s chats !"},"content":{"rendered":"\n<p><strong>Un \u00e9v\u00e9nement \u00e0 ne pas manquer ! Les 11 et 12 mars prochains, la Fondation Assistance aux Animaux vous invite au Refuge de Carros (06) pour un week-end Portes Ouvertes.<\/strong><\/p>\n\n\n\n<p><strong>Exceptionnellement ouvert\u00a0sans interruption\u00a0de 10h \u00e0 17h, le\u00a0refuge Fondation Assistance aux Animaux de Carros et\u00a0ses \u00e9quipes\u00a0vous invitent pour deux belles journ\u00e9es d\u2019adoption.<\/strong><\/p>\n\n\n\n<blockquote class=\"wp-block-quote is-layout-flow wp-block-quote-is-layout-flow\"><p><strong>Nous vous pr\u00e9sentons dans cet article quelques participants : nos petits prot\u00e9g\u00e9s chats !<\/strong><\/p><cite><strong><em>Tous attendent de trouver un chez eux chez vous<\/em>.<\/strong><\/cite><\/blockquote>\n\n\n\n<figure class=\"wp-block-gallery columns-3 is-cropped wp-block-gallery-1 is-layout-flex wp-block-gallery-is-layout-flex\"><ul class=\"blocks-gallery-grid\"><li class=\"blocks-gallery-item\"><figure><img loading=\"lazy\" decoding=\"async\" width=\"580\" height=\"1030\" src=\"https:\/\/www.fondationassistanceauxanimaux.org\/actu\/wp-content\/uploads\/2023\/03\/WhatsApp-Image-2023-03-01-at-13.43.58-1-580x1030.jpeg\" alt=\"\" data-id=\"17207\" data-full-url=\"https:\/\/www.fondationassistanceauxanimaux.org\/actu\/wp-content\/uploads\/2023\/03\/WhatsApp-Image-2023-03-01-at-13.43.58-1.jpeg\" data-link=\"https:\/\/www.fondationassistanceauxanimaux.org\/actu\/?attachment_id=17207\" class=\"wp-image-17207\" srcset=\"https:\/\/www.fondationassistanceauxanimaux.org\/actu\/wp-content\/uploads\/2023\/03\/WhatsApp-Image-2023-03-01-at-13.43.58-1-580x1030.jpeg 580w, https:\/\/www.fondationassistanceauxanimaux.org\/actu\/wp-content\/uploads\/2023\/03\/WhatsApp-Image-2023-03-01-at-13.43.58-1-169x300.jpeg 169w, https:\/\/www.fondationassistanceauxanimaux.org\/actu\/wp-content\/uploads\/2023\/03\/WhatsApp-Image-2023-03-01-at-13.43.58-1-768x1364.jpeg 768w, https:\/\/www.fondationassistanceauxanimaux.org\/actu\/wp-content\/uploads\/2023\/03\/WhatsApp-Image-2023-03-01-at-13.43.58-1-865x1536.jpeg 865w, https:\/\/www.fondationassistanceauxanimaux.org\/actu\/wp-content\/uploads\/2023\/03\/WhatsApp-Image-2023-03-01-at-13.43.58-1-845x1500.jpeg 845w, https:\/\/www.fondationassistanceauxanimaux.org\/actu\/wp-content\/uploads\/2023\/03\/WhatsApp-Image-2023-03-01-at-13.43.58-1-397x705.jpeg 397w, https:\/\/www.fondationassistanceauxanimaux.org\/actu\/wp-content\/uploads\/2023\/03\/WhatsApp-Image-2023-03-01-at-13.43.58-1.jpeg 1126w\" sizes=\"auto, (max-width: 580px) 100vw, 580px\" \/><figcaption class=\"blocks-gallery-item__caption\">No\u00e9<\/figcaption><\/figure><\/li><li class=\"blocks-gallery-item\"><figure><img loading=\"lazy\" decoding=\"async\" width=\"580\" height=\"1030\" src=\"https:\/\/www.fondationassistanceauxanimaux.org\/actu\/wp-content\/uploads\/2023\/03\/WhatsApp-Image-2023-02-07-at-18.56.47-580x1030.jpeg\" alt=\"\" data-id=\"17173\" data-full-url=\"https:\/\/www.fondationassistanceauxanimaux.org\/actu\/wp-content\/uploads\/2023\/03\/WhatsApp-Image-2023-02-07-at-18.56.47.jpeg\" data-link=\"https:\/\/www.fondationassistanceauxanimaux.org\/actu\/?attachment_id=17173\" class=\"wp-image-17173\" srcset=\"https:\/\/www.fondationassistanceauxanimaux.org\/actu\/wp-content\/uploads\/2023\/03\/WhatsApp-Image-2023-02-07-at-18.56.47-580x1030.jpeg 580w, https:\/\/www.fondationassistanceauxanimaux.org\/actu\/wp-content\/uploads\/2023\/03\/WhatsApp-Image-2023-02-07-at-18.56.47-169x300.jpeg 169w, https:\/\/www.fondationassistanceauxanimaux.org\/actu\/wp-content\/uploads\/2023\/03\/WhatsApp-Image-2023-02-07-at-18.56.47-768x1364.jpeg 768w, https:\/\/www.fondationassistanceauxanimaux.org\/actu\/wp-content\/uploads\/2023\/03\/WhatsApp-Image-2023-02-07-at-18.56.47-865x1536.jpeg 865w, https:\/\/www.fondationassistanceauxanimaux.org\/actu\/wp-content\/uploads\/2023\/03\/WhatsApp-Image-2023-02-07-at-18.56.47-845x1500.jpeg 845w, https:\/\/www.fondationassistanceauxanimaux.org\/actu\/wp-content\/uploads\/2023\/03\/WhatsApp-Image-2023-02-07-at-18.56.47-397x705.jpeg 397w, https:\/\/www.fondationassistanceauxanimaux.org\/actu\/wp-content\/uploads\/2023\/03\/WhatsApp-Image-2023-02-07-at-18.56.47.jpeg 1126w\" sizes=\"auto, (max-width: 580px) 100vw, 580px\" \/><figcaption class=\"blocks-gallery-item__caption\">Mikado<\/figcaption><\/figure><\/li><li class=\"blocks-gallery-item\"><figure><img loading=\"lazy\" decoding=\"async\" width=\"773\" height=\"1030\" src=\"https:\/\/www.fondationassistanceauxanimaux.org\/actu\/wp-content\/uploads\/2023\/03\/WhatsApp-Image-2023-03-01-at-17.05.44-1-773x1030.jpeg\" alt=\"\" data-id=\"17208\" data-full-url=\"https:\/\/www.fondationassistanceauxanimaux.org\/actu\/wp-content\/uploads\/2023\/03\/WhatsApp-Image-2023-03-01-at-17.05.44-1.jpeg\" data-link=\"https:\/\/www.fondationassistanceauxanimaux.org\/actu\/?attachment_id=17208\" class=\"wp-image-17208\" srcset=\"https:\/\/www.fondationassistanceauxanimaux.org\/actu\/wp-content\/uploads\/2023\/03\/WhatsApp-Image-2023-03-01-at-17.05.44-1-773x1030.jpeg 773w, https:\/\/www.fondationassistanceauxanimaux.org\/actu\/wp-content\/uploads\/2023\/03\/WhatsApp-Image-2023-03-01-at-17.05.44-1-225x300.jpeg 225w, https:\/\/www.fondationassistanceauxanimaux.org\/actu\/wp-content\/uploads\/2023\/03\/WhatsApp-Image-2023-03-01-at-17.05.44-1-768x1024.jpeg 768w, https:\/\/www.fondationassistanceauxanimaux.org\/actu\/wp-content\/uploads\/2023\/03\/WhatsApp-Image-2023-03-01-at-17.05.44-1-1152x1536.jpeg 1152w, https:\/\/www.fondationassistanceauxanimaux.org\/actu\/wp-content\/uploads\/2023\/03\/WhatsApp-Image-2023-03-01-at-17.05.44-1-1125x1500.jpeg 1125w, https:\/\/www.fondationassistanceauxanimaux.org\/actu\/wp-content\/uploads\/2023\/03\/WhatsApp-Image-2023-03-01-at-17.05.44-1-529x705.jpeg 529w, https:\/\/www.fondationassistanceauxanimaux.org\/actu\/wp-content\/uploads\/2023\/03\/WhatsApp-Image-2023-03-01-at-17.05.44-1.jpeg 1200w\" sizes=\"auto, (max-width: 773px) 100vw, 773px\" \/><figcaption class=\"blocks-gallery-item__caption\">Saturne<\/figcaption><\/figure><\/li><li class=\"blocks-gallery-item\"><figure><img loading=\"lazy\" decoding=\"async\" width=\"579\" height=\"1030\" src=\"https:\/\/www.fondationassistanceauxanimaux.org\/actu\/wp-content\/uploads\/2023\/03\/WhatsApp-Image-2023-02-07-at-18.56.48-2-579x1030.jpeg\" alt=\"\" data-id=\"17175\" data-full-url=\"https:\/\/www.fondationassistanceauxanimaux.org\/actu\/wp-content\/uploads\/2023\/03\/WhatsApp-Image-2023-02-07-at-18.56.48-2.jpeg\" data-link=\"https:\/\/www.fondationassistanceauxanimaux.org\/actu\/?attachment_id=17175\" class=\"wp-image-17175\" srcset=\"https:\/\/www.fondationassistanceauxanimaux.org\/actu\/wp-content\/uploads\/2023\/03\/WhatsApp-Image-2023-02-07-at-18.56.48-2-579x1030.jpeg 579w, https:\/\/www.fondationassistanceauxanimaux.org\/actu\/wp-content\/uploads\/2023\/03\/WhatsApp-Image-2023-02-07-at-18.56.48-2-169x300.jpeg 169w, https:\/\/www.fondationassistanceauxanimaux.org\/actu\/wp-content\/uploads\/2023\/03\/WhatsApp-Image-2023-02-07-at-18.56.48-2-768x1365.jpeg 768w, https:\/\/www.fondationassistanceauxanimaux.org\/actu\/wp-content\/uploads\/2023\/03\/WhatsApp-Image-2023-02-07-at-18.56.48-2-864x1536.jpeg 864w, https:\/\/www.fondationassistanceauxanimaux.org\/actu\/wp-content\/uploads\/2023\/03\/WhatsApp-Image-2023-02-07-at-18.56.48-2-844x1500.jpeg 844w, https:\/\/www.fondationassistanceauxanimaux.org\/actu\/wp-content\/uploads\/2023\/03\/WhatsApp-Image-2023-02-07-at-18.56.48-2-397x705.jpeg 397w, https:\/\/www.fondationassistanceauxanimaux.org\/actu\/wp-content\/uploads\/2023\/03\/WhatsApp-Image-2023-02-07-at-18.56.48-2.jpeg 900w\" sizes=\"auto, (max-width: 579px) 100vw, 579px\" \/><figcaption class=\"blocks-gallery-item__caption\">Spider<\/figcaption><\/figure><\/li><li class=\"blocks-gallery-item\"><figure><img loading=\"lazy\" decoding=\"async\" width=\"580\" height=\"1030\" src=\"https:\/\/www.fondationassistanceauxanimaux.org\/actu\/wp-content\/uploads\/2023\/03\/WhatsApp-Image-2023-02-07-at-18.56.50-1-580x1030.jpeg\" alt=\"\" data-id=\"17179\" data-full-url=\"https:\/\/www.fondationassistanceauxanimaux.org\/actu\/wp-content\/uploads\/2023\/03\/WhatsApp-Image-2023-02-07-at-18.56.50-1.jpeg\" data-link=\"https:\/\/www.fondationassistanceauxanimaux.org\/actu\/?attachment_id=17179\" class=\"wp-image-17179\" srcset=\"https:\/\/www.fondationassistanceauxanimaux.org\/actu\/wp-content\/uploads\/2023\/03\/WhatsApp-Image-2023-02-07-at-18.56.50-1-580x1030.jpeg 580w, https:\/\/www.fondationassistanceauxanimaux.org\/actu\/wp-content\/uploads\/2023\/03\/WhatsApp-Image-2023-02-07-at-18.56.50-1-169x300.jpeg 169w, https:\/\/www.fondationassistanceauxanimaux.org\/actu\/wp-content\/uploads\/2023\/03\/WhatsApp-Image-2023-02-07-at-18.56.50-1-768x1364.jpeg 768w, https:\/\/www.fondationassistanceauxanimaux.org\/actu\/wp-content\/uploads\/2023\/03\/WhatsApp-Image-2023-02-07-at-18.56.50-1-865x1536.jpeg 865w, https:\/\/www.fondationassistanceauxanimaux.org\/actu\/wp-content\/uploads\/2023\/03\/WhatsApp-Image-2023-02-07-at-18.56.50-1-845x1500.jpeg 845w, https:\/\/www.fondationassistanceauxanimaux.org\/actu\/wp-content\/uploads\/2023\/03\/WhatsApp-Image-2023-02-07-at-18.56.50-1-397x705.jpeg 397w, https:\/\/www.fondationassistanceauxanimaux.org\/actu\/wp-content\/uploads\/2023\/03\/WhatsApp-Image-2023-02-07-at-18.56.50-1.jpeg 1126w\" sizes=\"auto, (max-width: 580px) 100vw, 580px\" \/><figcaption class=\"blocks-gallery-item__caption\">Cybelle (FIV+)<\/figcaption><\/figure><\/li><li class=\"blocks-gallery-item\"><figure><img loading=\"lazy\" decoding=\"async\" width=\"669\" height=\"1030\" src=\"https:\/\/www.fondationassistanceauxanimaux.org\/actu\/wp-content\/uploads\/2023\/03\/WhatsApp-Image-2023-02-07-at-18.56.51-1-669x1030.jpeg\" alt=\"\" data-id=\"17183\" data-full-url=\"https:\/\/www.fondationassistanceauxanimaux.org\/actu\/wp-content\/uploads\/2023\/03\/WhatsApp-Image-2023-02-07-at-18.56.51-1.jpeg\" data-link=\"https:\/\/www.fondationassistanceauxanimaux.org\/actu\/?attachment_id=17183\" class=\"wp-image-17183\" srcset=\"https:\/\/www.fondationassistanceauxanimaux.org\/actu\/wp-content\/uploads\/2023\/03\/WhatsApp-Image-2023-02-07-at-18.56.51-1-669x1030.jpeg 669w, https:\/\/www.fondationassistanceauxanimaux.org\/actu\/wp-content\/uploads\/2023\/03\/WhatsApp-Image-2023-02-07-at-18.56.51-1-195x300.jpeg 195w, https:\/\/www.fondationassistanceauxanimaux.org\/actu\/wp-content\/uploads\/2023\/03\/WhatsApp-Image-2023-02-07-at-18.56.51-1-768x1182.jpeg 768w, https:\/\/www.fondationassistanceauxanimaux.org\/actu\/wp-content\/uploads\/2023\/03\/WhatsApp-Image-2023-02-07-at-18.56.51-1-998x1536.jpeg 998w, https:\/\/www.fondationassistanceauxanimaux.org\/actu\/wp-content\/uploads\/2023\/03\/WhatsApp-Image-2023-02-07-at-18.56.51-1-975x1500.jpeg 975w, https:\/\/www.fondationassistanceauxanimaux.org\/actu\/wp-content\/uploads\/2023\/03\/WhatsApp-Image-2023-02-07-at-18.56.51-1-458x705.jpeg 458w, https:\/\/www.fondationassistanceauxanimaux.org\/actu\/wp-content\/uploads\/2023\/03\/WhatsApp-Image-2023-02-07-at-18.56.51-1.jpeg 1331w\" sizes=\"auto, (max-width: 669px) 100vw, 669px\" \/><figcaption class=\"blocks-gallery-item__caption\">Spider<\/figcaption><\/figure><\/li><li class=\"blocks-gallery-item\"><figure><img loading=\"lazy\" decoding=\"async\" width=\"580\" height=\"1030\" src=\"https:\/\/www.fondationassistanceauxanimaux.org\/actu\/wp-content\/uploads\/2023\/03\/WhatsApp-Image-2023-02-07-at-18.56.50-2-580x1030.jpeg\" alt=\"\" data-id=\"17180\" data-full-url=\"https:\/\/www.fondationassistanceauxanimaux.org\/actu\/wp-content\/uploads\/2023\/03\/WhatsApp-Image-2023-02-07-at-18.56.50-2.jpeg\" data-link=\"https:\/\/www.fondationassistanceauxanimaux.org\/actu\/?attachment_id=17180\" class=\"wp-image-17180\" srcset=\"https:\/\/www.fondationassistanceauxanimaux.org\/actu\/wp-content\/uploads\/2023\/03\/WhatsApp-Image-2023-02-07-at-18.56.50-2-580x1030.jpeg 580w, https:\/\/www.fondationassistanceauxanimaux.org\/actu\/wp-content\/uploads\/2023\/03\/WhatsApp-Image-2023-02-07-at-18.56.50-2-169x300.jpeg 169w, https:\/\/www.fondationassistanceauxanimaux.org\/actu\/wp-content\/uploads\/2023\/03\/WhatsApp-Image-2023-02-07-at-18.56.50-2-768x1364.jpeg 768w, https:\/\/www.fondationassistanceauxanimaux.org\/actu\/wp-content\/uploads\/2023\/03\/WhatsApp-Image-2023-02-07-at-18.56.50-2-865x1536.jpeg 865w, https:\/\/www.fondationassistanceauxanimaux.org\/actu\/wp-content\/uploads\/2023\/03\/WhatsApp-Image-2023-02-07-at-18.56.50-2-845x1500.jpeg 845w, https:\/\/www.fondationassistanceauxanimaux.org\/actu\/wp-content\/uploads\/2023\/03\/WhatsApp-Image-2023-02-07-at-18.56.50-2-397x705.jpeg 397w, https:\/\/www.fondationassistanceauxanimaux.org\/actu\/wp-content\/uploads\/2023\/03\/WhatsApp-Image-2023-02-07-at-18.56.50-2.jpeg 1126w\" sizes=\"auto, (max-width: 580px) 100vw, 580px\" \/><figcaption class=\"blocks-gallery-item__caption\">Louki (FIV+)<\/figcaption><\/figure><\/li><li class=\"blocks-gallery-item\"><figure><img loading=\"lazy\" decoding=\"async\" width=\"773\" height=\"1030\" src=\"https:\/\/www.fondationassistanceauxanimaux.org\/actu\/wp-content\/uploads\/2023\/03\/WhatsApp-Image-2023-02-07-at-18.56.50-3-773x1030.jpeg\" alt=\"\" data-id=\"17181\" data-full-url=\"https:\/\/www.fondationassistanceauxanimaux.org\/actu\/wp-content\/uploads\/2023\/03\/WhatsApp-Image-2023-02-07-at-18.56.50-3.jpeg\" data-link=\"https:\/\/www.fondationassistanceauxanimaux.org\/actu\/?attachment_id=17181\" class=\"wp-image-17181\" srcset=\"https:\/\/www.fondationassistanceauxanimaux.org\/actu\/wp-content\/uploads\/2023\/03\/WhatsApp-Image-2023-02-07-at-18.56.50-3-773x1030.jpeg 773w, https:\/\/www.fondationassistanceauxanimaux.org\/actu\/wp-content\/uploads\/2023\/03\/WhatsApp-Image-2023-02-07-at-18.56.50-3-225x300.jpeg 225w, https:\/\/www.fondationassistanceauxanimaux.org\/actu\/wp-content\/uploads\/2023\/03\/WhatsApp-Image-2023-02-07-at-18.56.50-3-768x1024.jpeg 768w, https:\/\/www.fondationassistanceauxanimaux.org\/actu\/wp-content\/uploads\/2023\/03\/WhatsApp-Image-2023-02-07-at-18.56.50-3-1152x1536.jpeg 1152w, https:\/\/www.fondationassistanceauxanimaux.org\/actu\/wp-content\/uploads\/2023\/03\/WhatsApp-Image-2023-02-07-at-18.56.50-3-1125x1500.jpeg 1125w, https:\/\/www.fondationassistanceauxanimaux.org\/actu\/wp-content\/uploads\/2023\/03\/WhatsApp-Image-2023-02-07-at-18.56.50-3-529x705.jpeg 529w, https:\/\/www.fondationassistanceauxanimaux.org\/actu\/wp-content\/uploads\/2023\/03\/WhatsApp-Image-2023-02-07-at-18.56.50-3.jpeg 1536w\" sizes=\"auto, (max-width: 773px) 100vw, 773px\" \/><figcaption class=\"blocks-gallery-item__caption\">Spike (FIV+)<\/figcaption><\/figure><\/li><li class=\"blocks-gallery-item\"><figure><img loading=\"lazy\" decoding=\"async\" width=\"580\" height=\"1030\" src=\"https:\/\/www.fondationassistanceauxanimaux.org\/actu\/wp-content\/uploads\/2023\/03\/WhatsApp-Image-2023-02-07-at-18.56.51-2-580x1030.jpeg\" alt=\"\" data-id=\"17184\" data-full-url=\"https:\/\/www.fondationassistanceauxanimaux.org\/actu\/wp-content\/uploads\/2023\/03\/WhatsApp-Image-2023-02-07-at-18.56.51-2.jpeg\" data-link=\"https:\/\/www.fondationassistanceauxanimaux.org\/actu\/?attachment_id=17184\" class=\"wp-image-17184\" srcset=\"https:\/\/www.fondationassistanceauxanimaux.org\/actu\/wp-content\/uploads\/2023\/03\/WhatsApp-Image-2023-02-07-at-18.56.51-2-580x1030.jpeg 580w, https:\/\/www.fondationassistanceauxanimaux.org\/actu\/wp-content\/uploads\/2023\/03\/WhatsApp-Image-2023-02-07-at-18.56.51-2-169x300.jpeg 169w, https:\/\/www.fondationassistanceauxanimaux.org\/actu\/wp-content\/uploads\/2023\/03\/WhatsApp-Image-2023-02-07-at-18.56.51-2-768x1364.jpeg 768w, https:\/\/www.fondationassistanceauxanimaux.org\/actu\/wp-content\/uploads\/2023\/03\/WhatsApp-Image-2023-02-07-at-18.56.51-2-865x1536.jpeg 865w, https:\/\/www.fondationassistanceauxanimaux.org\/actu\/wp-content\/uploads\/2023\/03\/WhatsApp-Image-2023-02-07-at-18.56.51-2-845x1500.jpeg 845w, https:\/\/www.fondationassistanceauxanimaux.org\/actu\/wp-content\/uploads\/2023\/03\/WhatsApp-Image-2023-02-07-at-18.56.51-2-397x705.jpeg 397w, https:\/\/www.fondationassistanceauxanimaux.org\/actu\/wp-content\/uploads\/2023\/03\/WhatsApp-Image-2023-02-07-at-18.56.51-2.jpeg 1126w\" sizes=\"auto, (max-width: 580px) 100vw, 580px\" \/><figcaption class=\"blocks-gallery-item__caption\">Carlitta<\/figcaption><\/figure><\/li><li class=\"blocks-gallery-item\"><figure><img loading=\"lazy\" decoding=\"async\" width=\"580\" height=\"1030\" src=\"https:\/\/www.fondationassistanceauxanimaux.org\/actu\/wp-content\/uploads\/2023\/03\/WhatsApp-Image-2023-02-07-at-18.56.52-580x1030.jpeg\" alt=\"\" data-id=\"17188\" data-full-url=\"https:\/\/www.fondationassistanceauxanimaux.org\/actu\/wp-content\/uploads\/2023\/03\/WhatsApp-Image-2023-02-07-at-18.56.52.jpeg\" data-link=\"https:\/\/www.fondationassistanceauxanimaux.org\/actu\/?attachment_id=17188\" class=\"wp-image-17188\" srcset=\"https:\/\/www.fondationassistanceauxanimaux.org\/actu\/wp-content\/uploads\/2023\/03\/WhatsApp-Image-2023-02-07-at-18.56.52-580x1030.jpeg 580w, https:\/\/www.fondationassistanceauxanimaux.org\/actu\/wp-content\/uploads\/2023\/03\/WhatsApp-Image-2023-02-07-at-18.56.52-169x300.jpeg 169w, https:\/\/www.fondationassistanceauxanimaux.org\/actu\/wp-content\/uploads\/2023\/03\/WhatsApp-Image-2023-02-07-at-18.56.52-768x1364.jpeg 768w, https:\/\/www.fondationassistanceauxanimaux.org\/actu\/wp-content\/uploads\/2023\/03\/WhatsApp-Image-2023-02-07-at-18.56.52-865x1536.jpeg 865w, https:\/\/www.fondationassistanceauxanimaux.org\/actu\/wp-content\/uploads\/2023\/03\/WhatsApp-Image-2023-02-07-at-18.56.52-845x1500.jpeg 845w, https:\/\/www.fondationassistanceauxanimaux.org\/actu\/wp-content\/uploads\/2023\/03\/WhatsApp-Image-2023-02-07-at-18.56.52-397x705.jpeg 397w, https:\/\/www.fondationassistanceauxanimaux.org\/actu\/wp-content\/uploads\/2023\/03\/WhatsApp-Image-2023-02-07-at-18.56.52.jpeg 1126w\" sizes=\"auto, (max-width: 580px) 100vw, 580px\" \/><figcaption class=\"blocks-gallery-item__caption\">Carlitta<\/figcaption><\/figure><\/li><li class=\"blocks-gallery-item\"><figure><img loading=\"lazy\" decoding=\"async\" width=\"580\" height=\"1030\" src=\"https:\/\/www.fondationassistanceauxanimaux.org\/actu\/wp-content\/uploads\/2023\/03\/WhatsApp-Image-2023-02-07-at-18.56.53-580x1030.jpeg\" alt=\"\" data-id=\"17191\" data-full-url=\"https:\/\/www.fondationassistanceauxanimaux.org\/actu\/wp-content\/uploads\/2023\/03\/WhatsApp-Image-2023-02-07-at-18.56.53.jpeg\" data-link=\"https:\/\/www.fondationassistanceauxanimaux.org\/actu\/?attachment_id=17191\" class=\"wp-image-17191\" srcset=\"https:\/\/www.fondationassistanceauxanimaux.org\/actu\/wp-content\/uploads\/2023\/03\/WhatsApp-Image-2023-02-07-at-18.56.53-580x1030.jpeg 580w, https:\/\/www.fondationassistanceauxanimaux.org\/actu\/wp-content\/uploads\/2023\/03\/WhatsApp-Image-2023-02-07-at-18.56.53-169x300.jpeg 169w, https:\/\/www.fondationassistanceauxanimaux.org\/actu\/wp-content\/uploads\/2023\/03\/WhatsApp-Image-2023-02-07-at-18.56.53-768x1364.jpeg 768w, https:\/\/www.fondationassistanceauxanimaux.org\/actu\/wp-content\/uploads\/2023\/03\/WhatsApp-Image-2023-02-07-at-18.56.53-865x1536.jpeg 865w, https:\/\/www.fondationassistanceauxanimaux.org\/actu\/wp-content\/uploads\/2023\/03\/WhatsApp-Image-2023-02-07-at-18.56.53-845x1500.jpeg 845w, https:\/\/www.fondationassistanceauxanimaux.org\/actu\/wp-content\/uploads\/2023\/03\/WhatsApp-Image-2023-02-07-at-18.56.53-397x705.jpeg 397w, https:\/\/www.fondationassistanceauxanimaux.org\/actu\/wp-content\/uploads\/2023\/03\/WhatsApp-Image-2023-02-07-at-18.56.53.jpeg 1126w\" sizes=\"auto, (max-width: 580px) 100vw, 580px\" \/><figcaption class=\"blocks-gallery-item__caption\">Nala<\/figcaption><\/figure><\/li><li class=\"blocks-gallery-item\"><figure><img loading=\"lazy\" decoding=\"async\" width=\"580\" height=\"1030\" src=\"https:\/\/www.fondationassistanceauxanimaux.org\/actu\/wp-content\/uploads\/2023\/03\/WhatsApp-Image-2023-02-07-at-18.56.54-580x1030.jpeg\" alt=\"\" data-id=\"17196\" data-full-url=\"https:\/\/www.fondationassistanceauxanimaux.org\/actu\/wp-content\/uploads\/2023\/03\/WhatsApp-Image-2023-02-07-at-18.56.54.jpeg\" data-link=\"https:\/\/www.fondationassistanceauxanimaux.org\/actu\/?attachment_id=17196\" class=\"wp-image-17196\" srcset=\"https:\/\/www.fondationassistanceauxanimaux.org\/actu\/wp-content\/uploads\/2023\/03\/WhatsApp-Image-2023-02-07-at-18.56.54-580x1030.jpeg 580w, https:\/\/www.fondationassistanceauxanimaux.org\/actu\/wp-content\/uploads\/2023\/03\/WhatsApp-Image-2023-02-07-at-18.56.54-169x300.jpeg 169w, https:\/\/www.fondationassistanceauxanimaux.org\/actu\/wp-content\/uploads\/2023\/03\/WhatsApp-Image-2023-02-07-at-18.56.54-768x1364.jpeg 768w, https:\/\/www.fondationassistanceauxanimaux.org\/actu\/wp-content\/uploads\/2023\/03\/WhatsApp-Image-2023-02-07-at-18.56.54-865x1536.jpeg 865w, https:\/\/www.fondationassistanceauxanimaux.org\/actu\/wp-content\/uploads\/2023\/03\/WhatsApp-Image-2023-02-07-at-18.56.54-845x1500.jpeg 845w, https:\/\/www.fondationassistanceauxanimaux.org\/actu\/wp-content\/uploads\/2023\/03\/WhatsApp-Image-2023-02-07-at-18.56.54-397x705.jpeg 397w, https:\/\/www.fondationassistanceauxanimaux.org\/actu\/wp-content\/uploads\/2023\/03\/WhatsApp-Image-2023-02-07-at-18.56.54.jpeg 1126w\" sizes=\"auto, (max-width: 580px) 100vw, 580px\" \/><figcaption class=\"blocks-gallery-item__caption\">Marley<\/figcaption><\/figure><\/li><li class=\"blocks-gallery-item\"><figure><img loading=\"lazy\" decoding=\"async\" width=\"580\" height=\"1030\" src=\"https:\/\/www.fondationassistanceauxanimaux.org\/actu\/wp-content\/uploads\/2023\/03\/WhatsApp-Image-2023-02-07-at-18.56.55-1-580x1030.jpeg\" alt=\"\" data-id=\"17197\" data-full-url=\"https:\/\/www.fondationassistanceauxanimaux.org\/actu\/wp-content\/uploads\/2023\/03\/WhatsApp-Image-2023-02-07-at-18.56.55-1.jpeg\" data-link=\"https:\/\/www.fondationassistanceauxanimaux.org\/actu\/?attachment_id=17197\" class=\"wp-image-17197\" srcset=\"https:\/\/www.fondationassistanceauxanimaux.org\/actu\/wp-content\/uploads\/2023\/03\/WhatsApp-Image-2023-02-07-at-18.56.55-1-580x1030.jpeg 580w, https:\/\/www.fondationassistanceauxanimaux.org\/actu\/wp-content\/uploads\/2023\/03\/WhatsApp-Image-2023-02-07-at-18.56.55-1-169x300.jpeg 169w, https:\/\/www.fondationassistanceauxanimaux.org\/actu\/wp-content\/uploads\/2023\/03\/WhatsApp-Image-2023-02-07-at-18.56.55-1-768x1364.jpeg 768w, https:\/\/www.fondationassistanceauxanimaux.org\/actu\/wp-content\/uploads\/2023\/03\/WhatsApp-Image-2023-02-07-at-18.56.55-1-865x1536.jpeg 865w, https:\/\/www.fondationassistanceauxanimaux.org\/actu\/wp-content\/uploads\/2023\/03\/WhatsApp-Image-2023-02-07-at-18.56.55-1-845x1500.jpeg 845w, https:\/\/www.fondationassistanceauxanimaux.org\/actu\/wp-content\/uploads\/2023\/03\/WhatsApp-Image-2023-02-07-at-18.56.55-1-397x705.jpeg 397w, https:\/\/www.fondationassistanceauxanimaux.org\/actu\/wp-content\/uploads\/2023\/03\/WhatsApp-Image-2023-02-07-at-18.56.55-1.jpeg 1126w\" sizes=\"auto, (max-width: 580px) 100vw, 580px\" \/><figcaption class=\"blocks-gallery-item__caption\">Cachou<\/figcaption><\/figure><\/li><li class=\"blocks-gallery-item\"><figure><img loading=\"lazy\" decoding=\"async\" width=\"580\" height=\"1030\" src=\"https:\/\/www.fondationassistanceauxanimaux.org\/actu\/wp-content\/uploads\/2023\/03\/WhatsApp-Image-2023-02-07-at-18.56.55-2-580x1030.jpeg\" alt=\"\" data-id=\"17198\" data-full-url=\"https:\/\/www.fondationassistanceauxanimaux.org\/actu\/wp-content\/uploads\/2023\/03\/WhatsApp-Image-2023-02-07-at-18.56.55-2.jpeg\" data-link=\"https:\/\/www.fondationassistanceauxanimaux.org\/actu\/?attachment_id=17198\" class=\"wp-image-17198\" srcset=\"https:\/\/www.fondationassistanceauxanimaux.org\/actu\/wp-content\/uploads\/2023\/03\/WhatsApp-Image-2023-02-07-at-18.56.55-2-580x1030.jpeg 580w, https:\/\/www.fondationassistanceauxanimaux.org\/actu\/wp-content\/uploads\/2023\/03\/WhatsApp-Image-2023-02-07-at-18.56.55-2-169x300.jpeg 169w, https:\/\/www.fondationassistanceauxanimaux.org\/actu\/wp-content\/uploads\/2023\/03\/WhatsApp-Image-2023-02-07-at-18.56.55-2-768x1364.jpeg 768w, https:\/\/www.fondationassistanceauxanimaux.org\/actu\/wp-content\/uploads\/2023\/03\/WhatsApp-Image-2023-02-07-at-18.56.55-2-865x1536.jpeg 865w, https:\/\/www.fondationassistanceauxanimaux.org\/actu\/wp-content\/uploads\/2023\/03\/WhatsApp-Image-2023-02-07-at-18.56.55-2-845x1500.jpeg 845w, https:\/\/www.fondationassistanceauxanimaux.org\/actu\/wp-content\/uploads\/2023\/03\/WhatsApp-Image-2023-02-07-at-18.56.55-2-397x705.jpeg 397w, https:\/\/www.fondationassistanceauxanimaux.org\/actu\/wp-content\/uploads\/2023\/03\/WhatsApp-Image-2023-02-07-at-18.56.55-2.jpeg 1126w\" sizes=\"auto, (max-width: 580px) 100vw, 580px\" \/><figcaption class=\"blocks-gallery-item__caption\">Willy<\/figcaption><\/figure><\/li><li class=\"blocks-gallery-item\"><figure><img loading=\"lazy\" decoding=\"async\" width=\"580\" height=\"1030\" src=\"https:\/\/www.fondationassistanceauxanimaux.org\/actu\/wp-content\/uploads\/2023\/03\/WhatsApp-Image-2023-02-07-at-18.56.55-580x1030.jpeg\" alt=\"\" data-id=\"17199\" data-full-url=\"https:\/\/www.fondationassistanceauxanimaux.org\/actu\/wp-content\/uploads\/2023\/03\/WhatsApp-Image-2023-02-07-at-18.56.55.jpeg\" data-link=\"https:\/\/www.fondationassistanceauxanimaux.org\/actu\/?attachment_id=17199\" class=\"wp-image-17199\" srcset=\"https:\/\/www.fondationassistanceauxanimaux.org\/actu\/wp-content\/uploads\/2023\/03\/WhatsApp-Image-2023-02-07-at-18.56.55-580x1030.jpeg 580w, https:\/\/www.fondationassistanceauxanimaux.org\/actu\/wp-content\/uploads\/2023\/03\/WhatsApp-Image-2023-02-07-at-18.56.55-169x300.jpeg 169w, https:\/\/www.fondationassistanceauxanimaux.org\/actu\/wp-content\/uploads\/2023\/03\/WhatsApp-Image-2023-02-07-at-18.56.55-768x1364.jpeg 768w, https:\/\/www.fondationassistanceauxanimaux.org\/actu\/wp-content\/uploads\/2023\/03\/WhatsApp-Image-2023-02-07-at-18.56.55-865x1536.jpeg 865w, https:\/\/www.fondationassistanceauxanimaux.org\/actu\/wp-content\/uploads\/2023\/03\/WhatsApp-Image-2023-02-07-at-18.56.55-845x1500.jpeg 845w, https:\/\/www.fondationassistanceauxanimaux.org\/actu\/wp-content\/uploads\/2023\/03\/WhatsApp-Image-2023-02-07-at-18.56.55-397x705.jpeg 397w, https:\/\/www.fondationassistanceauxanimaux.org\/actu\/wp-content\/uploads\/2023\/03\/WhatsApp-Image-2023-02-07-at-18.56.55.jpeg 1126w\" sizes=\"auto, (max-width: 580px) 100vw, 580px\" \/><figcaption class=\"blocks-gallery-item__caption\">Choupy<\/figcaption><\/figure><\/li><li class=\"blocks-gallery-item\"><figure><img loading=\"lazy\" decoding=\"async\" width=\"580\" height=\"1030\" src=\"https:\/\/www.fondationassistanceauxanimaux.org\/actu\/wp-content\/uploads\/2023\/03\/WhatsApp-Image-2023-03-01-at-13.43.33-580x1030.jpeg\" alt=\"\" data-id=\"17200\" data-full-url=\"https:\/\/www.fondationassistanceauxanimaux.org\/actu\/wp-content\/uploads\/2023\/03\/WhatsApp-Image-2023-03-01-at-13.43.33.jpeg\" data-link=\"https:\/\/www.fondationassistanceauxanimaux.org\/actu\/?attachment_id=17200\" class=\"wp-image-17200\" srcset=\"https:\/\/www.fondationassistanceauxanimaux.org\/actu\/wp-content\/uploads\/2023\/03\/WhatsApp-Image-2023-03-01-at-13.43.33-580x1030.jpeg 580w, https:\/\/www.fondationassistanceauxanimaux.org\/actu\/wp-content\/uploads\/2023\/03\/WhatsApp-Image-2023-03-01-at-13.43.33-169x300.jpeg 169w, https:\/\/www.fondationassistanceauxanimaux.org\/actu\/wp-content\/uploads\/2023\/03\/WhatsApp-Image-2023-03-01-at-13.43.33-768x1364.jpeg 768w, https:\/\/www.fondationassistanceauxanimaux.org\/actu\/wp-content\/uploads\/2023\/03\/WhatsApp-Image-2023-03-01-at-13.43.33-865x1536.jpeg 865w, https:\/\/www.fondationassistanceauxanimaux.org\/actu\/wp-content\/uploads\/2023\/03\/WhatsApp-Image-2023-03-01-at-13.43.33-845x1500.jpeg 845w, https:\/\/www.fondationassistanceauxanimaux.org\/actu\/wp-content\/uploads\/2023\/03\/WhatsApp-Image-2023-03-01-at-13.43.33-397x705.jpeg 397w, https:\/\/www.fondationassistanceauxanimaux.org\/actu\/wp-content\/uploads\/2023\/03\/WhatsApp-Image-2023-03-01-at-13.43.33.jpeg 1126w\" sizes=\"auto, (max-width: 580px) 100vw, 580px\" \/><figcaption class=\"blocks-gallery-item__caption\">Lolette<\/figcaption><\/figure><\/li><li class=\"blocks-gallery-item\"><figure><img loading=\"lazy\" decoding=\"async\" width=\"580\" height=\"1030\" src=\"https:\/\/www.fondationassistanceauxanimaux.org\/actu\/wp-content\/uploads\/2023\/03\/WhatsApp-Image-2023-03-01-at-13.43.34-1-580x1030.jpeg\" alt=\"\" data-id=\"17201\" data-full-url=\"https:\/\/www.fondationassistanceauxanimaux.org\/actu\/wp-content\/uploads\/2023\/03\/WhatsApp-Image-2023-03-01-at-13.43.34-1.jpeg\" data-link=\"https:\/\/www.fondationassistanceauxanimaux.org\/actu\/?attachment_id=17201\" class=\"wp-image-17201\" srcset=\"https:\/\/www.fondationassistanceauxanimaux.org\/actu\/wp-content\/uploads\/2023\/03\/WhatsApp-Image-2023-03-01-at-13.43.34-1-580x1030.jpeg 580w, https:\/\/www.fondationassistanceauxanimaux.org\/actu\/wp-content\/uploads\/2023\/03\/WhatsApp-Image-2023-03-01-at-13.43.34-1-169x300.jpeg 169w, https:\/\/www.fondationassistanceauxanimaux.org\/actu\/wp-content\/uploads\/2023\/03\/WhatsApp-Image-2023-03-01-at-13.43.34-1-768x1364.jpeg 768w, https:\/\/www.fondationassistanceauxanimaux.org\/actu\/wp-content\/uploads\/2023\/03\/WhatsApp-Image-2023-03-01-at-13.43.34-1-865x1536.jpeg 865w, https:\/\/www.fondationassistanceauxanimaux.org\/actu\/wp-content\/uploads\/2023\/03\/WhatsApp-Image-2023-03-01-at-13.43.34-1-845x1500.jpeg 845w, https:\/\/www.fondationassistanceauxanimaux.org\/actu\/wp-content\/uploads\/2023\/03\/WhatsApp-Image-2023-03-01-at-13.43.34-1-397x705.jpeg 397w, https:\/\/www.fondationassistanceauxanimaux.org\/actu\/wp-content\/uploads\/2023\/03\/WhatsApp-Image-2023-03-01-at-13.43.34-1.jpeg 1126w\" sizes=\"auto, (max-width: 580px) 100vw, 580px\" \/><figcaption class=\"blocks-gallery-item__caption\">Nala<\/figcaption><\/figure><\/li><li class=\"blocks-gallery-item\"><figure><img loading=\"lazy\" decoding=\"async\" width=\"580\" height=\"1030\" src=\"https:\/\/www.fondationassistanceauxanimaux.org\/actu\/wp-content\/uploads\/2023\/03\/WhatsApp-Image-2023-03-01-at-13.43.34-3-580x1030.jpeg\" alt=\"\" data-id=\"17203\" data-full-url=\"https:\/\/www.fondationassistanceauxanimaux.org\/actu\/wp-content\/uploads\/2023\/03\/WhatsApp-Image-2023-03-01-at-13.43.34-3.jpeg\" data-link=\"https:\/\/www.fondationassistanceauxanimaux.org\/actu\/?attachment_id=17203\" class=\"wp-image-17203\" srcset=\"https:\/\/www.fondationassistanceauxanimaux.org\/actu\/wp-content\/uploads\/2023\/03\/WhatsApp-Image-2023-03-01-at-13.43.34-3-580x1030.jpeg 580w, https:\/\/www.fondationassistanceauxanimaux.org\/actu\/wp-content\/uploads\/2023\/03\/WhatsApp-Image-2023-03-01-at-13.43.34-3-169x300.jpeg 169w, https:\/\/www.fondationassistanceauxanimaux.org\/actu\/wp-content\/uploads\/2023\/03\/WhatsApp-Image-2023-03-01-at-13.43.34-3-768x1364.jpeg 768w, https:\/\/www.fondationassistanceauxanimaux.org\/actu\/wp-content\/uploads\/2023\/03\/WhatsApp-Image-2023-03-01-at-13.43.34-3-865x1536.jpeg 865w, https:\/\/www.fondationassistanceauxanimaux.org\/actu\/wp-content\/uploads\/2023\/03\/WhatsApp-Image-2023-03-01-at-13.43.34-3-845x1500.jpeg 845w, https:\/\/www.fondationassistanceauxanimaux.org\/actu\/wp-content\/uploads\/2023\/03\/WhatsApp-Image-2023-03-01-at-13.43.34-3-397x705.jpeg 397w, https:\/\/www.fondationassistanceauxanimaux.org\/actu\/wp-content\/uploads\/2023\/03\/WhatsApp-Image-2023-03-01-at-13.43.34-3.jpeg 1126w\" sizes=\"auto, (max-width: 580px) 100vw, 580px\" \/><figcaption class=\"blocks-gallery-item__caption\">Batman<\/figcaption><\/figure><\/li><li class=\"blocks-gallery-item\"><figure><img loading=\"lazy\" decoding=\"async\" width=\"580\" height=\"1030\" src=\"https:\/\/www.fondationassistanceauxanimaux.org\/actu\/wp-content\/uploads\/2023\/03\/WhatsApp-Image-2023-03-01-at-13.43.35-1-1-580x1030.jpeg\" alt=\"\" data-id=\"17204\" data-full-url=\"https:\/\/www.fondationassistanceauxanimaux.org\/actu\/wp-content\/uploads\/2023\/03\/WhatsApp-Image-2023-03-01-at-13.43.35-1-1.jpeg\" data-link=\"https:\/\/www.fondationassistanceauxanimaux.org\/actu\/?attachment_id=17204\" class=\"wp-image-17204\" srcset=\"https:\/\/www.fondationassistanceauxanimaux.org\/actu\/wp-content\/uploads\/2023\/03\/WhatsApp-Image-2023-03-01-at-13.43.35-1-1-580x1030.jpeg 580w, https:\/\/www.fondationassistanceauxanimaux.org\/actu\/wp-content\/uploads\/2023\/03\/WhatsApp-Image-2023-03-01-at-13.43.35-1-1-169x300.jpeg 169w, https:\/\/www.fondationassistanceauxanimaux.org\/actu\/wp-content\/uploads\/2023\/03\/WhatsApp-Image-2023-03-01-at-13.43.35-1-1-768x1364.jpeg 768w, https:\/\/www.fondationassistanceauxanimaux.org\/actu\/wp-content\/uploads\/2023\/03\/WhatsApp-Image-2023-03-01-at-13.43.35-1-1-865x1536.jpeg 865w, https:\/\/www.fondationassistanceauxanimaux.org\/actu\/wp-content\/uploads\/2023\/03\/WhatsApp-Image-2023-03-01-at-13.43.35-1-1-845x1500.jpeg 845w, https:\/\/www.fondationassistanceauxanimaux.org\/actu\/wp-content\/uploads\/2023\/03\/WhatsApp-Image-2023-03-01-at-13.43.35-1-1-397x705.jpeg 397w, https:\/\/www.fondationassistanceauxanimaux.org\/actu\/wp-content\/uploads\/2023\/03\/WhatsApp-Image-2023-03-01-at-13.43.35-1-1.jpeg 1126w\" sizes=\"auto, (max-width: 580px) 100vw, 580px\" \/><figcaption class=\"blocks-gallery-item__caption\">Polpette<\/figcaption><\/figure><\/li><li class=\"blocks-gallery-item\"><figure><img loading=\"lazy\" decoding=\"async\" width=\"580\" height=\"1030\" src=\"https:\/\/www.fondationassistanceauxanimaux.org\/actu\/wp-content\/uploads\/2023\/03\/WhatsApp-Image-2023-03-01-at-13.43.35-2-1-580x1030.jpeg\" alt=\"\" data-id=\"17205\" data-full-url=\"https:\/\/www.fondationassistanceauxanimaux.org\/actu\/wp-content\/uploads\/2023\/03\/WhatsApp-Image-2023-03-01-at-13.43.35-2-1.jpeg\" data-link=\"https:\/\/www.fondationassistanceauxanimaux.org\/actu\/?attachment_id=17205\" class=\"wp-image-17205\" srcset=\"https:\/\/www.fondationassistanceauxanimaux.org\/actu\/wp-content\/uploads\/2023\/03\/WhatsApp-Image-2023-03-01-at-13.43.35-2-1-580x1030.jpeg 580w, https:\/\/www.fondationassistanceauxanimaux.org\/actu\/wp-content\/uploads\/2023\/03\/WhatsApp-Image-2023-03-01-at-13.43.35-2-1-169x300.jpeg 169w, https:\/\/www.fondationassistanceauxanimaux.org\/actu\/wp-content\/uploads\/2023\/03\/WhatsApp-Image-2023-03-01-at-13.43.35-2-1-768x1364.jpeg 768w, https:\/\/www.fondationassistanceauxanimaux.org\/actu\/wp-content\/uploads\/2023\/03\/WhatsApp-Image-2023-03-01-at-13.43.35-2-1-865x1536.jpeg 865w, https:\/\/www.fondationassistanceauxanimaux.org\/actu\/wp-content\/uploads\/2023\/03\/WhatsApp-Image-2023-03-01-at-13.43.35-2-1-845x1500.jpeg 845w, https:\/\/www.fondationassistanceauxanimaux.org\/actu\/wp-content\/uploads\/2023\/03\/WhatsApp-Image-2023-03-01-at-13.43.35-2-1-397x705.jpeg 397w, https:\/\/www.fondationassistanceauxanimaux.org\/actu\/wp-content\/uploads\/2023\/03\/WhatsApp-Image-2023-03-01-at-13.43.35-2-1.jpeg 1126w\" sizes=\"auto, (max-width: 580px) 100vw, 580px\" \/><figcaption class=\"blocks-gallery-item__caption\">Aslan<\/figcaption><\/figure><\/li><li class=\"blocks-gallery-item\"><figure><img loading=\"lazy\" decoding=\"async\" width=\"580\" height=\"1030\" src=\"https:\/\/www.fondationassistanceauxanimaux.org\/actu\/wp-content\/uploads\/2023\/03\/WhatsApp-Image-2023-03-01-at-13.43.35-3-1-580x1030.jpeg\" alt=\"\" data-id=\"17206\" data-full-url=\"https:\/\/www.fondationassistanceauxanimaux.org\/actu\/wp-content\/uploads\/2023\/03\/WhatsApp-Image-2023-03-01-at-13.43.35-3-1.jpeg\" data-link=\"https:\/\/www.fondationassistanceauxanimaux.org\/actu\/?attachment_id=17206\" class=\"wp-image-17206\" srcset=\"https:\/\/www.fondationassistanceauxanimaux.org\/actu\/wp-content\/uploads\/2023\/03\/WhatsApp-Image-2023-03-01-at-13.43.35-3-1-580x1030.jpeg 580w, https:\/\/www.fondationassistanceauxanimaux.org\/actu\/wp-content\/uploads\/2023\/03\/WhatsApp-Image-2023-03-01-at-13.43.35-3-1-169x300.jpeg 169w, https:\/\/www.fondationassistanceauxanimaux.org\/actu\/wp-content\/uploads\/2023\/03\/WhatsApp-Image-2023-03-01-at-13.43.35-3-1-768x1364.jpeg 768w, https:\/\/www.fondationassistanceauxanimaux.org\/actu\/wp-content\/uploads\/2023\/03\/WhatsApp-Image-2023-03-01-at-13.43.35-3-1-865x1536.jpeg 865w, https:\/\/www.fondationassistanceauxanimaux.org\/actu\/wp-content\/uploads\/2023\/03\/WhatsApp-Image-2023-03-01-at-13.43.35-3-1-845x1500.jpeg 845w, https:\/\/www.fondationassistanceauxanimaux.org\/actu\/wp-content\/uploads\/2023\/03\/WhatsApp-Image-2023-03-01-at-13.43.35-3-1-397x705.jpeg 397w, https:\/\/www.fondationassistanceauxanimaux.org\/actu\/wp-content\/uploads\/2023\/03\/WhatsApp-Image-2023-03-01-at-13.43.35-3-1.jpeg 1126w\" sizes=\"auto, (max-width: 580px) 100vw, 580px\" \/><figcaption class=\"blocks-gallery-item__caption\">Igloo<\/figcaption><\/figure><\/li><\/ul><\/figure>\n\n\n\n<blockquote class=\"wp-block-quote is-layout-flow wp-block-quote-is-layout-flow\"><p><strong>Ensemble, nous pouvons r\u00e9ussir cette op\u00e9ration \u00ab\u00a0adoption responsable\u00a0\u00bb, parce qu\u2019ils ont tous le droit \u00e0 une deuxi\u00e8me chance et \u00e0 une vie de famille.<\/strong><\/p><\/blockquote>\n\n\n\n<div class=\"wp-block-image\"><figure class=\"aligncenter size-large\"><img loading=\"lazy\" decoding=\"async\" width=\"744\" height=\"484\" src=\"https:\/\/www.fondationassistanceauxanimaux.org\/actu\/wp-content\/uploads\/2023\/03\/JPO-CARROS-2023-11-12-mars.png\" alt=\"\" class=\"wp-image-17127\" srcset=\"https:\/\/www.fondationassistanceauxanimaux.org\/actu\/wp-content\/uploads\/2023\/03\/JPO-CARROS-2023-11-12-mars.png 744w, https:\/\/www.fondationassistanceauxanimaux.org\/actu\/wp-content\/uploads\/2023\/03\/JPO-CARROS-2023-11-12-mars-300x195.png 300w, https:\/\/www.fondationassistanceauxanimaux.org\/actu\/wp-content\/uploads\/2023\/03\/JPO-CARROS-2023-11-12-mars-705x459.png 705w\" sizes=\"auto, (max-width: 744px) 100vw, 744px\" \/><\/figure><\/div>\n\n\n\n<h2 class=\"wp-block-heading\">Adresse<\/h2>\n\n\n\n<p><strong>GPS :&nbsp;<a href=\"https:\/\/goo.gl\/maps\/3w23HXAsyUEAgsYr6\">https:\/\/goo.gl\/maps\/3w23HXAsyUEAgsYr6<\/a><\/strong><\/p>\n\n\n\n<p><strong>ZI Carros<\/strong><br><strong>Quartier Lou Gabaire 13\u00e9me Rue<br>5\u00e8me Avenue<br>06510 Carros<\/strong><\/p>\n\n\n\n<p><strong>Plus d\u2019informations par t\u00e9l\u00e9phone :&nbsp;04 93 08 11 79<\/strong><\/p>\n","protected":false},"excerpt":{"rendered":"<p>Un \u00e9v\u00e9nement \u00e0 ne pas manquer ! Les 11 et 12 mars prochains, la Fondation Assistance aux Animaux vous invite au Refuge de Carros (06) pour un week-end Portes Ouvertes. Exceptionnellement ouvert\u00a0sans interruption\u00a0de 10h \u00e0 17h, le\u00a0refuge Fondation Assistance aux Animaux de Carros et\u00a0ses \u00e9quipes\u00a0vous invitent pour deux belles journ\u00e9es d\u2019adoption. Nous vous pr\u00e9sentons dans [&hellip;]<\/p>\n","protected":false},"author":3,"featured_media":17210,"comment_status":"closed","ping_status":"closed","sticky":false,"template":"","format":"standard","meta":{"footnotes":""},"categories":[21,17],"tags":[],"class_list":["post-17172","post","type-post","status-publish","format-standard","has-post-thumbnail","hentry","category-fondation-assistance-aux-animaux","category-refuge-de-carros"],"yoast_head":"<!-- This site is optimized with the Yoast SEO plugin v24.5 - https:\/\/yoast.com\/wordpress\/plugins\/seo\/ -->\n<title>Week-end Portes Ouvertes du refuge de Carros : pr\u00e9sentation de nos petits prot\u00e9g\u00e9s chats ! - Fondation Assistance aux Animaux - Actualit\u00e9s<\/title>\n<meta name=\"robots\" content=\"index, follow, max-snippet:-1, max-image-preview:large, max-video-preview:-1\" \/>\n<link rel=\"canonical\" href=\"https:\/\/www.fondationassistanceauxanimaux.org\/actu\/adoptez-chat-refuge-carros-portes-ouvertes-2023-17172\/\" \/>\n<meta property=\"og:locale\" content=\"fr_FR\" \/>\n<meta property=\"og:type\" content=\"article\" \/>\n<meta property=\"og:title\" content=\"Week-end Portes Ouvertes du refuge de Carros : pr\u00e9sentation de nos petits prot\u00e9g\u00e9s chats ! - Fondation Assistance aux Animaux - Actualit\u00e9s\" \/>\n<meta property=\"og:description\" content=\"Un \u00e9v\u00e9nement \u00e0 ne pas manquer ! Les 11 et 12 mars prochains, la Fondation Assistance aux Animaux vous invite au Refuge de Carros (06) pour un week-end Portes Ouvertes. Exceptionnellement ouvert\u00a0sans interruption\u00a0de 10h \u00e0 17h, le\u00a0refuge Fondation Assistance aux Animaux de Carros et\u00a0ses \u00e9quipes\u00a0vous invitent pour deux belles journ\u00e9es d\u2019adoption. Nous vous pr\u00e9sentons dans [&hellip;]\" \/>\n<meta property=\"og:url\" content=\"https:\/\/www.fondationassistanceauxanimaux.org\/actu\/adoptez-chat-refuge-carros-portes-ouvertes-2023-17172\/\" \/>\n<meta property=\"og:site_name\" content=\"Fondation Assistance aux Animaux - Actualit\u00e9s\" \/>\n<meta property=\"article:published_time\" content=\"2023-03-06T10:14:26+00:00\" \/>\n<meta property=\"article:modified_time\" content=\"2023-03-06T10:14:27+00:00\" \/>\n<meta property=\"og:image\" content=\"https:\/\/www.fondationassistanceauxanimaux.org\/actu\/wp-content\/uploads\/2023\/03\/WhatsApp-Image-2023-03-01-at-17.05.44-2.jpeg\" \/>\n\t<meta property=\"og:image:width\" content=\"1200\" \/>\n\t<meta property=\"og:image:height\" content=\"968\" \/>\n\t<meta property=\"og:image:type\" content=\"image\/jpeg\" \/>\n<meta name=\"author\" content=\"No\u00e9\" \/>\n<meta name=\"twitter:card\" content=\"summary_large_image\" \/>\n<meta name=\"twitter:label1\" content=\"\u00c9crit par\" \/>\n\t<meta name=\"twitter:data1\" content=\"No\u00e9\" \/>\n\t<meta name=\"twitter:label2\" content=\"Dur\u00e9e de lecture estim\u00e9e\" \/>\n\t<meta name=\"twitter:data2\" content=\"1 minute\" \/>\n<script type=\"application\/ld+json\" class=\"yoast-schema-graph\">{\"@context\":\"https:\/\/schema.org\",\"@graph\":[{\"@type\":\"WebPage\",\"@id\":\"https:\/\/www.fondationassistanceauxanimaux.org\/actu\/adoptez-chat-refuge-carros-portes-ouvertes-2023-17172\/\",\"url\":\"https:\/\/www.fondationassistanceauxanimaux.org\/actu\/adoptez-chat-refuge-carros-portes-ouvertes-2023-17172\/\",\"name\":\"Week-end Portes Ouvertes du refuge de Carros : pr\u00e9sentation de nos petits prot\u00e9g\u00e9s chats ! - Fondation Assistance aux Animaux - Actualit\u00e9s\",\"isPartOf\":{\"@id\":\"https:\/\/www.fondationassistanceauxanimaux.org\/actu\/#website\"},\"primaryImageOfPage\":{\"@id\":\"https:\/\/www.fondationassistanceauxanimaux.org\/actu\/adoptez-chat-refuge-carros-portes-ouvertes-2023-17172\/#primaryimage\"},\"image\":{\"@id\":\"https:\/\/www.fondationassistanceauxanimaux.org\/actu\/adoptez-chat-refuge-carros-portes-ouvertes-2023-17172\/#primaryimage\"},\"thumbnailUrl\":\"https:\/\/www.fondationassistanceauxanimaux.org\/actu\/wp-content\/uploads\/2023\/03\/WhatsApp-Image-2023-03-01-at-17.05.44-2.jpeg\",\"datePublished\":\"2023-03-06T10:14:26+00:00\",\"dateModified\":\"2023-03-06T10:14:27+00:00\",\"author\":{\"@id\":\"https:\/\/www.fondationassistanceauxanimaux.org\/actu\/#\/schema\/person\/71a8476d98daaea0d71a965c5603e10b\"},\"breadcrumb\":{\"@id\":\"https:\/\/www.fondationassistanceauxanimaux.org\/actu\/adoptez-chat-refuge-carros-portes-ouvertes-2023-17172\/#breadcrumb\"},\"inLanguage\":\"fr-FR\",\"potentialAction\":[{\"@type\":\"ReadAction\",\"target\":[\"https:\/\/www.fondationassistanceauxanimaux.org\/actu\/adoptez-chat-refuge-carros-portes-ouvertes-2023-17172\/\"]}]},{\"@type\":\"ImageObject\",\"inLanguage\":\"fr-FR\",\"@id\":\"https:\/\/www.fondationassistanceauxanimaux.org\/actu\/adoptez-chat-refuge-carros-portes-ouvertes-2023-17172\/#primaryimage\",\"url\":\"https:\/\/www.fondationassistanceauxanimaux.org\/actu\/wp-content\/uploads\/2023\/03\/WhatsApp-Image-2023-03-01-at-17.05.44-2.jpeg\",\"contentUrl\":\"https:\/\/www.fondationassistanceauxanimaux.org\/actu\/wp-content\/uploads\/2023\/03\/WhatsApp-Image-2023-03-01-at-17.05.44-2.jpeg\",\"width\":1200,\"height\":968},{\"@type\":\"BreadcrumbList\",\"@id\":\"https:\/\/www.fondationassistanceauxanimaux.org\/actu\/adoptez-chat-refuge-carros-portes-ouvertes-2023-17172\/#breadcrumb\",\"itemListElement\":[{\"@type\":\"ListItem\",\"position\":1,\"name\":\"Accueil\",\"item\":\"https:\/\/www.fondationassistanceauxanimaux.org\/actu\/\"},{\"@type\":\"ListItem\",\"position\":2,\"name\":\"Week-end Portes Ouvertes du refuge de Carros : pr\u00e9sentation de nos petits prot\u00e9g\u00e9s chats !\"}]},{\"@type\":\"WebSite\",\"@id\":\"https:\/\/www.fondationassistanceauxanimaux.org\/actu\/#website\",\"url\":\"https:\/\/www.fondationassistanceauxanimaux.org\/actu\/\",\"name\":\"Fondation Assistance aux Animaux - Actualit\u00e9s\",\"description\":\"Depuis 1930 la Fondation Assistance aux Animaux pour la d\u00e9fense et la protection des animaux maltrait\u00e9s et abandonn\u00e9s\",\"potentialAction\":[{\"@type\":\"SearchAction\",\"target\":{\"@type\":\"EntryPoint\",\"urlTemplate\":\"https:\/\/www.fondationassistanceauxanimaux.org\/actu\/?s={search_term_string}\"},\"query-input\":{\"@type\":\"PropertyValueSpecification\",\"valueRequired\":true,\"valueName\":\"search_term_string\"}}],\"inLanguage\":\"fr-FR\"},{\"@type\":\"Person\",\"@id\":\"https:\/\/www.fondationassistanceauxanimaux.org\/actu\/#\/schema\/person\/71a8476d98daaea0d71a965c5603e10b\",\"name\":\"No\u00e9\",\"image\":{\"@type\":\"ImageObject\",\"inLanguage\":\"fr-FR\",\"@id\":\"https:\/\/www.fondationassistanceauxanimaux.org\/actu\/#\/schema\/person\/image\/\",\"url\":\"https:\/\/secure.gravatar.com\/avatar\/d34cf6c6bd22b3db9c932bc580c4d1ba93c0cda7588a41b59078888ab1e5f007?s=96&d=mm&r=g\",\"contentUrl\":\"https:\/\/secure.gravatar.com\/avatar\/d34cf6c6bd22b3db9c932bc580c4d1ba93c0cda7588a41b59078888ab1e5f007?s=96&d=mm&r=g\",\"caption\":\"No\u00e9\"},\"url\":\"https:\/\/www.fondationassistanceauxanimaux.org\/actu\/author\/anne\/\"}]}<\/script>\n<!-- \/ Yoast SEO plugin. -->","yoast_head_json":{"title":"Week-end Portes Ouvertes du refuge de Carros : pr\u00e9sentation de nos petits prot\u00e9g\u00e9s chats ! - Fondation Assistance aux Animaux - Actualit\u00e9s","robots":{"index":"index","follow":"follow","max-snippet":"max-snippet:-1","max-image-preview":"max-image-preview:large","max-video-preview":"max-video-preview:-1"},"canonical":"https:\/\/www.fondationassistanceauxanimaux.org\/actu\/adoptez-chat-refuge-carros-portes-ouvertes-2023-17172\/","og_locale":"fr_FR","og_type":"article","og_title":"Week-end Portes Ouvertes du refuge de Carros : pr\u00e9sentation de nos petits prot\u00e9g\u00e9s chats ! - Fondation Assistance aux Animaux - Actualit\u00e9s","og_description":"Un \u00e9v\u00e9nement \u00e0 ne pas manquer ! Les 11 et 12 mars prochains, la Fondation Assistance aux Animaux vous invite au Refuge de Carros (06) pour un week-end Portes Ouvertes. Exceptionnellement ouvert\u00a0sans interruption\u00a0de 10h \u00e0 17h, le\u00a0refuge Fondation Assistance aux Animaux de Carros et\u00a0ses \u00e9quipes\u00a0vous invitent pour deux belles journ\u00e9es d\u2019adoption. Nous vous pr\u00e9sentons dans [&hellip;]","og_url":"https:\/\/www.fondationassistanceauxanimaux.org\/actu\/adoptez-chat-refuge-carros-portes-ouvertes-2023-17172\/","og_site_name":"Fondation Assistance aux Animaux - Actualit\u00e9s","article_published_time":"2023-03-06T10:14:26+00:00","article_modified_time":"2023-03-06T10:14:27+00:00","og_image":[{"width":1200,"height":968,"url":"https:\/\/www.fondationassistanceauxanimaux.org\/actu\/wp-content\/uploads\/2023\/03\/WhatsApp-Image-2023-03-01-at-17.05.44-2.jpeg","type":"image\/jpeg"}],"author":"No\u00e9","twitter_card":"summary_large_image","twitter_misc":{"\u00c9crit par":"No\u00e9","Dur\u00e9e de lecture estim\u00e9e":"1 minute"},"schema":{"@context":"https:\/\/schema.org","@graph":[{"@type":"WebPage","@id":"https:\/\/www.fondationassistanceauxanimaux.org\/actu\/adoptez-chat-refuge-carros-portes-ouvertes-2023-17172\/","url":"https:\/\/www.fondationassistanceauxanimaux.org\/actu\/adoptez-chat-refuge-carros-portes-ouvertes-2023-17172\/","name":"Week-end Portes Ouvertes du refuge de Carros : pr\u00e9sentation de nos petits prot\u00e9g\u00e9s chats ! - Fondation Assistance aux Animaux - Actualit\u00e9s","isPartOf":{"@id":"https:\/\/www.fondationassistanceauxanimaux.org\/actu\/#website"},"primaryImageOfPage":{"@id":"https:\/\/www.fondationassistanceauxanimaux.org\/actu\/adoptez-chat-refuge-carros-portes-ouvertes-2023-17172\/#primaryimage"},"image":{"@id":"https:\/\/www.fondationassistanceauxanimaux.org\/actu\/adoptez-chat-refuge-carros-portes-ouvertes-2023-17172\/#primaryimage"},"thumbnailUrl":"https:\/\/www.fondationassistanceauxanimaux.org\/actu\/wp-content\/uploads\/2023\/03\/WhatsApp-Image-2023-03-01-at-17.05.44-2.jpeg","datePublished":"2023-03-06T10:14:26+00:00","dateModified":"2023-03-06T10:14:27+00:00","author":{"@id":"https:\/\/www.fondationassistanceauxanimaux.org\/actu\/#\/schema\/person\/71a8476d98daaea0d71a965c5603e10b"},"breadcrumb":{"@id":"https:\/\/www.fondationassistanceauxanimaux.org\/actu\/adoptez-chat-refuge-carros-portes-ouvertes-2023-17172\/#breadcrumb"},"inLanguage":"fr-FR","potentialAction":[{"@type":"ReadAction","target":["https:\/\/www.fondationassistanceauxanimaux.org\/actu\/adoptez-chat-refuge-carros-portes-ouvertes-2023-17172\/"]}]},{"@type":"ImageObject","inLanguage":"fr-FR","@id":"https:\/\/www.fondationassistanceauxanimaux.org\/actu\/adoptez-chat-refuge-carros-portes-ouvertes-2023-17172\/#primaryimage","url":"https:\/\/www.fondationassistanceauxanimaux.org\/actu\/wp-content\/uploads\/2023\/03\/WhatsApp-Image-2023-03-01-at-17.05.44-2.jpeg","contentUrl":"https:\/\/www.fondationassistanceauxanimaux.org\/actu\/wp-content\/uploads\/2023\/03\/WhatsApp-Image-2023-03-01-at-17.05.44-2.jpeg","width":1200,"height":968},{"@type":"BreadcrumbList","@id":"https:\/\/www.fondationassistanceauxanimaux.org\/actu\/adoptez-chat-refuge-carros-portes-ouvertes-2023-17172\/#breadcrumb","itemListElement":[{"@type":"ListItem","position":1,"name":"Accueil","item":"https:\/\/www.fondationassistanceauxanimaux.org\/actu\/"},{"@type":"ListItem","position":2,"name":"Week-end Portes Ouvertes du refuge de Carros : pr\u00e9sentation de nos petits prot\u00e9g\u00e9s chats !"}]},{"@type":"WebSite","@id":"https:\/\/www.fondationassistanceauxanimaux.org\/actu\/#website","url":"https:\/\/www.fondationassistanceauxanimaux.org\/actu\/","name":"Fondation Assistance aux Animaux - Actualit\u00e9s","description":"Depuis 1930 la Fondation Assistance aux Animaux pour la d\u00e9fense et la protection des animaux maltrait\u00e9s et abandonn\u00e9s","potentialAction":[{"@type":"SearchAction","target":{"@type":"EntryPoint","urlTemplate":"https:\/\/www.fondationassistanceauxanimaux.org\/actu\/?s={search_term_string}"},"query-input":{"@type":"PropertyValueSpecification","valueRequired":true,"valueName":"search_term_string"}}],"inLanguage":"fr-FR"},{"@type":"Person","@id":"https:\/\/www.fondationassistanceauxanimaux.org\/actu\/#\/schema\/person\/71a8476d98daaea0d71a965c5603e10b","name":"No\u00e9","image":{"@type":"ImageObject","inLanguage":"fr-FR","@id":"https:\/\/www.fondationassistanceauxanimaux.org\/actu\/#\/schema\/person\/image\/","url":"https:\/\/secure.gravatar.com\/avatar\/d34cf6c6bd22b3db9c932bc580c4d1ba93c0cda7588a41b59078888ab1e5f007?s=96&d=mm&r=g","contentUrl":"https:\/\/secure.gravatar.com\/avatar\/d34cf6c6bd22b3db9c932bc580c4d1ba93c0cda7588a41b59078888ab1e5f007?s=96&d=mm&r=g","caption":"No\u00e9"},"url":"https:\/\/www.fondationassistanceauxanimaux.org\/actu\/author\/anne\/"}]}},"_links":{"self":[{"href":"https:\/\/www.fondationassistanceauxanimaux.org\/actu\/wp-json\/wp\/v2\/posts\/17172","targetHints":{"allow":["GET"]}}],"collection":[{"href":"https:\/\/www.fondationassistanceauxanimaux.org\/actu\/wp-json\/wp\/v2\/posts"}],"about":[{"href":"https:\/\/www.fondationassistanceauxanimaux.org\/actu\/wp-json\/wp\/v2\/types\/post"}],"author":[{"embeddable":true,"href":"https:\/\/www.fondationassistanceauxanimaux.org\/actu\/wp-json\/wp\/v2\/users\/3"}],"replies":[{"embeddable":true,"href":"https:\/\/www.fondationassistanceauxanimaux.org\/actu\/wp-json\/wp\/v2\/comments?post=17172"}],"version-history":[{"count":1,"href":"https:\/\/www.fondationassistanceauxanimaux.org\/actu\/wp-json\/wp\/v2\/posts\/17172\/revisions"}],"predecessor-version":[{"id":17211,"href":"https:\/\/www.fondationassistanceauxanimaux.org\/actu\/wp-json\/wp\/v2\/posts\/17172\/revisions\/17211"}],"wp:featuredmedia":[{"embeddable":true,"href":"https:\/\/www.fondationassistanceauxanimaux.org\/actu\/wp-json\/wp\/v2\/media\/17210"}],"wp:attachment":[{"href":"https:\/\/www.fondationassistanceauxanimaux.org\/actu\/wp-json\/wp\/v2\/media?parent=17172"}],"wp:term":[{"taxonomy":"category","embeddable":true,"href":"https:\/\/www.fondationassistanceauxanimaux.org\/actu\/wp-json\/wp\/v2\/categories?post=17172"},{"taxonomy":"post_tag","embeddable":true,"href":"https:\/\/www.fondationassistanceauxanimaux.org\/actu\/wp-json\/wp\/v2\/tags?post=17172"}],"curies":[{"name":"wp","href":"https:\/\/api.w.org\/{rel}","templated":true}]}}