{"id":17126,"date":"2023-03-06T09:45:22","date_gmt":"2023-03-06T08:45:22","guid":{"rendered":"https:\/\/www.fondationassistanceauxanimaux.org\/actu\/?p=17126"},"modified":"2023-03-06T10:54:46","modified_gmt":"2023-03-06T09:54:46","slug":"week-end-portes-ouvertes-refuge-carros","status":"publish","type":"post","link":"https:\/\/www.fondationassistanceauxanimaux.org\/actu\/week-end-portes-ouvertes-refuge-carros-17126\/","title":{"rendered":"Week-end Portes Ouvertes au refuge de Carros : les 11 et 12 mars"},"content":{"rendered":"\n<p><strong>Les 11 et 12 mars prochains, la Fondation Assistance aux Animaux vous invite au Refuge de Carros (06) pour le grand retour de ses journ\u00e9es Portes Ouvertes Adoptions&nbsp;: UN \u00c9V\u00c9NEMENT \u00c0 NE PAS MANQUER<\/strong>.<\/p>\n\n\n\n<p><strong>Exceptionnellement ouvert&nbsp;sans interruption&nbsp;de 10h \u00e0 17h, le&nbsp;refuge Fondation Assistance aux Animaux de Carros et&nbsp;ses \u00e9quipes&nbsp;vous invitent pour deux belles journ\u00e9es d\u2019adoption les&nbsp;11 et 12 mars&nbsp;<\/strong><\/p>\n\n\n\n<p><strong>Au programme : d\u00e9couverte, partage, convivialit\u00e9 et festivit\u00e9 pour donner rendez-vous aux adoptants, passionn\u00e9s et visiteurs.<\/strong><\/p>\n\n\n\n<p><strong>Des dizaines de chiens et de chats (mais aussi des cochons) attendent d\u00e9sesp\u00e9r\u00e9ment un foyer ; petits ou grands, jeunes ou vieux : tous attendent de trouver un chez eux chez vous. Nous vous pr\u00e9sentons six d&rsquo;entre eux !<\/strong><\/p>\n\n\n\n<figure class=\"wp-block-gallery columns-3 is-cropped wp-block-gallery-1 is-layout-flex wp-block-gallery-is-layout-flex\"><ul class=\"blocks-gallery-grid\"><li class=\"blocks-gallery-item\"><figure><img loading=\"lazy\" decoding=\"async\" width=\"580\" height=\"1030\" src=\"https:\/\/www.fondationassistanceauxanimaux.org\/actu\/wp-content\/uploads\/2023\/03\/WhatsApp-Image-2023-03-01-at-23.42.58-580x1030.jpeg\" alt=\"\" data-id=\"17128\" data-full-url=\"https:\/\/www.fondationassistanceauxanimaux.org\/actu\/wp-content\/uploads\/2023\/03\/WhatsApp-Image-2023-03-01-at-23.42.58.jpeg\" data-link=\"https:\/\/www.fondationassistanceauxanimaux.org\/actu\/?attachment_id=17128\" class=\"wp-image-17128\" srcset=\"https:\/\/www.fondationassistanceauxanimaux.org\/actu\/wp-content\/uploads\/2023\/03\/WhatsApp-Image-2023-03-01-at-23.42.58-580x1030.jpeg 580w, https:\/\/www.fondationassistanceauxanimaux.org\/actu\/wp-content\/uploads\/2023\/03\/WhatsApp-Image-2023-03-01-at-23.42.58-169x300.jpeg 169w, https:\/\/www.fondationassistanceauxanimaux.org\/actu\/wp-content\/uploads\/2023\/03\/WhatsApp-Image-2023-03-01-at-23.42.58-768x1364.jpeg 768w, https:\/\/www.fondationassistanceauxanimaux.org\/actu\/wp-content\/uploads\/2023\/03\/WhatsApp-Image-2023-03-01-at-23.42.58-865x1536.jpeg 865w, https:\/\/www.fondationassistanceauxanimaux.org\/actu\/wp-content\/uploads\/2023\/03\/WhatsApp-Image-2023-03-01-at-23.42.58-845x1500.jpeg 845w, https:\/\/www.fondationassistanceauxanimaux.org\/actu\/wp-content\/uploads\/2023\/03\/WhatsApp-Image-2023-03-01-at-23.42.58-397x705.jpeg 397w, https:\/\/www.fondationassistanceauxanimaux.org\/actu\/wp-content\/uploads\/2023\/03\/WhatsApp-Image-2023-03-01-at-23.42.58.jpeg 1126w\" sizes=\"auto, (max-width: 580px) 100vw, 580px\" \/><figcaption class=\"blocks-gallery-item__caption\">Dyna<\/figcaption><\/figure><\/li><li class=\"blocks-gallery-item\"><figure><img loading=\"lazy\" decoding=\"async\" width=\"580\" height=\"1030\" src=\"https:\/\/www.fondationassistanceauxanimaux.org\/actu\/wp-content\/uploads\/2023\/03\/WhatsApp-Image-2023-03-01-at-13.43.36-580x1030.jpeg\" alt=\"\" data-id=\"17134\" data-full-url=\"https:\/\/www.fondationassistanceauxanimaux.org\/actu\/wp-content\/uploads\/2023\/03\/WhatsApp-Image-2023-03-01-at-13.43.36.jpeg\" data-link=\"https:\/\/www.fondationassistanceauxanimaux.org\/actu\/?attachment_id=17134\" class=\"wp-image-17134\" srcset=\"https:\/\/www.fondationassistanceauxanimaux.org\/actu\/wp-content\/uploads\/2023\/03\/WhatsApp-Image-2023-03-01-at-13.43.36-580x1030.jpeg 580w, https:\/\/www.fondationassistanceauxanimaux.org\/actu\/wp-content\/uploads\/2023\/03\/WhatsApp-Image-2023-03-01-at-13.43.36-169x300.jpeg 169w, https:\/\/www.fondationassistanceauxanimaux.org\/actu\/wp-content\/uploads\/2023\/03\/WhatsApp-Image-2023-03-01-at-13.43.36-768x1364.jpeg 768w, https:\/\/www.fondationassistanceauxanimaux.org\/actu\/wp-content\/uploads\/2023\/03\/WhatsApp-Image-2023-03-01-at-13.43.36-865x1536.jpeg 865w, https:\/\/www.fondationassistanceauxanimaux.org\/actu\/wp-content\/uploads\/2023\/03\/WhatsApp-Image-2023-03-01-at-13.43.36-845x1500.jpeg 845w, https:\/\/www.fondationassistanceauxanimaux.org\/actu\/wp-content\/uploads\/2023\/03\/WhatsApp-Image-2023-03-01-at-13.43.36-397x705.jpeg 397w, https:\/\/www.fondationassistanceauxanimaux.org\/actu\/wp-content\/uploads\/2023\/03\/WhatsApp-Image-2023-03-01-at-13.43.36.jpeg 1126w\" sizes=\"auto, (max-width: 580px) 100vw, 580px\" \/><figcaption class=\"blocks-gallery-item__caption\">Maesteo<\/figcaption><\/figure><\/li><li class=\"blocks-gallery-item\"><figure><img loading=\"lazy\" decoding=\"async\" width=\"580\" height=\"1030\" src=\"https:\/\/www.fondationassistanceauxanimaux.org\/actu\/wp-content\/uploads\/2023\/03\/WhatsApp-Image-2023-03-01-at-13.43.35-580x1030.jpeg\" alt=\"\" data-id=\"17133\" data-full-url=\"https:\/\/www.fondationassistanceauxanimaux.org\/actu\/wp-content\/uploads\/2023\/03\/WhatsApp-Image-2023-03-01-at-13.43.35.jpeg\" data-link=\"https:\/\/www.fondationassistanceauxanimaux.org\/actu\/?attachment_id=17133\" class=\"wp-image-17133\" srcset=\"https:\/\/www.fondationassistanceauxanimaux.org\/actu\/wp-content\/uploads\/2023\/03\/WhatsApp-Image-2023-03-01-at-13.43.35-580x1030.jpeg 580w, https:\/\/www.fondationassistanceauxanimaux.org\/actu\/wp-content\/uploads\/2023\/03\/WhatsApp-Image-2023-03-01-at-13.43.35-169x300.jpeg 169w, https:\/\/www.fondationassistanceauxanimaux.org\/actu\/wp-content\/uploads\/2023\/03\/WhatsApp-Image-2023-03-01-at-13.43.35-768x1364.jpeg 768w, https:\/\/www.fondationassistanceauxanimaux.org\/actu\/wp-content\/uploads\/2023\/03\/WhatsApp-Image-2023-03-01-at-13.43.35-865x1536.jpeg 865w, https:\/\/www.fondationassistanceauxanimaux.org\/actu\/wp-content\/uploads\/2023\/03\/WhatsApp-Image-2023-03-01-at-13.43.35-845x1500.jpeg 845w, https:\/\/www.fondationassistanceauxanimaux.org\/actu\/wp-content\/uploads\/2023\/03\/WhatsApp-Image-2023-03-01-at-13.43.35-397x705.jpeg 397w, https:\/\/www.fondationassistanceauxanimaux.org\/actu\/wp-content\/uploads\/2023\/03\/WhatsApp-Image-2023-03-01-at-13.43.35.jpeg 1126w\" sizes=\"auto, (max-width: 580px) 100vw, 580px\" \/><figcaption class=\"blocks-gallery-item__caption\">Nereus<\/figcaption><\/figure><\/li><li class=\"blocks-gallery-item\"><figure><img loading=\"lazy\" decoding=\"async\" width=\"580\" height=\"1030\" src=\"https:\/\/www.fondationassistanceauxanimaux.org\/actu\/wp-content\/uploads\/2023\/03\/WhatsApp-Image-2023-03-01-at-13.43.35-2-580x1030.jpeg\" alt=\"\" data-id=\"17131\" data-full-url=\"https:\/\/www.fondationassistanceauxanimaux.org\/actu\/wp-content\/uploads\/2023\/03\/WhatsApp-Image-2023-03-01-at-13.43.35-2.jpeg\" data-link=\"https:\/\/www.fondationassistanceauxanimaux.org\/actu\/?attachment_id=17131\" class=\"wp-image-17131\" srcset=\"https:\/\/www.fondationassistanceauxanimaux.org\/actu\/wp-content\/uploads\/2023\/03\/WhatsApp-Image-2023-03-01-at-13.43.35-2-580x1030.jpeg 580w, https:\/\/www.fondationassistanceauxanimaux.org\/actu\/wp-content\/uploads\/2023\/03\/WhatsApp-Image-2023-03-01-at-13.43.35-2-169x300.jpeg 169w, https:\/\/www.fondationassistanceauxanimaux.org\/actu\/wp-content\/uploads\/2023\/03\/WhatsApp-Image-2023-03-01-at-13.43.35-2-768x1364.jpeg 768w, https:\/\/www.fondationassistanceauxanimaux.org\/actu\/wp-content\/uploads\/2023\/03\/WhatsApp-Image-2023-03-01-at-13.43.35-2-865x1536.jpeg 865w, https:\/\/www.fondationassistanceauxanimaux.org\/actu\/wp-content\/uploads\/2023\/03\/WhatsApp-Image-2023-03-01-at-13.43.35-2-845x1500.jpeg 845w, https:\/\/www.fondationassistanceauxanimaux.org\/actu\/wp-content\/uploads\/2023\/03\/WhatsApp-Image-2023-03-01-at-13.43.35-2-397x705.jpeg 397w, https:\/\/www.fondationassistanceauxanimaux.org\/actu\/wp-content\/uploads\/2023\/03\/WhatsApp-Image-2023-03-01-at-13.43.35-2.jpeg 1126w\" sizes=\"auto, (max-width: 580px) 100vw, 580px\" \/><figcaption class=\"blocks-gallery-item__caption\">Aslan<\/figcaption><\/figure><\/li><li class=\"blocks-gallery-item\"><figure><img loading=\"lazy\" decoding=\"async\" width=\"580\" height=\"1030\" src=\"https:\/\/www.fondationassistanceauxanimaux.org\/actu\/wp-content\/uploads\/2023\/03\/WhatsApp-Image-2023-03-01-at-13.43.58-580x1030.jpeg\" alt=\"\" data-id=\"17135\" data-full-url=\"https:\/\/www.fondationassistanceauxanimaux.org\/actu\/wp-content\/uploads\/2023\/03\/WhatsApp-Image-2023-03-01-at-13.43.58.jpeg\" data-link=\"https:\/\/www.fondationassistanceauxanimaux.org\/actu\/?attachment_id=17135\" class=\"wp-image-17135\" srcset=\"https:\/\/www.fondationassistanceauxanimaux.org\/actu\/wp-content\/uploads\/2023\/03\/WhatsApp-Image-2023-03-01-at-13.43.58-580x1030.jpeg 580w, https:\/\/www.fondationassistanceauxanimaux.org\/actu\/wp-content\/uploads\/2023\/03\/WhatsApp-Image-2023-03-01-at-13.43.58-169x300.jpeg 169w, https:\/\/www.fondationassistanceauxanimaux.org\/actu\/wp-content\/uploads\/2023\/03\/WhatsApp-Image-2023-03-01-at-13.43.58-768x1364.jpeg 768w, https:\/\/www.fondationassistanceauxanimaux.org\/actu\/wp-content\/uploads\/2023\/03\/WhatsApp-Image-2023-03-01-at-13.43.58-865x1536.jpeg 865w, https:\/\/www.fondationassistanceauxanimaux.org\/actu\/wp-content\/uploads\/2023\/03\/WhatsApp-Image-2023-03-01-at-13.43.58-845x1500.jpeg 845w, https:\/\/www.fondationassistanceauxanimaux.org\/actu\/wp-content\/uploads\/2023\/03\/WhatsApp-Image-2023-03-01-at-13.43.58-397x705.jpeg 397w, https:\/\/www.fondationassistanceauxanimaux.org\/actu\/wp-content\/uploads\/2023\/03\/WhatsApp-Image-2023-03-01-at-13.43.58.jpeg 1126w\" sizes=\"auto, (max-width: 580px) 100vw, 580px\" \/><figcaption class=\"blocks-gallery-item__caption\">No\u00e9<\/figcaption><\/figure><\/li><li class=\"blocks-gallery-item\"><figure><img loading=\"lazy\" decoding=\"async\" width=\"580\" height=\"1030\" src=\"https:\/\/www.fondationassistanceauxanimaux.org\/actu\/wp-content\/uploads\/2023\/03\/WhatsApp-Image-2023-03-01-at-13.43.35-3-580x1030.jpeg\" alt=\"\" data-id=\"17132\" data-full-url=\"https:\/\/www.fondationassistanceauxanimaux.org\/actu\/wp-content\/uploads\/2023\/03\/WhatsApp-Image-2023-03-01-at-13.43.35-3.jpeg\" data-link=\"https:\/\/www.fondationassistanceauxanimaux.org\/actu\/?attachment_id=17132\" class=\"wp-image-17132\" srcset=\"https:\/\/www.fondationassistanceauxanimaux.org\/actu\/wp-content\/uploads\/2023\/03\/WhatsApp-Image-2023-03-01-at-13.43.35-3-580x1030.jpeg 580w, https:\/\/www.fondationassistanceauxanimaux.org\/actu\/wp-content\/uploads\/2023\/03\/WhatsApp-Image-2023-03-01-at-13.43.35-3-169x300.jpeg 169w, https:\/\/www.fondationassistanceauxanimaux.org\/actu\/wp-content\/uploads\/2023\/03\/WhatsApp-Image-2023-03-01-at-13.43.35-3-768x1364.jpeg 768w, https:\/\/www.fondationassistanceauxanimaux.org\/actu\/wp-content\/uploads\/2023\/03\/WhatsApp-Image-2023-03-01-at-13.43.35-3-865x1536.jpeg 865w, https:\/\/www.fondationassistanceauxanimaux.org\/actu\/wp-content\/uploads\/2023\/03\/WhatsApp-Image-2023-03-01-at-13.43.35-3-845x1500.jpeg 845w, https:\/\/www.fondationassistanceauxanimaux.org\/actu\/wp-content\/uploads\/2023\/03\/WhatsApp-Image-2023-03-01-at-13.43.35-3-397x705.jpeg 397w, https:\/\/www.fondationassistanceauxanimaux.org\/actu\/wp-content\/uploads\/2023\/03\/WhatsApp-Image-2023-03-01-at-13.43.35-3.jpeg 1126w\" sizes=\"auto, (max-width: 580px) 100vw, 580px\" \/><figcaption class=\"blocks-gallery-item__caption\">Igloo<\/figcaption><\/figure><\/li><\/ul><\/figure>\n\n\n\n<blockquote class=\"wp-block-quote is-layout-flow wp-block-quote-is-layout-flow\"><p><strong>Ensemble, nous pouvons r\u00e9ussir cette op\u00e9ration \u00ab&nbsp;adoption responsable&nbsp;\u00bb, parce qu\u2019ils ont tous le droit \u00e0 une deuxi\u00e8me chance et \u00e0 une vie de famille ; notre refuge est satur\u00e9 de ces rescap\u00e9s oubli\u00e9s, ces laiss\u00e9s-pour-compte ab\u00eem\u00e9s.<\/strong><\/p><\/blockquote>\n\n\n\n<p><strong>Nous comptons sur vous pour venir mais aussi pour partager l\u2019\u00e9v\u00e8nement : renseignements, pr\u00e9vention, motivation de nos \u00e9quipes salari\u00e9es et b\u00e9n\u00e9voles, pr\u00e9sentation de nos prot\u00e9g\u00e9s.<\/strong><\/p>\n\n\n\n<p><strong>Soyez audacieux, franchissez les portes du refuge et rentrez avec votre ami pour la vie.<\/strong><\/p>\n\n\n\n<p><strong>Et si certains n\u2019ont pas \u00e0 cette occasion, la chance de repartir avec une famille, ils auront \u00e0 nouveau l\u2019espoir d\u2019\u00e9changes d\u2019\u00e9motion, de regards, de caresses, d\u2019admiration et de compassion.<\/strong><\/p>\n\n\n\n<p><strong>C\u2019est ensemble que nous pouvons et devons les aider, ensemble que nous changerons les choses.&nbsp;<\/strong><\/p>\n\n\n\n<p><strong>Merci pour eux ! Nous vous attendons nombreux.<\/strong><\/p>\n\n\n\n<div class=\"wp-block-image\"><figure class=\"aligncenter size-large\"><img loading=\"lazy\" decoding=\"async\" width=\"744\" height=\"484\" src=\"https:\/\/www.fondationassistanceauxanimaux.org\/actu\/wp-content\/uploads\/2023\/03\/JPO-CARROS-2023-11-12-mars.png\" alt=\"\" class=\"wp-image-17127\" srcset=\"https:\/\/www.fondationassistanceauxanimaux.org\/actu\/wp-content\/uploads\/2023\/03\/JPO-CARROS-2023-11-12-mars.png 744w, https:\/\/www.fondationassistanceauxanimaux.org\/actu\/wp-content\/uploads\/2023\/03\/JPO-CARROS-2023-11-12-mars-300x195.png 300w, https:\/\/www.fondationassistanceauxanimaux.org\/actu\/wp-content\/uploads\/2023\/03\/JPO-CARROS-2023-11-12-mars-705x459.png 705w\" sizes=\"auto, (max-width: 744px) 100vw, 744px\" \/><\/figure><\/div>\n\n\n\n<blockquote class=\"wp-block-quote is-layout-flow wp-block-quote-is-layout-flow\"><p><strong>Un stand caritatif et d\u2019informations Fondation Assistance aux Animaux sera sur place. Il y aura de la documentation et des goodies (porte-cl\u00e9s, calendrier, revue \u00ab\u00a0La Voix des B\u00eates\u00a0\u00bb &#8230;). Une petite brocante pour animaux va \u00e9galement \u00eatre mise en place.<\/strong><\/p><\/blockquote>\n\n\n\n<h2 class=\"wp-block-heading\">Adresse<\/h2>\n\n\n\n<p><strong>GPS : <a href=\"https:\/\/goo.gl\/maps\/3w23HXAsyUEAgsYr6\">https:\/\/goo.gl\/maps\/3w23HXAsyUEAgsYr6<\/a><\/strong><\/p>\n\n\n\n<p><strong>ZI Carros<\/strong><br><strong>Quartier Lou Gabaire 13\u00e9me Rue<br>5\u00e9me Avenue<br>06510 Carros<\/strong><\/p>\n\n\n\n<p><strong>Plus d\u2019informations par t\u00e9l\u00e9phone :&nbsp;04 93 08 11 79<\/strong><\/p>\n","protected":false},"excerpt":{"rendered":"<p>Les 11 et 12 mars prochains, la Fondation Assistance aux Animaux vous invite au Refuge de Carros (06) pour le grand retour de ses journ\u00e9es Portes Ouvertes Adoptions&nbsp;: UN \u00c9V\u00c9NEMENT \u00c0 NE PAS MANQUER. Exceptionnellement ouvert&nbsp;sans interruption&nbsp;de 10h \u00e0 17h, le&nbsp;refuge Fondation Assistance aux Animaux de Carros et&nbsp;ses \u00e9quipes&nbsp;vous invitent pour deux belles journ\u00e9es d\u2019adoption [&hellip;]<\/p>\n","protected":false},"author":3,"featured_media":17127,"comment_status":"closed","ping_status":"closed","sticky":false,"template":"","format":"standard","meta":{"footnotes":""},"categories":[21,17],"tags":[],"class_list":["post-17126","post","type-post","status-publish","format-standard","has-post-thumbnail","hentry","category-fondation-assistance-aux-animaux","category-refuge-de-carros"],"yoast_head":"<!-- This site is optimized with the Yoast SEO plugin v24.5 - https:\/\/yoast.com\/wordpress\/plugins\/seo\/ -->\n<title>Week-end Portes Ouvertes au refuge de Carros : les 11 et 12 mars - Fondation Assistance aux Animaux - Actualit\u00e9s<\/title>\n<meta name=\"robots\" content=\"index, follow, max-snippet:-1, max-image-preview:large, max-video-preview:-1\" \/>\n<link rel=\"canonical\" href=\"https:\/\/www.fondationassistanceauxanimaux.org\/actu\/week-end-portes-ouvertes-refuge-carros-17126\/\" \/>\n<meta property=\"og:locale\" content=\"fr_FR\" \/>\n<meta property=\"og:type\" content=\"article\" \/>\n<meta property=\"og:title\" content=\"Week-end Portes Ouvertes au refuge de Carros : les 11 et 12 mars - Fondation Assistance aux Animaux - Actualit\u00e9s\" \/>\n<meta property=\"og:description\" content=\"Les 11 et 12 mars prochains, la Fondation Assistance aux Animaux vous invite au Refuge de Carros (06) pour le grand retour de ses journ\u00e9es Portes Ouvertes Adoptions&nbsp;: UN \u00c9V\u00c9NEMENT \u00c0 NE PAS MANQUER. Exceptionnellement ouvert&nbsp;sans interruption&nbsp;de 10h \u00e0 17h, le&nbsp;refuge Fondation Assistance aux Animaux de Carros et&nbsp;ses \u00e9quipes&nbsp;vous invitent pour deux belles journ\u00e9es d\u2019adoption [&hellip;]\" \/>\n<meta property=\"og:url\" content=\"https:\/\/www.fondationassistanceauxanimaux.org\/actu\/week-end-portes-ouvertes-refuge-carros-17126\/\" \/>\n<meta property=\"og:site_name\" content=\"Fondation Assistance aux Animaux - Actualit\u00e9s\" \/>\n<meta property=\"article:published_time\" content=\"2023-03-06T08:45:22+00:00\" \/>\n<meta property=\"article:modified_time\" content=\"2023-03-06T09:54:46+00:00\" \/>\n<meta property=\"og:image\" content=\"https:\/\/www.fondationassistanceauxanimaux.org\/actu\/wp-content\/uploads\/2023\/03\/JPO-CARROS-2023-11-12-mars.png\" \/>\n\t<meta property=\"og:image:width\" content=\"744\" \/>\n\t<meta property=\"og:image:height\" content=\"484\" \/>\n\t<meta property=\"og:image:type\" content=\"image\/png\" \/>\n<meta name=\"author\" content=\"No\u00e9\" \/>\n<meta name=\"twitter:card\" content=\"summary_large_image\" \/>\n<meta name=\"twitter:label1\" content=\"\u00c9crit par\" \/>\n\t<meta name=\"twitter:data1\" content=\"No\u00e9\" \/>\n\t<meta name=\"twitter:label2\" content=\"Dur\u00e9e de lecture estim\u00e9e\" \/>\n\t<meta name=\"twitter:data2\" content=\"2 minutes\" \/>\n<script type=\"application\/ld+json\" class=\"yoast-schema-graph\">{\"@context\":\"https:\/\/schema.org\",\"@graph\":[{\"@type\":\"WebPage\",\"@id\":\"https:\/\/www.fondationassistanceauxanimaux.org\/actu\/week-end-portes-ouvertes-refuge-carros-17126\/\",\"url\":\"https:\/\/www.fondationassistanceauxanimaux.org\/actu\/week-end-portes-ouvertes-refuge-carros-17126\/\",\"name\":\"Week-end Portes Ouvertes au refuge de Carros : les 11 et 12 mars - Fondation Assistance aux Animaux - Actualit\u00e9s\",\"isPartOf\":{\"@id\":\"https:\/\/www.fondationassistanceauxanimaux.org\/actu\/#website\"},\"primaryImageOfPage\":{\"@id\":\"https:\/\/www.fondationassistanceauxanimaux.org\/actu\/week-end-portes-ouvertes-refuge-carros-17126\/#primaryimage\"},\"image\":{\"@id\":\"https:\/\/www.fondationassistanceauxanimaux.org\/actu\/week-end-portes-ouvertes-refuge-carros-17126\/#primaryimage\"},\"thumbnailUrl\":\"https:\/\/www.fondationassistanceauxanimaux.org\/actu\/wp-content\/uploads\/2023\/03\/JPO-CARROS-2023-11-12-mars.png\",\"datePublished\":\"2023-03-06T08:45:22+00:00\",\"dateModified\":\"2023-03-06T09:54:46+00:00\",\"author\":{\"@id\":\"https:\/\/www.fondationassistanceauxanimaux.org\/actu\/#\/schema\/person\/71a8476d98daaea0d71a965c5603e10b\"},\"breadcrumb\":{\"@id\":\"https:\/\/www.fondationassistanceauxanimaux.org\/actu\/week-end-portes-ouvertes-refuge-carros-17126\/#breadcrumb\"},\"inLanguage\":\"fr-FR\",\"potentialAction\":[{\"@type\":\"ReadAction\",\"target\":[\"https:\/\/www.fondationassistanceauxanimaux.org\/actu\/week-end-portes-ouvertes-refuge-carros-17126\/\"]}]},{\"@type\":\"ImageObject\",\"inLanguage\":\"fr-FR\",\"@id\":\"https:\/\/www.fondationassistanceauxanimaux.org\/actu\/week-end-portes-ouvertes-refuge-carros-17126\/#primaryimage\",\"url\":\"https:\/\/www.fondationassistanceauxanimaux.org\/actu\/wp-content\/uploads\/2023\/03\/JPO-CARROS-2023-11-12-mars.png\",\"contentUrl\":\"https:\/\/www.fondationassistanceauxanimaux.org\/actu\/wp-content\/uploads\/2023\/03\/JPO-CARROS-2023-11-12-mars.png\",\"width\":744,\"height\":484},{\"@type\":\"BreadcrumbList\",\"@id\":\"https:\/\/www.fondationassistanceauxanimaux.org\/actu\/week-end-portes-ouvertes-refuge-carros-17126\/#breadcrumb\",\"itemListElement\":[{\"@type\":\"ListItem\",\"position\":1,\"name\":\"Accueil\",\"item\":\"https:\/\/www.fondationassistanceauxanimaux.org\/actu\/\"},{\"@type\":\"ListItem\",\"position\":2,\"name\":\"Week-end Portes Ouvertes au refuge de Carros : les 11 et 12 mars\"}]},{\"@type\":\"WebSite\",\"@id\":\"https:\/\/www.fondationassistanceauxanimaux.org\/actu\/#website\",\"url\":\"https:\/\/www.fondationassistanceauxanimaux.org\/actu\/\",\"name\":\"Fondation Assistance aux Animaux - Actualit\u00e9s\",\"description\":\"Depuis 1930 la Fondation Assistance aux Animaux pour la d\u00e9fense et la protection des animaux maltrait\u00e9s et abandonn\u00e9s\",\"potentialAction\":[{\"@type\":\"SearchAction\",\"target\":{\"@type\":\"EntryPoint\",\"urlTemplate\":\"https:\/\/www.fondationassistanceauxanimaux.org\/actu\/?s={search_term_string}\"},\"query-input\":{\"@type\":\"PropertyValueSpecification\",\"valueRequired\":true,\"valueName\":\"search_term_string\"}}],\"inLanguage\":\"fr-FR\"},{\"@type\":\"Person\",\"@id\":\"https:\/\/www.fondationassistanceauxanimaux.org\/actu\/#\/schema\/person\/71a8476d98daaea0d71a965c5603e10b\",\"name\":\"No\u00e9\",\"image\":{\"@type\":\"ImageObject\",\"inLanguage\":\"fr-FR\",\"@id\":\"https:\/\/www.fondationassistanceauxanimaux.org\/actu\/#\/schema\/person\/image\/\",\"url\":\"https:\/\/secure.gravatar.com\/avatar\/d34cf6c6bd22b3db9c932bc580c4d1ba93c0cda7588a41b59078888ab1e5f007?s=96&d=mm&r=g\",\"contentUrl\":\"https:\/\/secure.gravatar.com\/avatar\/d34cf6c6bd22b3db9c932bc580c4d1ba93c0cda7588a41b59078888ab1e5f007?s=96&d=mm&r=g\",\"caption\":\"No\u00e9\"},\"url\":\"https:\/\/www.fondationassistanceauxanimaux.org\/actu\/author\/anne\/\"}]}<\/script>\n<!-- \/ Yoast SEO plugin. -->","yoast_head_json":{"title":"Week-end Portes Ouvertes au refuge de Carros : les 11 et 12 mars - Fondation Assistance aux Animaux - Actualit\u00e9s","robots":{"index":"index","follow":"follow","max-snippet":"max-snippet:-1","max-image-preview":"max-image-preview:large","max-video-preview":"max-video-preview:-1"},"canonical":"https:\/\/www.fondationassistanceauxanimaux.org\/actu\/week-end-portes-ouvertes-refuge-carros-17126\/","og_locale":"fr_FR","og_type":"article","og_title":"Week-end Portes Ouvertes au refuge de Carros : les 11 et 12 mars - Fondation Assistance aux Animaux - Actualit\u00e9s","og_description":"Les 11 et 12 mars prochains, la Fondation Assistance aux Animaux vous invite au Refuge de Carros (06) pour le grand retour de ses journ\u00e9es Portes Ouvertes Adoptions&nbsp;: UN \u00c9V\u00c9NEMENT \u00c0 NE PAS MANQUER. Exceptionnellement ouvert&nbsp;sans interruption&nbsp;de 10h \u00e0 17h, le&nbsp;refuge Fondation Assistance aux Animaux de Carros et&nbsp;ses \u00e9quipes&nbsp;vous invitent pour deux belles journ\u00e9es d\u2019adoption [&hellip;]","og_url":"https:\/\/www.fondationassistanceauxanimaux.org\/actu\/week-end-portes-ouvertes-refuge-carros-17126\/","og_site_name":"Fondation Assistance aux Animaux - Actualit\u00e9s","article_published_time":"2023-03-06T08:45:22+00:00","article_modified_time":"2023-03-06T09:54:46+00:00","og_image":[{"width":744,"height":484,"url":"https:\/\/www.fondationassistanceauxanimaux.org\/actu\/wp-content\/uploads\/2023\/03\/JPO-CARROS-2023-11-12-mars.png","type":"image\/png"}],"author":"No\u00e9","twitter_card":"summary_large_image","twitter_misc":{"\u00c9crit par":"No\u00e9","Dur\u00e9e de lecture estim\u00e9e":"2 minutes"},"schema":{"@context":"https:\/\/schema.org","@graph":[{"@type":"WebPage","@id":"https:\/\/www.fondationassistanceauxanimaux.org\/actu\/week-end-portes-ouvertes-refuge-carros-17126\/","url":"https:\/\/www.fondationassistanceauxanimaux.org\/actu\/week-end-portes-ouvertes-refuge-carros-17126\/","name":"Week-end Portes Ouvertes au refuge de Carros : les 11 et 12 mars - Fondation Assistance aux Animaux - Actualit\u00e9s","isPartOf":{"@id":"https:\/\/www.fondationassistanceauxanimaux.org\/actu\/#website"},"primaryImageOfPage":{"@id":"https:\/\/www.fondationassistanceauxanimaux.org\/actu\/week-end-portes-ouvertes-refuge-carros-17126\/#primaryimage"},"image":{"@id":"https:\/\/www.fondationassistanceauxanimaux.org\/actu\/week-end-portes-ouvertes-refuge-carros-17126\/#primaryimage"},"thumbnailUrl":"https:\/\/www.fondationassistanceauxanimaux.org\/actu\/wp-content\/uploads\/2023\/03\/JPO-CARROS-2023-11-12-mars.png","datePublished":"2023-03-06T08:45:22+00:00","dateModified":"2023-03-06T09:54:46+00:00","author":{"@id":"https:\/\/www.fondationassistanceauxanimaux.org\/actu\/#\/schema\/person\/71a8476d98daaea0d71a965c5603e10b"},"breadcrumb":{"@id":"https:\/\/www.fondationassistanceauxanimaux.org\/actu\/week-end-portes-ouvertes-refuge-carros-17126\/#breadcrumb"},"inLanguage":"fr-FR","potentialAction":[{"@type":"ReadAction","target":["https:\/\/www.fondationassistanceauxanimaux.org\/actu\/week-end-portes-ouvertes-refuge-carros-17126\/"]}]},{"@type":"ImageObject","inLanguage":"fr-FR","@id":"https:\/\/www.fondationassistanceauxanimaux.org\/actu\/week-end-portes-ouvertes-refuge-carros-17126\/#primaryimage","url":"https:\/\/www.fondationassistanceauxanimaux.org\/actu\/wp-content\/uploads\/2023\/03\/JPO-CARROS-2023-11-12-mars.png","contentUrl":"https:\/\/www.fondationassistanceauxanimaux.org\/actu\/wp-content\/uploads\/2023\/03\/JPO-CARROS-2023-11-12-mars.png","width":744,"height":484},{"@type":"BreadcrumbList","@id":"https:\/\/www.fondationassistanceauxanimaux.org\/actu\/week-end-portes-ouvertes-refuge-carros-17126\/#breadcrumb","itemListElement":[{"@type":"ListItem","position":1,"name":"Accueil","item":"https:\/\/www.fondationassistanceauxanimaux.org\/actu\/"},{"@type":"ListItem","position":2,"name":"Week-end Portes Ouvertes au refuge de Carros : les 11 et 12 mars"}]},{"@type":"WebSite","@id":"https:\/\/www.fondationassistanceauxanimaux.org\/actu\/#website","url":"https:\/\/www.fondationassistanceauxanimaux.org\/actu\/","name":"Fondation Assistance aux Animaux - Actualit\u00e9s","description":"Depuis 1930 la Fondation Assistance aux Animaux pour la d\u00e9fense et la protection des animaux maltrait\u00e9s et abandonn\u00e9s","potentialAction":[{"@type":"SearchAction","target":{"@type":"EntryPoint","urlTemplate":"https:\/\/www.fondationassistanceauxanimaux.org\/actu\/?s={search_term_string}"},"query-input":{"@type":"PropertyValueSpecification","valueRequired":true,"valueName":"search_term_string"}}],"inLanguage":"fr-FR"},{"@type":"Person","@id":"https:\/\/www.fondationassistanceauxanimaux.org\/actu\/#\/schema\/person\/71a8476d98daaea0d71a965c5603e10b","name":"No\u00e9","image":{"@type":"ImageObject","inLanguage":"fr-FR","@id":"https:\/\/www.fondationassistanceauxanimaux.org\/actu\/#\/schema\/person\/image\/","url":"https:\/\/secure.gravatar.com\/avatar\/d34cf6c6bd22b3db9c932bc580c4d1ba93c0cda7588a41b59078888ab1e5f007?s=96&d=mm&r=g","contentUrl":"https:\/\/secure.gravatar.com\/avatar\/d34cf6c6bd22b3db9c932bc580c4d1ba93c0cda7588a41b59078888ab1e5f007?s=96&d=mm&r=g","caption":"No\u00e9"},"url":"https:\/\/www.fondationassistanceauxanimaux.org\/actu\/author\/anne\/"}]}},"_links":{"self":[{"href":"https:\/\/www.fondationassistanceauxanimaux.org\/actu\/wp-json\/wp\/v2\/posts\/17126","targetHints":{"allow":["GET"]}}],"collection":[{"href":"https:\/\/www.fondationassistanceauxanimaux.org\/actu\/wp-json\/wp\/v2\/posts"}],"about":[{"href":"https:\/\/www.fondationassistanceauxanimaux.org\/actu\/wp-json\/wp\/v2\/types\/post"}],"author":[{"embeddable":true,"href":"https:\/\/www.fondationassistanceauxanimaux.org\/actu\/wp-json\/wp\/v2\/users\/3"}],"replies":[{"embeddable":true,"href":"https:\/\/www.fondationassistanceauxanimaux.org\/actu\/wp-json\/wp\/v2\/comments?post=17126"}],"version-history":[{"count":3,"href":"https:\/\/www.fondationassistanceauxanimaux.org\/actu\/wp-json\/wp\/v2\/posts\/17126\/revisions"}],"predecessor-version":[{"id":17209,"href":"https:\/\/www.fondationassistanceauxanimaux.org\/actu\/wp-json\/wp\/v2\/posts\/17126\/revisions\/17209"}],"wp:featuredmedia":[{"embeddable":true,"href":"https:\/\/www.fondationassistanceauxanimaux.org\/actu\/wp-json\/wp\/v2\/media\/17127"}],"wp:attachment":[{"href":"https:\/\/www.fondationassistanceauxanimaux.org\/actu\/wp-json\/wp\/v2\/media?parent=17126"}],"wp:term":[{"taxonomy":"category","embeddable":true,"href":"https:\/\/www.fondationassistanceauxanimaux.org\/actu\/wp-json\/wp\/v2\/categories?post=17126"},{"taxonomy":"post_tag","embeddable":true,"href":"https:\/\/www.fondationassistanceauxanimaux.org\/actu\/wp-json\/wp\/v2\/tags?post=17126"}],"curies":[{"name":"wp","href":"https:\/\/api.w.org\/{rel}","templated":true}]}}