{"id":17114,"date":"2023-02-28T19:57:52","date_gmt":"2023-02-28T18:57:52","guid":{"rendered":"https:\/\/www.fondationassistanceauxanimaux.org\/actu\/?p=17114"},"modified":"2023-02-28T20:00:17","modified_gmt":"2023-02-28T19:00:17","slug":"sauvetage-adoption-nala-refuge","status":"publish","type":"post","link":"https:\/\/www.fondationassistanceauxanimaux.org\/actu\/sauvetage-adoption-nala-refuge-17114\/","title":{"rendered":"Jug\u00e9e trop vieille pour ses propri\u00e9taires au bout de 11 ans de vie commune, Nala recherche une famille."},"content":{"rendered":"\n<p><strong>Nala, du haut de tes 11 ans, tu es venue rejoindre malheureusement notre refuge de Morainvilliers il y a 1 an.<\/strong><\/p>\n\n\n\n<p><strong>Abandonn\u00e9e&#8230;&nbsp;jug\u00e9e&nbsp;trop vieille pour&nbsp;tes propri\u00e9taires&nbsp;au bout de&nbsp;11 ans de vie commune. Leur d\u00e9cision de te laisser \u00e0 notre porte nous a tous \u00e9branl\u00e9.<\/strong><\/p>\n\n\n\n<blockquote class=\"wp-block-quote is-layout-flow wp-block-quote-is-layout-flow\"><p><strong>\u00c0 force de pr\u00e9venance et de jeux, nous avons r\u00e9ussi \u00e0 te redonner confiance pour tenter de te trouver une nouvelle famille.<\/strong><\/p><\/blockquote>\n\n\n\n<p><strong>Seulement, un cancer est diagnostiqu\u00e9 pour Nala. Sa pathologie ne l&rsquo;a fait pas et ne la fera pas souffrir mais ses jours sont&nbsp;h\u00e9las&nbsp;compt\u00e9s.<\/strong><\/p>\n\n\n\n<p><strong>La Fondation&nbsp;Assistance aux Animaux&nbsp;lance un dernier SOS&nbsp;pour cette&nbsp;mamie&nbsp;au regard si attachant&nbsp;: un&nbsp;ultime&nbsp;panier douillet&nbsp;d\u2019une famille&nbsp;qui l&rsquo;accompagne jusqu&rsquo;au bout.<\/strong><\/p>\n\n\n\n<p><strong>Nala est une chienne exclusive,&nbsp;et restera le seul animal de la maison.<\/strong><\/p>\n\n\n\n<p><strong>Malgr\u00e9 sa maladie&nbsp;et ses traitements,&nbsp;elle reste une&nbsp;chienne dynamique, joyeuse&nbsp;et joueuse.Elle aime&nbsp;le contact et la pr\u00e9sence humaine&nbsp;(et m\u00eame&nbsp;celle des enfants).<\/strong><\/p>\n\n\n\n<p><strong>Nala vous donne&nbsp;tr\u00e8s rapidement&nbsp;rendez-vous au refuge de Morainvilliers dans les Yvelines.<\/strong> <\/p>\n\n\n\n<blockquote class=\"wp-block-quote is-layout-flow wp-block-quote-is-layout-flow\"><p><strong>Vid\u00e9o de pr\u00e9sentation de Nala<\/strong><\/p><\/blockquote>\n\n\n\n<figure class=\"wp-block-embed-youtube aligncenter wp-block-embed is-type-video is-provider-youtube wp-embed-aspect-16-9 wp-has-aspect-ratio\"><div class=\"wp-block-embed__wrapper\">\n<div class='avia-iframe-wrap'><iframe loading=\"lazy\" title=\"Nala est \u00e0 l&#039;adoption !\" width=\"1500\" height=\"844\" src=\"https:\/\/www.youtube.com\/embed\/kJV5iAUZ30I?feature=oembed\" frameborder=\"0\" allow=\"accelerometer; autoplay; clipboard-write; encrypted-media; gyroscope; picture-in-picture; web-share\" allowfullscreen><\/iframe><\/div>\n<\/div><\/figure>\n\n\n\n<div class=\"wp-block-image\"><figure class=\"aligncenter size-large\"><img loading=\"lazy\" decoding=\"async\" width=\"768\" height=\"1024\" src=\"https:\/\/www.fondationassistanceauxanimaux.org\/actu\/wp-content\/uploads\/2023\/02\/image0.jpeg\" alt=\"\" class=\"wp-image-17115\" srcset=\"https:\/\/www.fondationassistanceauxanimaux.org\/actu\/wp-content\/uploads\/2023\/02\/image0.jpeg 768w, https:\/\/www.fondationassistanceauxanimaux.org\/actu\/wp-content\/uploads\/2023\/02\/image0-225x300.jpeg 225w, https:\/\/www.fondationassistanceauxanimaux.org\/actu\/wp-content\/uploads\/2023\/02\/image0-529x705.jpeg 529w\" sizes=\"auto, (max-width: 768px) 100vw, 768px\" \/><\/figure><\/div>\n","protected":false},"excerpt":{"rendered":"<p>Nala, du haut de tes 11 ans, tu es venue rejoindre malheureusement notre refuge de Morainvilliers il y a 1 an. Abandonn\u00e9e&#8230;&nbsp;jug\u00e9e&nbsp;trop vieille pour&nbsp;tes propri\u00e9taires&nbsp;au bout de&nbsp;11 ans de vie commune. Leur d\u00e9cision de te laisser \u00e0 notre porte nous a tous \u00e9branl\u00e9. \u00c0 force de pr\u00e9venance et de jeux, nous avons r\u00e9ussi \u00e0 te [&hellip;]<\/p>\n","protected":false},"author":3,"featured_media":17116,"comment_status":"closed","ping_status":"closed","sticky":false,"template":"","format":"standard","meta":{"footnotes":""},"categories":[21],"tags":[],"class_list":["post-17114","post","type-post","status-publish","format-standard","has-post-thumbnail","hentry","category-fondation-assistance-aux-animaux"],"yoast_head":"<!-- This site is optimized with the Yoast SEO plugin v24.5 - https:\/\/yoast.com\/wordpress\/plugins\/seo\/ -->\n<title>Jug\u00e9e trop vieille pour ses propri\u00e9taires au bout de 11 ans de vie commune, Nala recherche une famille. - Fondation Assistance aux Animaux - Actualit\u00e9s<\/title>\n<meta name=\"robots\" content=\"index, follow, max-snippet:-1, max-image-preview:large, max-video-preview:-1\" \/>\n<link rel=\"canonical\" href=\"https:\/\/www.fondationassistanceauxanimaux.org\/actu\/sauvetage-adoption-nala-refuge-17114\/\" \/>\n<meta property=\"og:locale\" content=\"fr_FR\" \/>\n<meta property=\"og:type\" content=\"article\" \/>\n<meta property=\"og:title\" content=\"Jug\u00e9e trop vieille pour ses propri\u00e9taires au bout de 11 ans de vie commune, Nala recherche une famille. - Fondation Assistance aux Animaux - Actualit\u00e9s\" \/>\n<meta property=\"og:description\" content=\"Nala, du haut de tes 11 ans, tu es venue rejoindre malheureusement notre refuge de Morainvilliers il y a 1 an. Abandonn\u00e9e&#8230;&nbsp;jug\u00e9e&nbsp;trop vieille pour&nbsp;tes propri\u00e9taires&nbsp;au bout de&nbsp;11 ans de vie commune. Leur d\u00e9cision de te laisser \u00e0 notre porte nous a tous \u00e9branl\u00e9. \u00c0 force de pr\u00e9venance et de jeux, nous avons r\u00e9ussi \u00e0 te [&hellip;]\" \/>\n<meta property=\"og:url\" content=\"https:\/\/www.fondationassistanceauxanimaux.org\/actu\/sauvetage-adoption-nala-refuge-17114\/\" \/>\n<meta property=\"og:site_name\" content=\"Fondation Assistance aux Animaux - Actualit\u00e9s\" \/>\n<meta property=\"article:published_time\" content=\"2023-02-28T18:57:52+00:00\" \/>\n<meta property=\"article:modified_time\" content=\"2023-02-28T19:00:17+00:00\" \/>\n<meta property=\"og:image\" content=\"https:\/\/www.fondationassistanceauxanimaux.org\/actu\/wp-content\/uploads\/2023\/02\/image0-1.jpeg\" \/>\n\t<meta property=\"og:image:width\" content=\"768\" \/>\n\t<meta property=\"og:image:height\" content=\"653\" \/>\n\t<meta property=\"og:image:type\" content=\"image\/jpeg\" \/>\n<meta name=\"author\" content=\"No\u00e9\" \/>\n<meta name=\"twitter:card\" content=\"summary_large_image\" \/>\n<meta name=\"twitter:label1\" content=\"\u00c9crit par\" \/>\n\t<meta name=\"twitter:data1\" content=\"No\u00e9\" \/>\n\t<meta name=\"twitter:label2\" content=\"Dur\u00e9e de lecture estim\u00e9e\" \/>\n\t<meta name=\"twitter:data2\" content=\"1 minute\" \/>\n<script type=\"application\/ld+json\" class=\"yoast-schema-graph\">{\"@context\":\"https:\/\/schema.org\",\"@graph\":[{\"@type\":\"WebPage\",\"@id\":\"https:\/\/www.fondationassistanceauxanimaux.org\/actu\/sauvetage-adoption-nala-refuge-17114\/\",\"url\":\"https:\/\/www.fondationassistanceauxanimaux.org\/actu\/sauvetage-adoption-nala-refuge-17114\/\",\"name\":\"Jug\u00e9e trop vieille pour ses propri\u00e9taires au bout de 11 ans de vie commune, Nala recherche une famille. - Fondation Assistance aux Animaux - Actualit\u00e9s\",\"isPartOf\":{\"@id\":\"https:\/\/www.fondationassistanceauxanimaux.org\/actu\/#website\"},\"primaryImageOfPage\":{\"@id\":\"https:\/\/www.fondationassistanceauxanimaux.org\/actu\/sauvetage-adoption-nala-refuge-17114\/#primaryimage\"},\"image\":{\"@id\":\"https:\/\/www.fondationassistanceauxanimaux.org\/actu\/sauvetage-adoption-nala-refuge-17114\/#primaryimage\"},\"thumbnailUrl\":\"https:\/\/www.fondationassistanceauxanimaux.org\/actu\/wp-content\/uploads\/2023\/02\/image0-1.jpeg\",\"datePublished\":\"2023-02-28T18:57:52+00:00\",\"dateModified\":\"2023-02-28T19:00:17+00:00\",\"author\":{\"@id\":\"https:\/\/www.fondationassistanceauxanimaux.org\/actu\/#\/schema\/person\/71a8476d98daaea0d71a965c5603e10b\"},\"breadcrumb\":{\"@id\":\"https:\/\/www.fondationassistanceauxanimaux.org\/actu\/sauvetage-adoption-nala-refuge-17114\/#breadcrumb\"},\"inLanguage\":\"fr-FR\",\"potentialAction\":[{\"@type\":\"ReadAction\",\"target\":[\"https:\/\/www.fondationassistanceauxanimaux.org\/actu\/sauvetage-adoption-nala-refuge-17114\/\"]}]},{\"@type\":\"ImageObject\",\"inLanguage\":\"fr-FR\",\"@id\":\"https:\/\/www.fondationassistanceauxanimaux.org\/actu\/sauvetage-adoption-nala-refuge-17114\/#primaryimage\",\"url\":\"https:\/\/www.fondationassistanceauxanimaux.org\/actu\/wp-content\/uploads\/2023\/02\/image0-1.jpeg\",\"contentUrl\":\"https:\/\/www.fondationassistanceauxanimaux.org\/actu\/wp-content\/uploads\/2023\/02\/image0-1.jpeg\",\"width\":768,\"height\":653},{\"@type\":\"BreadcrumbList\",\"@id\":\"https:\/\/www.fondationassistanceauxanimaux.org\/actu\/sauvetage-adoption-nala-refuge-17114\/#breadcrumb\",\"itemListElement\":[{\"@type\":\"ListItem\",\"position\":1,\"name\":\"Accueil\",\"item\":\"https:\/\/www.fondationassistanceauxanimaux.org\/actu\/\"},{\"@type\":\"ListItem\",\"position\":2,\"name\":\"Jug\u00e9e trop vieille pour ses propri\u00e9taires au bout de 11 ans de vie commune, Nala recherche une famille.\"}]},{\"@type\":\"WebSite\",\"@id\":\"https:\/\/www.fondationassistanceauxanimaux.org\/actu\/#website\",\"url\":\"https:\/\/www.fondationassistanceauxanimaux.org\/actu\/\",\"name\":\"Fondation Assistance aux Animaux - Actualit\u00e9s\",\"description\":\"Depuis 1930 la Fondation Assistance aux Animaux pour la d\u00e9fense et la protection des animaux maltrait\u00e9s et abandonn\u00e9s\",\"potentialAction\":[{\"@type\":\"SearchAction\",\"target\":{\"@type\":\"EntryPoint\",\"urlTemplate\":\"https:\/\/www.fondationassistanceauxanimaux.org\/actu\/?s={search_term_string}\"},\"query-input\":{\"@type\":\"PropertyValueSpecification\",\"valueRequired\":true,\"valueName\":\"search_term_string\"}}],\"inLanguage\":\"fr-FR\"},{\"@type\":\"Person\",\"@id\":\"https:\/\/www.fondationassistanceauxanimaux.org\/actu\/#\/schema\/person\/71a8476d98daaea0d71a965c5603e10b\",\"name\":\"No\u00e9\",\"image\":{\"@type\":\"ImageObject\",\"inLanguage\":\"fr-FR\",\"@id\":\"https:\/\/www.fondationassistanceauxanimaux.org\/actu\/#\/schema\/person\/image\/\",\"url\":\"https:\/\/secure.gravatar.com\/avatar\/d34cf6c6bd22b3db9c932bc580c4d1ba93c0cda7588a41b59078888ab1e5f007?s=96&d=mm&r=g\",\"contentUrl\":\"https:\/\/secure.gravatar.com\/avatar\/d34cf6c6bd22b3db9c932bc580c4d1ba93c0cda7588a41b59078888ab1e5f007?s=96&d=mm&r=g\",\"caption\":\"No\u00e9\"},\"url\":\"https:\/\/www.fondationassistanceauxanimaux.org\/actu\/author\/anne\/\"}]}<\/script>\n<!-- \/ Yoast SEO plugin. -->","yoast_head_json":{"title":"Jug\u00e9e trop vieille pour ses propri\u00e9taires au bout de 11 ans de vie commune, Nala recherche une famille. - Fondation Assistance aux Animaux - Actualit\u00e9s","robots":{"index":"index","follow":"follow","max-snippet":"max-snippet:-1","max-image-preview":"max-image-preview:large","max-video-preview":"max-video-preview:-1"},"canonical":"https:\/\/www.fondationassistanceauxanimaux.org\/actu\/sauvetage-adoption-nala-refuge-17114\/","og_locale":"fr_FR","og_type":"article","og_title":"Jug\u00e9e trop vieille pour ses propri\u00e9taires au bout de 11 ans de vie commune, Nala recherche une famille. - Fondation Assistance aux Animaux - Actualit\u00e9s","og_description":"Nala, du haut de tes 11 ans, tu es venue rejoindre malheureusement notre refuge de Morainvilliers il y a 1 an. Abandonn\u00e9e&#8230;&nbsp;jug\u00e9e&nbsp;trop vieille pour&nbsp;tes propri\u00e9taires&nbsp;au bout de&nbsp;11 ans de vie commune. Leur d\u00e9cision de te laisser \u00e0 notre porte nous a tous \u00e9branl\u00e9. \u00c0 force de pr\u00e9venance et de jeux, nous avons r\u00e9ussi \u00e0 te [&hellip;]","og_url":"https:\/\/www.fondationassistanceauxanimaux.org\/actu\/sauvetage-adoption-nala-refuge-17114\/","og_site_name":"Fondation Assistance aux Animaux - Actualit\u00e9s","article_published_time":"2023-02-28T18:57:52+00:00","article_modified_time":"2023-02-28T19:00:17+00:00","og_image":[{"width":768,"height":653,"url":"https:\/\/www.fondationassistanceauxanimaux.org\/actu\/wp-content\/uploads\/2023\/02\/image0-1.jpeg","type":"image\/jpeg"}],"author":"No\u00e9","twitter_card":"summary_large_image","twitter_misc":{"\u00c9crit par":"No\u00e9","Dur\u00e9e de lecture estim\u00e9e":"1 minute"},"schema":{"@context":"https:\/\/schema.org","@graph":[{"@type":"WebPage","@id":"https:\/\/www.fondationassistanceauxanimaux.org\/actu\/sauvetage-adoption-nala-refuge-17114\/","url":"https:\/\/www.fondationassistanceauxanimaux.org\/actu\/sauvetage-adoption-nala-refuge-17114\/","name":"Jug\u00e9e trop vieille pour ses propri\u00e9taires au bout de 11 ans de vie commune, Nala recherche une famille. - Fondation Assistance aux Animaux - Actualit\u00e9s","isPartOf":{"@id":"https:\/\/www.fondationassistanceauxanimaux.org\/actu\/#website"},"primaryImageOfPage":{"@id":"https:\/\/www.fondationassistanceauxanimaux.org\/actu\/sauvetage-adoption-nala-refuge-17114\/#primaryimage"},"image":{"@id":"https:\/\/www.fondationassistanceauxanimaux.org\/actu\/sauvetage-adoption-nala-refuge-17114\/#primaryimage"},"thumbnailUrl":"https:\/\/www.fondationassistanceauxanimaux.org\/actu\/wp-content\/uploads\/2023\/02\/image0-1.jpeg","datePublished":"2023-02-28T18:57:52+00:00","dateModified":"2023-02-28T19:00:17+00:00","author":{"@id":"https:\/\/www.fondationassistanceauxanimaux.org\/actu\/#\/schema\/person\/71a8476d98daaea0d71a965c5603e10b"},"breadcrumb":{"@id":"https:\/\/www.fondationassistanceauxanimaux.org\/actu\/sauvetage-adoption-nala-refuge-17114\/#breadcrumb"},"inLanguage":"fr-FR","potentialAction":[{"@type":"ReadAction","target":["https:\/\/www.fondationassistanceauxanimaux.org\/actu\/sauvetage-adoption-nala-refuge-17114\/"]}]},{"@type":"ImageObject","inLanguage":"fr-FR","@id":"https:\/\/www.fondationassistanceauxanimaux.org\/actu\/sauvetage-adoption-nala-refuge-17114\/#primaryimage","url":"https:\/\/www.fondationassistanceauxanimaux.org\/actu\/wp-content\/uploads\/2023\/02\/image0-1.jpeg","contentUrl":"https:\/\/www.fondationassistanceauxanimaux.org\/actu\/wp-content\/uploads\/2023\/02\/image0-1.jpeg","width":768,"height":653},{"@type":"BreadcrumbList","@id":"https:\/\/www.fondationassistanceauxanimaux.org\/actu\/sauvetage-adoption-nala-refuge-17114\/#breadcrumb","itemListElement":[{"@type":"ListItem","position":1,"name":"Accueil","item":"https:\/\/www.fondationassistanceauxanimaux.org\/actu\/"},{"@type":"ListItem","position":2,"name":"Jug\u00e9e trop vieille pour ses propri\u00e9taires au bout de 11 ans de vie commune, Nala recherche une famille."}]},{"@type":"WebSite","@id":"https:\/\/www.fondationassistanceauxanimaux.org\/actu\/#website","url":"https:\/\/www.fondationassistanceauxanimaux.org\/actu\/","name":"Fondation Assistance aux Animaux - Actualit\u00e9s","description":"Depuis 1930 la Fondation Assistance aux Animaux pour la d\u00e9fense et la protection des animaux maltrait\u00e9s et abandonn\u00e9s","potentialAction":[{"@type":"SearchAction","target":{"@type":"EntryPoint","urlTemplate":"https:\/\/www.fondationassistanceauxanimaux.org\/actu\/?s={search_term_string}"},"query-input":{"@type":"PropertyValueSpecification","valueRequired":true,"valueName":"search_term_string"}}],"inLanguage":"fr-FR"},{"@type":"Person","@id":"https:\/\/www.fondationassistanceauxanimaux.org\/actu\/#\/schema\/person\/71a8476d98daaea0d71a965c5603e10b","name":"No\u00e9","image":{"@type":"ImageObject","inLanguage":"fr-FR","@id":"https:\/\/www.fondationassistanceauxanimaux.org\/actu\/#\/schema\/person\/image\/","url":"https:\/\/secure.gravatar.com\/avatar\/d34cf6c6bd22b3db9c932bc580c4d1ba93c0cda7588a41b59078888ab1e5f007?s=96&d=mm&r=g","contentUrl":"https:\/\/secure.gravatar.com\/avatar\/d34cf6c6bd22b3db9c932bc580c4d1ba93c0cda7588a41b59078888ab1e5f007?s=96&d=mm&r=g","caption":"No\u00e9"},"url":"https:\/\/www.fondationassistanceauxanimaux.org\/actu\/author\/anne\/"}]}},"_links":{"self":[{"href":"https:\/\/www.fondationassistanceauxanimaux.org\/actu\/wp-json\/wp\/v2\/posts\/17114","targetHints":{"allow":["GET"]}}],"collection":[{"href":"https:\/\/www.fondationassistanceauxanimaux.org\/actu\/wp-json\/wp\/v2\/posts"}],"about":[{"href":"https:\/\/www.fondationassistanceauxanimaux.org\/actu\/wp-json\/wp\/v2\/types\/post"}],"author":[{"embeddable":true,"href":"https:\/\/www.fondationassistanceauxanimaux.org\/actu\/wp-json\/wp\/v2\/users\/3"}],"replies":[{"embeddable":true,"href":"https:\/\/www.fondationassistanceauxanimaux.org\/actu\/wp-json\/wp\/v2\/comments?post=17114"}],"version-history":[{"count":4,"href":"https:\/\/www.fondationassistanceauxanimaux.org\/actu\/wp-json\/wp\/v2\/posts\/17114\/revisions"}],"predecessor-version":[{"id":17121,"href":"https:\/\/www.fondationassistanceauxanimaux.org\/actu\/wp-json\/wp\/v2\/posts\/17114\/revisions\/17121"}],"wp:featuredmedia":[{"embeddable":true,"href":"https:\/\/www.fondationassistanceauxanimaux.org\/actu\/wp-json\/wp\/v2\/media\/17116"}],"wp:attachment":[{"href":"https:\/\/www.fondationassistanceauxanimaux.org\/actu\/wp-json\/wp\/v2\/media?parent=17114"}],"wp:term":[{"taxonomy":"category","embeddable":true,"href":"https:\/\/www.fondationassistanceauxanimaux.org\/actu\/wp-json\/wp\/v2\/categories?post=17114"},{"taxonomy":"post_tag","embeddable":true,"href":"https:\/\/www.fondationassistanceauxanimaux.org\/actu\/wp-json\/wp\/v2\/tags?post=17114"}],"curies":[{"name":"wp","href":"https:\/\/api.w.org\/{rel}","templated":true}]}}