{"id":16645,"date":"2022-12-09T07:51:47","date_gmt":"2022-12-09T06:51:47","guid":{"rendered":"https:\/\/www.fondationassistanceauxanimaux.org\/actu\/?p=16645"},"modified":"2022-12-09T07:51:48","modified_gmt":"2022-12-09T06:51:48","slug":"karine-ferri-noel-des-betes-2022","status":"publish","type":"post","link":"https:\/\/www.fondationassistanceauxanimaux.org\/actu\/karine-ferri-noel-des-betes-2022-16645\/","title":{"rendered":"Karine Ferri pr\u00e9sente le No\u00ebl des B\u00eates Abandonn\u00e9es \u00e9dition 2022 !"},"content":{"rendered":"\n<p><strong>Au tour de Karine Ferri de pr\u00e9senter notre \u00e9v\u00e9nement No\u00ebl des B\u00eates Abandonn\u00e9es \u00e9dition 2022 : rendez-vous les 17 &amp; 18 d\u00e9cembre en Corse, \u00e0 Ajaccio !<\/strong><\/p>\n\n\n\n<p><strong>Pour voir la vid\u00e9o : <a href=\"https:\/\/youtube.com\/shorts\/oZGSoLnyWdA?feature=share\">YouTube<\/a><\/strong><\/p>\n\n\n\n<blockquote class=\"wp-block-quote is-layout-flow wp-block-quote-is-layout-flow\"><p><strong>Vous trouverez toutes les informations de ce week-end d&rsquo;adoption sur notre site internet : <a href=\"http:\/\/www.fondationassistanceauxanimaux.org\/actu\/noel-des-betes-abandonnees-2022-16603\/\">www.fondationassistanceauxanimaux.org\/actu\/noel-des-betes-abandonnees-2022-16603\/<\/a><\/strong><\/p><\/blockquote>\n\n\n\n<div class=\"wp-block-image\"><figure class=\"aligncenter size-large is-resized\"><img loading=\"lazy\" decoding=\"async\" src=\"https:\/\/www.fondationassistanceauxanimaux.org\/actu\/wp-content\/uploads\/2022\/12\/Capture-d\u2019e\u0301cran-2022-12-06-a\u0300-10.01.55-1030x567.png\" alt=\"\" class=\"wp-image-16608\" width=\"658\" height=\"362\" srcset=\"https:\/\/www.fondationassistanceauxanimaux.org\/actu\/wp-content\/uploads\/2022\/12\/Capture-d\u2019e\u0301cran-2022-12-06-a\u0300-10.01.55-1030x567.png 1030w, https:\/\/www.fondationassistanceauxanimaux.org\/actu\/wp-content\/uploads\/2022\/12\/Capture-d\u2019e\u0301cran-2022-12-06-a\u0300-10.01.55-300x165.png 300w, https:\/\/www.fondationassistanceauxanimaux.org\/actu\/wp-content\/uploads\/2022\/12\/Capture-d\u2019e\u0301cran-2022-12-06-a\u0300-10.01.55-768x423.png 768w, https:\/\/www.fondationassistanceauxanimaux.org\/actu\/wp-content\/uploads\/2022\/12\/Capture-d\u2019e\u0301cran-2022-12-06-a\u0300-10.01.55-1536x846.png 1536w, https:\/\/www.fondationassistanceauxanimaux.org\/actu\/wp-content\/uploads\/2022\/12\/Capture-d\u2019e\u0301cran-2022-12-06-a\u0300-10.01.55-1500x826.png 1500w, https:\/\/www.fondationassistanceauxanimaux.org\/actu\/wp-content\/uploads\/2022\/12\/Capture-d\u2019e\u0301cran-2022-12-06-a\u0300-10.01.55-705x388.png 705w, https:\/\/www.fondationassistanceauxanimaux.org\/actu\/wp-content\/uploads\/2022\/12\/Capture-d\u2019e\u0301cran-2022-12-06-a\u0300-10.01.55.png 1820w\" sizes=\"auto, (max-width: 658px) 100vw, 658px\" \/><\/figure><\/div>\n\n\n\n<blockquote class=\"wp-block-quote is-layout-flow wp-block-quote-is-layout-flow\"><p><strong>Pour la premi\u00e8re fois en Corse, la Fondation Assistance aux Animaux organise les samedi 17 et dimanche 18 d\u00e9cembre 2022 son traditionnel No\u00ebl des B\u00eates Abandonn\u00e9es pour trouver un foyer \u00e0 plus d\u2019une centaine de chiens et de chats qui attendent d\u00e9sesp\u00e9r\u00e9ment un ma\u00eetre.\u00a0<\/strong><\/p><\/blockquote>\n\n\n\n<blockquote class=\"wp-block-quote is-layout-flow wp-block-quote-is-layout-flow\"><p><strong>Au Palais des Congr\u00e8s, sur le Port d\u2019Ajaccio, les chiens toilett\u00e9s, vaccin\u00e9s, grands ou petits, jeunes ou vieux, tous sociables, accompagnerons les chats de toutes races et toutes couleurs, bien entendu st\u00e9rilis\u00e9s.<\/strong><\/p><\/blockquote>\n\n\n\n<blockquote class=\"wp-block-quote is-layout-flow wp-block-quote-is-layout-flow\"><p><strong>Ouvert de 10h00 \u00e0 19h00 \u00e0 un public d\u2019amis des b\u00eates qui devra pr\u00e9senter pour les adoptions, une pi\u00e8ce d\u2019identit\u00e9 valide, un justificatif de domicile de moins de trois mois ainsi qu\u2019une participation aux frais de vaccination et\/ou de st\u00e9rilisation.<\/strong><\/p><\/blockquote>\n\n\n\n<blockquote class=\"wp-block-quote is-layout-flow wp-block-quote-is-layout-flow\"><p><strong>Des activit\u00e9s sur le th\u00e8me animalier se succ\u00e8deront sur l\u2019estrade au pied du sapin et des stands d\u2019exposition accueilleront ceux qui ne peuvent pas adopter un animal mais qui viendront soutenir le travail des \u00e9quipes de la Fondation.<\/strong><\/p><p><strong>Une vente de calendriers, cartes de v\u0153ux, revues, tee-shirts floqu\u00e9s, laisses, colliers, jouets, cr\u00eape-party seront \u00e0 l\u2019animation de ces journ\u00e9es.<\/strong><\/p><\/blockquote>\n\n\n\n<blockquote class=\"wp-block-quote is-layout-flow wp-block-quote-is-layout-flow\"><p><strong>Nous vous attendons tr\u00e8s nombreux pour leur offrir le plus cadeau\u00a0: une famille.<\/strong><\/p><\/blockquote>\n","protected":false},"excerpt":{"rendered":"<p>Au tour de Karine Ferri de pr\u00e9senter notre \u00e9v\u00e9nement No\u00ebl des B\u00eates Abandonn\u00e9es \u00e9dition 2022 : rendez-vous les 17 &amp; 18 d\u00e9cembre en Corse, \u00e0 Ajaccio ! Pour voir la vid\u00e9o : YouTube Vous trouverez toutes les informations de ce week-end d&rsquo;adoption sur notre site internet : www.fondationassistanceauxanimaux.org\/actu\/noel-des-betes-abandonnees-2022-16603\/ Pour la premi\u00e8re fois en Corse, la [&hellip;]<\/p>\n","protected":false},"author":3,"featured_media":16646,"comment_status":"closed","ping_status":"closed","sticky":false,"template":"","format":"standard","meta":{"footnotes":""},"categories":[21],"tags":[],"class_list":["post-16645","post","type-post","status-publish","format-standard","has-post-thumbnail","hentry","category-fondation-assistance-aux-animaux"],"yoast_head":"<!-- This site is optimized with the Yoast SEO plugin v24.5 - https:\/\/yoast.com\/wordpress\/plugins\/seo\/ -->\n<title>Karine Ferri pr\u00e9sente le No\u00ebl des B\u00eates Abandonn\u00e9es \u00e9dition 2022 ! - Fondation Assistance aux Animaux - Actualit\u00e9s<\/title>\n<meta name=\"robots\" content=\"index, follow, max-snippet:-1, max-image-preview:large, max-video-preview:-1\" \/>\n<link rel=\"canonical\" href=\"https:\/\/www.fondationassistanceauxanimaux.org\/actu\/karine-ferri-noel-des-betes-2022-16645\/\" \/>\n<meta property=\"og:locale\" content=\"fr_FR\" \/>\n<meta property=\"og:type\" content=\"article\" \/>\n<meta property=\"og:title\" content=\"Karine Ferri pr\u00e9sente le No\u00ebl des B\u00eates Abandonn\u00e9es \u00e9dition 2022 ! - Fondation Assistance aux Animaux - Actualit\u00e9s\" \/>\n<meta property=\"og:description\" content=\"Au tour de Karine Ferri de pr\u00e9senter notre \u00e9v\u00e9nement No\u00ebl des B\u00eates Abandonn\u00e9es \u00e9dition 2022 : rendez-vous les 17 &amp; 18 d\u00e9cembre en Corse, \u00e0 Ajaccio ! Pour voir la vid\u00e9o : YouTube Vous trouverez toutes les informations de ce week-end d&rsquo;adoption sur notre site internet : www.fondationassistanceauxanimaux.org\/actu\/noel-des-betes-abandonnees-2022-16603\/ Pour la premi\u00e8re fois en Corse, la [&hellip;]\" \/>\n<meta property=\"og:url\" content=\"https:\/\/www.fondationassistanceauxanimaux.org\/actu\/karine-ferri-noel-des-betes-2022-16645\/\" \/>\n<meta property=\"og:site_name\" content=\"Fondation Assistance aux Animaux - Actualit\u00e9s\" \/>\n<meta property=\"article:published_time\" content=\"2022-12-09T06:51:47+00:00\" \/>\n<meta property=\"article:modified_time\" content=\"2022-12-09T06:51:48+00:00\" \/>\n<meta property=\"og:image\" content=\"https:\/\/www.fondationassistanceauxanimaux.org\/actu\/wp-content\/uploads\/2022\/12\/WXAINMK4HNCILLEBQ72YDOIP6I.jpeg\" \/>\n\t<meta property=\"og:image:width\" content=\"932\" \/>\n\t<meta property=\"og:image:height\" content=\"582\" \/>\n\t<meta property=\"og:image:type\" content=\"image\/jpeg\" \/>\n<meta name=\"author\" content=\"No\u00e9\" \/>\n<meta name=\"twitter:card\" content=\"summary_large_image\" \/>\n<meta name=\"twitter:label1\" content=\"\u00c9crit par\" \/>\n\t<meta name=\"twitter:data1\" content=\"No\u00e9\" \/>\n\t<meta name=\"twitter:label2\" content=\"Dur\u00e9e de lecture estim\u00e9e\" \/>\n\t<meta name=\"twitter:data2\" content=\"1 minute\" \/>\n<script type=\"application\/ld+json\" class=\"yoast-schema-graph\">{\"@context\":\"https:\/\/schema.org\",\"@graph\":[{\"@type\":\"WebPage\",\"@id\":\"https:\/\/www.fondationassistanceauxanimaux.org\/actu\/karine-ferri-noel-des-betes-2022-16645\/\",\"url\":\"https:\/\/www.fondationassistanceauxanimaux.org\/actu\/karine-ferri-noel-des-betes-2022-16645\/\",\"name\":\"Karine Ferri pr\u00e9sente le No\u00ebl des B\u00eates Abandonn\u00e9es \u00e9dition 2022 ! - Fondation Assistance aux Animaux - Actualit\u00e9s\",\"isPartOf\":{\"@id\":\"https:\/\/www.fondationassistanceauxanimaux.org\/actu\/#website\"},\"primaryImageOfPage\":{\"@id\":\"https:\/\/www.fondationassistanceauxanimaux.org\/actu\/karine-ferri-noel-des-betes-2022-16645\/#primaryimage\"},\"image\":{\"@id\":\"https:\/\/www.fondationassistanceauxanimaux.org\/actu\/karine-ferri-noel-des-betes-2022-16645\/#primaryimage\"},\"thumbnailUrl\":\"https:\/\/www.fondationassistanceauxanimaux.org\/actu\/wp-content\/uploads\/2022\/12\/WXAINMK4HNCILLEBQ72YDOIP6I.jpeg\",\"datePublished\":\"2022-12-09T06:51:47+00:00\",\"dateModified\":\"2022-12-09T06:51:48+00:00\",\"author\":{\"@id\":\"https:\/\/www.fondationassistanceauxanimaux.org\/actu\/#\/schema\/person\/71a8476d98daaea0d71a965c5603e10b\"},\"breadcrumb\":{\"@id\":\"https:\/\/www.fondationassistanceauxanimaux.org\/actu\/karine-ferri-noel-des-betes-2022-16645\/#breadcrumb\"},\"inLanguage\":\"fr-FR\",\"potentialAction\":[{\"@type\":\"ReadAction\",\"target\":[\"https:\/\/www.fondationassistanceauxanimaux.org\/actu\/karine-ferri-noel-des-betes-2022-16645\/\"]}]},{\"@type\":\"ImageObject\",\"inLanguage\":\"fr-FR\",\"@id\":\"https:\/\/www.fondationassistanceauxanimaux.org\/actu\/karine-ferri-noel-des-betes-2022-16645\/#primaryimage\",\"url\":\"https:\/\/www.fondationassistanceauxanimaux.org\/actu\/wp-content\/uploads\/2022\/12\/WXAINMK4HNCILLEBQ72YDOIP6I.jpeg\",\"contentUrl\":\"https:\/\/www.fondationassistanceauxanimaux.org\/actu\/wp-content\/uploads\/2022\/12\/WXAINMK4HNCILLEBQ72YDOIP6I.jpeg\",\"width\":932,\"height\":582,\"caption\":\"Karine Ferri engag\u00e9e pour la cause animale\"},{\"@type\":\"BreadcrumbList\",\"@id\":\"https:\/\/www.fondationassistanceauxanimaux.org\/actu\/karine-ferri-noel-des-betes-2022-16645\/#breadcrumb\",\"itemListElement\":[{\"@type\":\"ListItem\",\"position\":1,\"name\":\"Accueil\",\"item\":\"https:\/\/www.fondationassistanceauxanimaux.org\/actu\/\"},{\"@type\":\"ListItem\",\"position\":2,\"name\":\"Karine Ferri pr\u00e9sente le No\u00ebl des B\u00eates Abandonn\u00e9es \u00e9dition 2022 !\"}]},{\"@type\":\"WebSite\",\"@id\":\"https:\/\/www.fondationassistanceauxanimaux.org\/actu\/#website\",\"url\":\"https:\/\/www.fondationassistanceauxanimaux.org\/actu\/\",\"name\":\"Fondation Assistance aux Animaux - Actualit\u00e9s\",\"description\":\"Depuis 1930 la Fondation Assistance aux Animaux pour la d\u00e9fense et la protection des animaux maltrait\u00e9s et abandonn\u00e9s\",\"potentialAction\":[{\"@type\":\"SearchAction\",\"target\":{\"@type\":\"EntryPoint\",\"urlTemplate\":\"https:\/\/www.fondationassistanceauxanimaux.org\/actu\/?s={search_term_string}\"},\"query-input\":{\"@type\":\"PropertyValueSpecification\",\"valueRequired\":true,\"valueName\":\"search_term_string\"}}],\"inLanguage\":\"fr-FR\"},{\"@type\":\"Person\",\"@id\":\"https:\/\/www.fondationassistanceauxanimaux.org\/actu\/#\/schema\/person\/71a8476d98daaea0d71a965c5603e10b\",\"name\":\"No\u00e9\",\"image\":{\"@type\":\"ImageObject\",\"inLanguage\":\"fr-FR\",\"@id\":\"https:\/\/www.fondationassistanceauxanimaux.org\/actu\/#\/schema\/person\/image\/\",\"url\":\"https:\/\/secure.gravatar.com\/avatar\/d34cf6c6bd22b3db9c932bc580c4d1ba93c0cda7588a41b59078888ab1e5f007?s=96&d=mm&r=g\",\"contentUrl\":\"https:\/\/secure.gravatar.com\/avatar\/d34cf6c6bd22b3db9c932bc580c4d1ba93c0cda7588a41b59078888ab1e5f007?s=96&d=mm&r=g\",\"caption\":\"No\u00e9\"},\"url\":\"https:\/\/www.fondationassistanceauxanimaux.org\/actu\/author\/anne\/\"}]}<\/script>\n<!-- \/ Yoast SEO plugin. -->","yoast_head_json":{"title":"Karine Ferri pr\u00e9sente le No\u00ebl des B\u00eates Abandonn\u00e9es \u00e9dition 2022 ! - Fondation Assistance aux Animaux - Actualit\u00e9s","robots":{"index":"index","follow":"follow","max-snippet":"max-snippet:-1","max-image-preview":"max-image-preview:large","max-video-preview":"max-video-preview:-1"},"canonical":"https:\/\/www.fondationassistanceauxanimaux.org\/actu\/karine-ferri-noel-des-betes-2022-16645\/","og_locale":"fr_FR","og_type":"article","og_title":"Karine Ferri pr\u00e9sente le No\u00ebl des B\u00eates Abandonn\u00e9es \u00e9dition 2022 ! - Fondation Assistance aux Animaux - Actualit\u00e9s","og_description":"Au tour de Karine Ferri de pr\u00e9senter notre \u00e9v\u00e9nement No\u00ebl des B\u00eates Abandonn\u00e9es \u00e9dition 2022 : rendez-vous les 17 &amp; 18 d\u00e9cembre en Corse, \u00e0 Ajaccio ! Pour voir la vid\u00e9o : YouTube Vous trouverez toutes les informations de ce week-end d&rsquo;adoption sur notre site internet : www.fondationassistanceauxanimaux.org\/actu\/noel-des-betes-abandonnees-2022-16603\/ Pour la premi\u00e8re fois en Corse, la [&hellip;]","og_url":"https:\/\/www.fondationassistanceauxanimaux.org\/actu\/karine-ferri-noel-des-betes-2022-16645\/","og_site_name":"Fondation Assistance aux Animaux - Actualit\u00e9s","article_published_time":"2022-12-09T06:51:47+00:00","article_modified_time":"2022-12-09T06:51:48+00:00","og_image":[{"width":932,"height":582,"url":"https:\/\/www.fondationassistanceauxanimaux.org\/actu\/wp-content\/uploads\/2022\/12\/WXAINMK4HNCILLEBQ72YDOIP6I.jpeg","type":"image\/jpeg"}],"author":"No\u00e9","twitter_card":"summary_large_image","twitter_misc":{"\u00c9crit par":"No\u00e9","Dur\u00e9e de lecture estim\u00e9e":"1 minute"},"schema":{"@context":"https:\/\/schema.org","@graph":[{"@type":"WebPage","@id":"https:\/\/www.fondationassistanceauxanimaux.org\/actu\/karine-ferri-noel-des-betes-2022-16645\/","url":"https:\/\/www.fondationassistanceauxanimaux.org\/actu\/karine-ferri-noel-des-betes-2022-16645\/","name":"Karine Ferri pr\u00e9sente le No\u00ebl des B\u00eates Abandonn\u00e9es \u00e9dition 2022 ! - Fondation Assistance aux Animaux - Actualit\u00e9s","isPartOf":{"@id":"https:\/\/www.fondationassistanceauxanimaux.org\/actu\/#website"},"primaryImageOfPage":{"@id":"https:\/\/www.fondationassistanceauxanimaux.org\/actu\/karine-ferri-noel-des-betes-2022-16645\/#primaryimage"},"image":{"@id":"https:\/\/www.fondationassistanceauxanimaux.org\/actu\/karine-ferri-noel-des-betes-2022-16645\/#primaryimage"},"thumbnailUrl":"https:\/\/www.fondationassistanceauxanimaux.org\/actu\/wp-content\/uploads\/2022\/12\/WXAINMK4HNCILLEBQ72YDOIP6I.jpeg","datePublished":"2022-12-09T06:51:47+00:00","dateModified":"2022-12-09T06:51:48+00:00","author":{"@id":"https:\/\/www.fondationassistanceauxanimaux.org\/actu\/#\/schema\/person\/71a8476d98daaea0d71a965c5603e10b"},"breadcrumb":{"@id":"https:\/\/www.fondationassistanceauxanimaux.org\/actu\/karine-ferri-noel-des-betes-2022-16645\/#breadcrumb"},"inLanguage":"fr-FR","potentialAction":[{"@type":"ReadAction","target":["https:\/\/www.fondationassistanceauxanimaux.org\/actu\/karine-ferri-noel-des-betes-2022-16645\/"]}]},{"@type":"ImageObject","inLanguage":"fr-FR","@id":"https:\/\/www.fondationassistanceauxanimaux.org\/actu\/karine-ferri-noel-des-betes-2022-16645\/#primaryimage","url":"https:\/\/www.fondationassistanceauxanimaux.org\/actu\/wp-content\/uploads\/2022\/12\/WXAINMK4HNCILLEBQ72YDOIP6I.jpeg","contentUrl":"https:\/\/www.fondationassistanceauxanimaux.org\/actu\/wp-content\/uploads\/2022\/12\/WXAINMK4HNCILLEBQ72YDOIP6I.jpeg","width":932,"height":582,"caption":"Karine Ferri engag\u00e9e pour la cause animale"},{"@type":"BreadcrumbList","@id":"https:\/\/www.fondationassistanceauxanimaux.org\/actu\/karine-ferri-noel-des-betes-2022-16645\/#breadcrumb","itemListElement":[{"@type":"ListItem","position":1,"name":"Accueil","item":"https:\/\/www.fondationassistanceauxanimaux.org\/actu\/"},{"@type":"ListItem","position":2,"name":"Karine Ferri pr\u00e9sente le No\u00ebl des B\u00eates Abandonn\u00e9es \u00e9dition 2022 !"}]},{"@type":"WebSite","@id":"https:\/\/www.fondationassistanceauxanimaux.org\/actu\/#website","url":"https:\/\/www.fondationassistanceauxanimaux.org\/actu\/","name":"Fondation Assistance aux Animaux - Actualit\u00e9s","description":"Depuis 1930 la Fondation Assistance aux Animaux pour la d\u00e9fense et la protection des animaux maltrait\u00e9s et abandonn\u00e9s","potentialAction":[{"@type":"SearchAction","target":{"@type":"EntryPoint","urlTemplate":"https:\/\/www.fondationassistanceauxanimaux.org\/actu\/?s={search_term_string}"},"query-input":{"@type":"PropertyValueSpecification","valueRequired":true,"valueName":"search_term_string"}}],"inLanguage":"fr-FR"},{"@type":"Person","@id":"https:\/\/www.fondationassistanceauxanimaux.org\/actu\/#\/schema\/person\/71a8476d98daaea0d71a965c5603e10b","name":"No\u00e9","image":{"@type":"ImageObject","inLanguage":"fr-FR","@id":"https:\/\/www.fondationassistanceauxanimaux.org\/actu\/#\/schema\/person\/image\/","url":"https:\/\/secure.gravatar.com\/avatar\/d34cf6c6bd22b3db9c932bc580c4d1ba93c0cda7588a41b59078888ab1e5f007?s=96&d=mm&r=g","contentUrl":"https:\/\/secure.gravatar.com\/avatar\/d34cf6c6bd22b3db9c932bc580c4d1ba93c0cda7588a41b59078888ab1e5f007?s=96&d=mm&r=g","caption":"No\u00e9"},"url":"https:\/\/www.fondationassistanceauxanimaux.org\/actu\/author\/anne\/"}]}},"_links":{"self":[{"href":"https:\/\/www.fondationassistanceauxanimaux.org\/actu\/wp-json\/wp\/v2\/posts\/16645","targetHints":{"allow":["GET"]}}],"collection":[{"href":"https:\/\/www.fondationassistanceauxanimaux.org\/actu\/wp-json\/wp\/v2\/posts"}],"about":[{"href":"https:\/\/www.fondationassistanceauxanimaux.org\/actu\/wp-json\/wp\/v2\/types\/post"}],"author":[{"embeddable":true,"href":"https:\/\/www.fondationassistanceauxanimaux.org\/actu\/wp-json\/wp\/v2\/users\/3"}],"replies":[{"embeddable":true,"href":"https:\/\/www.fondationassistanceauxanimaux.org\/actu\/wp-json\/wp\/v2\/comments?post=16645"}],"version-history":[{"count":1,"href":"https:\/\/www.fondationassistanceauxanimaux.org\/actu\/wp-json\/wp\/v2\/posts\/16645\/revisions"}],"predecessor-version":[{"id":16647,"href":"https:\/\/www.fondationassistanceauxanimaux.org\/actu\/wp-json\/wp\/v2\/posts\/16645\/revisions\/16647"}],"wp:featuredmedia":[{"embeddable":true,"href":"https:\/\/www.fondationassistanceauxanimaux.org\/actu\/wp-json\/wp\/v2\/media\/16646"}],"wp:attachment":[{"href":"https:\/\/www.fondationassistanceauxanimaux.org\/actu\/wp-json\/wp\/v2\/media?parent=16645"}],"wp:term":[{"taxonomy":"category","embeddable":true,"href":"https:\/\/www.fondationassistanceauxanimaux.org\/actu\/wp-json\/wp\/v2\/categories?post=16645"},{"taxonomy":"post_tag","embeddable":true,"href":"https:\/\/www.fondationassistanceauxanimaux.org\/actu\/wp-json\/wp\/v2\/tags?post=16645"}],"curies":[{"name":"wp","href":"https:\/\/api.w.org\/{rel}","templated":true}]}}