{"id":16616,"date":"2022-12-07T11:57:56","date_gmt":"2022-12-07T10:57:56","guid":{"rendered":"https:\/\/www.fondationassistanceauxanimaux.org\/actu\/?p=16616"},"modified":"2022-12-07T12:08:13","modified_gmt":"2022-12-07T11:08:13","slug":"adoptez-victor-senior-refuge-toulon","status":"publish","type":"post","link":"https:\/\/www.fondationassistanceauxanimaux.org\/actu\/adoptez-victor-senior-refuge-toulon-16616\/","title":{"rendered":"Adoptez-le : Victor a 11 ans et recherche un panier de retraite au refuge de Toulon !"},"content":{"rendered":"\n<p><strong>Aujourd\u2019hui, nous vous pr\u00e9sentons l\u2019un des seniors du refuge Fondation Assistance aux Animaux de Toulon. Victor a 11 ans et recherche un panier de retraite.<\/strong><\/p>\n\n\n\n<p><strong>Ce crois\u00e9 \u00e9pagneul n\u2019a pas eu beaucoup de chance jusqu\u2019\u00e0 pr\u00e9sent. Sa prise en charge dans l\u2019un des refuges de la Fondation en t\u00e9moigne\u2026<\/strong><\/p>\n\n\n\n<figure class=\"wp-block-gallery columns-2 is-cropped wp-block-gallery-1 is-layout-flex wp-block-gallery-is-layout-flex\"><ul class=\"blocks-gallery-grid\"><li class=\"blocks-gallery-item\"><figure><img loading=\"lazy\" decoding=\"async\" width=\"1030\" height=\"682\" src=\"https:\/\/www.fondationassistanceauxanimaux.org\/actu\/wp-content\/uploads\/2022\/12\/image2-1-1030x682.jpeg\" alt=\"\" data-id=\"16619\" data-full-url=\"https:\/\/www.fondationassistanceauxanimaux.org\/actu\/wp-content\/uploads\/2022\/12\/image2-1.jpeg\" data-link=\"https:\/\/www.fondationassistanceauxanimaux.org\/actu\/?attachment_id=16619\" class=\"wp-image-16619\" srcset=\"https:\/\/www.fondationassistanceauxanimaux.org\/actu\/wp-content\/uploads\/2022\/12\/image2-1-1030x682.jpeg 1030w, https:\/\/www.fondationassistanceauxanimaux.org\/actu\/wp-content\/uploads\/2022\/12\/image2-1-300x199.jpeg 300w, https:\/\/www.fondationassistanceauxanimaux.org\/actu\/wp-content\/uploads\/2022\/12\/image2-1-768x509.jpeg 768w, https:\/\/www.fondationassistanceauxanimaux.org\/actu\/wp-content\/uploads\/2022\/12\/image2-1-705x467.jpeg 705w, https:\/\/www.fondationassistanceauxanimaux.org\/actu\/wp-content\/uploads\/2022\/12\/image2-1.jpeg 1300w\" sizes=\"auto, (max-width: 1030px) 100vw, 1030px\" \/><\/figure><\/li><li class=\"blocks-gallery-item\"><figure><img loading=\"lazy\" decoding=\"async\" width=\"1030\" height=\"682\" src=\"https:\/\/www.fondationassistanceauxanimaux.org\/actu\/wp-content\/uploads\/2022\/12\/image3-1-1030x682.jpeg\" alt=\"\" data-id=\"16620\" data-full-url=\"https:\/\/www.fondationassistanceauxanimaux.org\/actu\/wp-content\/uploads\/2022\/12\/image3-1.jpeg\" data-link=\"https:\/\/www.fondationassistanceauxanimaux.org\/actu\/?attachment_id=16620\" class=\"wp-image-16620\" srcset=\"https:\/\/www.fondationassistanceauxanimaux.org\/actu\/wp-content\/uploads\/2022\/12\/image3-1-1030x682.jpeg 1030w, https:\/\/www.fondationassistanceauxanimaux.org\/actu\/wp-content\/uploads\/2022\/12\/image3-1-300x199.jpeg 300w, https:\/\/www.fondationassistanceauxanimaux.org\/actu\/wp-content\/uploads\/2022\/12\/image3-1-768x509.jpeg 768w, https:\/\/www.fondationassistanceauxanimaux.org\/actu\/wp-content\/uploads\/2022\/12\/image3-1-705x467.jpeg 705w, https:\/\/www.fondationassistanceauxanimaux.org\/actu\/wp-content\/uploads\/2022\/12\/image3-1.jpeg 1300w\" sizes=\"auto, (max-width: 1030px) 100vw, 1030px\" \/><\/figure><\/li><\/ul><\/figure>\n\n\n\n<p><strong>Victor aime les balades, faire de bonnes siestes, manger de bonnes gamelles. Il doit finir sa vie paisiblement dans un foyer aimant.<\/strong><\/p>\n\n\n\n<p><strong>Il n\u2019est pas contre la compagnie de ses cong\u00e9n\u00e8res et accepte \u00e9galement les chats pourvu qu\u2019ils respectent sa tranquillit\u00e9.<\/strong><\/p>\n\n\n\n<p><strong>Victor respire la joie de vivre, c\u2019est encore un chien \u00e9nergique : d\u2019ailleurs si vous avez un petit jouet ou une balle, il y montrera un inter\u00eat en faisant quelques sauts de cabris qui seront vite \u00e9court\u00e9s car il oublie parfois qu\u2019il n\u2019est plus tout jeune\u2026<\/strong><\/p>\n\n\n\n<figure class=\"wp-block-gallery columns-2 is-cropped wp-block-gallery-2 is-layout-flex wp-block-gallery-is-layout-flex\"><ul class=\"blocks-gallery-grid\"><li class=\"blocks-gallery-item\"><figure><img loading=\"lazy\" decoding=\"async\" width=\"1030\" height=\"682\" src=\"https:\/\/www.fondationassistanceauxanimaux.org\/actu\/wp-content\/uploads\/2022\/12\/image0-1-1030x682.jpeg\" alt=\"\" data-id=\"16617\" data-full-url=\"https:\/\/www.fondationassistanceauxanimaux.org\/actu\/wp-content\/uploads\/2022\/12\/image0-1.jpeg\" data-link=\"https:\/\/www.fondationassistanceauxanimaux.org\/actu\/?attachment_id=16617\" class=\"wp-image-16617\" srcset=\"https:\/\/www.fondationassistanceauxanimaux.org\/actu\/wp-content\/uploads\/2022\/12\/image0-1-1030x682.jpeg 1030w, https:\/\/www.fondationassistanceauxanimaux.org\/actu\/wp-content\/uploads\/2022\/12\/image0-1-300x199.jpeg 300w, https:\/\/www.fondationassistanceauxanimaux.org\/actu\/wp-content\/uploads\/2022\/12\/image0-1-768x509.jpeg 768w, https:\/\/www.fondationassistanceauxanimaux.org\/actu\/wp-content\/uploads\/2022\/12\/image0-1-705x467.jpeg 705w, https:\/\/www.fondationassistanceauxanimaux.org\/actu\/wp-content\/uploads\/2022\/12\/image0-1.jpeg 1300w\" sizes=\"auto, (max-width: 1030px) 100vw, 1030px\" \/><\/figure><\/li><li class=\"blocks-gallery-item\"><figure><img loading=\"lazy\" decoding=\"async\" width=\"682\" height=\"1030\" src=\"https:\/\/www.fondationassistanceauxanimaux.org\/actu\/wp-content\/uploads\/2022\/12\/image1-1-682x1030.jpeg\" alt=\"\" data-id=\"16618\" data-full-url=\"https:\/\/www.fondationassistanceauxanimaux.org\/actu\/wp-content\/uploads\/2022\/12\/image1-1.jpeg\" data-link=\"https:\/\/www.fondationassistanceauxanimaux.org\/actu\/?attachment_id=16618\" class=\"wp-image-16618\" srcset=\"https:\/\/www.fondationassistanceauxanimaux.org\/actu\/wp-content\/uploads\/2022\/12\/image1-1-682x1030.jpeg 682w, https:\/\/www.fondationassistanceauxanimaux.org\/actu\/wp-content\/uploads\/2022\/12\/image1-1-199x300.jpeg 199w, https:\/\/www.fondationassistanceauxanimaux.org\/actu\/wp-content\/uploads\/2022\/12\/image1-1-768x1160.jpeg 768w, https:\/\/www.fondationassistanceauxanimaux.org\/actu\/wp-content\/uploads\/2022\/12\/image1-1-467x705.jpeg 467w, https:\/\/www.fondationassistanceauxanimaux.org\/actu\/wp-content\/uploads\/2022\/12\/image1-1.jpeg 861w\" sizes=\"auto, (max-width: 682px) 100vw, 682px\" \/><\/figure><\/li><\/ul><\/figure>\n\n\n\n<blockquote class=\"wp-block-quote is-layout-flow wp-block-quote-is-layout-flow\"><p><strong>Victor semble accepter toutes les \u00e9preuves de sa vie, il est r\u00e9sign\u00e9.<\/strong> <strong>Aidez-nous \u00e0 ce qu\u2019il ne finisse pas ses jours en box<\/strong> !<\/p><\/blockquote>\n\n\n\n<blockquote class=\"wp-block-quote is-layout-flow wp-block-quote-is-layout-flow\"><p><strong>Venez vite le rencontrer au refuge de Toulon, o\u00f9 vous pourrez faire connaissance avec lui lors d\u2019une promenade. Nos animaliers seront ravis de vous parler de lui plus en d\u00e9tails et de r\u00e9pondre \u00e0 toutes vos interrogations.<\/strong><\/p><\/blockquote>\n\n\n\n<blockquote class=\"wp-block-quote is-layout-flow wp-block-quote-is-layout-flow\"><p><strong>Rendez-vous au refuge de Toulon !<\/strong><\/p><cite><strong>Adresse : Le Lagoubran \/ Avenue Aristide Briand 83200 Toulon<\/strong><\/cite><\/blockquote>\n","protected":false},"excerpt":{"rendered":"<p>Aujourd\u2019hui, nous vous pr\u00e9sentons l\u2019un des seniors du refuge Fondation Assistance aux Animaux de Toulon. Victor a 11 ans et recherche un panier de retraite. Ce crois\u00e9 \u00e9pagneul n\u2019a pas eu beaucoup de chance jusqu\u2019\u00e0 pr\u00e9sent. Sa prise en charge dans l\u2019un des refuges de la Fondation en t\u00e9moigne\u2026 Victor aime les balades, faire de [&hellip;]<\/p>\n","protected":false},"author":3,"featured_media":16620,"comment_status":"closed","ping_status":"closed","sticky":false,"template":"","format":"standard","meta":{"footnotes":""},"categories":[15],"tags":[],"class_list":["post-16616","post","type-post","status-publish","format-standard","has-post-thumbnail","hentry","category-refuge-de-toulon"],"yoast_head":"<!-- This site is optimized with the Yoast SEO plugin v24.5 - https:\/\/yoast.com\/wordpress\/plugins\/seo\/ -->\n<title>Adoptez-le : Victor a 11 ans et recherche un panier de retraite au refuge de Toulon ! - Fondation Assistance aux Animaux - Actualit\u00e9s<\/title>\n<meta name=\"robots\" content=\"index, follow, max-snippet:-1, max-image-preview:large, max-video-preview:-1\" \/>\n<link rel=\"canonical\" href=\"https:\/\/www.fondationassistanceauxanimaux.org\/actu\/adoptez-victor-senior-refuge-toulon-16616\/\" \/>\n<meta property=\"og:locale\" content=\"fr_FR\" \/>\n<meta property=\"og:type\" content=\"article\" \/>\n<meta property=\"og:title\" content=\"Adoptez-le : Victor a 11 ans et recherche un panier de retraite au refuge de Toulon ! - Fondation Assistance aux Animaux - Actualit\u00e9s\" \/>\n<meta property=\"og:description\" content=\"Aujourd\u2019hui, nous vous pr\u00e9sentons l\u2019un des seniors du refuge Fondation Assistance aux Animaux de Toulon. Victor a 11 ans et recherche un panier de retraite. Ce crois\u00e9 \u00e9pagneul n\u2019a pas eu beaucoup de chance jusqu\u2019\u00e0 pr\u00e9sent. Sa prise en charge dans l\u2019un des refuges de la Fondation en t\u00e9moigne\u2026 Victor aime les balades, faire de [&hellip;]\" \/>\n<meta property=\"og:url\" content=\"https:\/\/www.fondationassistanceauxanimaux.org\/actu\/adoptez-victor-senior-refuge-toulon-16616\/\" \/>\n<meta property=\"og:site_name\" content=\"Fondation Assistance aux Animaux - Actualit\u00e9s\" \/>\n<meta property=\"article:published_time\" content=\"2022-12-07T10:57:56+00:00\" \/>\n<meta property=\"article:modified_time\" content=\"2022-12-07T11:08:13+00:00\" \/>\n<meta property=\"og:image\" content=\"https:\/\/www.fondationassistanceauxanimaux.org\/actu\/wp-content\/uploads\/2022\/12\/image3-1.jpeg\" \/>\n\t<meta property=\"og:image:width\" content=\"1300\" \/>\n\t<meta property=\"og:image:height\" content=\"861\" \/>\n\t<meta property=\"og:image:type\" content=\"image\/jpeg\" \/>\n<meta name=\"author\" content=\"No\u00e9\" \/>\n<meta name=\"twitter:card\" content=\"summary_large_image\" \/>\n<meta name=\"twitter:label1\" content=\"\u00c9crit par\" \/>\n\t<meta name=\"twitter:data1\" content=\"No\u00e9\" \/>\n\t<meta name=\"twitter:label2\" content=\"Dur\u00e9e de lecture estim\u00e9e\" \/>\n\t<meta name=\"twitter:data2\" content=\"1 minute\" \/>\n<script type=\"application\/ld+json\" class=\"yoast-schema-graph\">{\"@context\":\"https:\/\/schema.org\",\"@graph\":[{\"@type\":\"WebPage\",\"@id\":\"https:\/\/www.fondationassistanceauxanimaux.org\/actu\/adoptez-victor-senior-refuge-toulon-16616\/\",\"url\":\"https:\/\/www.fondationassistanceauxanimaux.org\/actu\/adoptez-victor-senior-refuge-toulon-16616\/\",\"name\":\"Adoptez-le : Victor a 11 ans et recherche un panier de retraite au refuge de Toulon ! - Fondation Assistance aux Animaux - Actualit\u00e9s\",\"isPartOf\":{\"@id\":\"https:\/\/www.fondationassistanceauxanimaux.org\/actu\/#website\"},\"primaryImageOfPage\":{\"@id\":\"https:\/\/www.fondationassistanceauxanimaux.org\/actu\/adoptez-victor-senior-refuge-toulon-16616\/#primaryimage\"},\"image\":{\"@id\":\"https:\/\/www.fondationassistanceauxanimaux.org\/actu\/adoptez-victor-senior-refuge-toulon-16616\/#primaryimage\"},\"thumbnailUrl\":\"https:\/\/www.fondationassistanceauxanimaux.org\/actu\/wp-content\/uploads\/2022\/12\/image3-1.jpeg\",\"datePublished\":\"2022-12-07T10:57:56+00:00\",\"dateModified\":\"2022-12-07T11:08:13+00:00\",\"author\":{\"@id\":\"https:\/\/www.fondationassistanceauxanimaux.org\/actu\/#\/schema\/person\/71a8476d98daaea0d71a965c5603e10b\"},\"breadcrumb\":{\"@id\":\"https:\/\/www.fondationassistanceauxanimaux.org\/actu\/adoptez-victor-senior-refuge-toulon-16616\/#breadcrumb\"},\"inLanguage\":\"fr-FR\",\"potentialAction\":[{\"@type\":\"ReadAction\",\"target\":[\"https:\/\/www.fondationassistanceauxanimaux.org\/actu\/adoptez-victor-senior-refuge-toulon-16616\/\"]}]},{\"@type\":\"ImageObject\",\"inLanguage\":\"fr-FR\",\"@id\":\"https:\/\/www.fondationassistanceauxanimaux.org\/actu\/adoptez-victor-senior-refuge-toulon-16616\/#primaryimage\",\"url\":\"https:\/\/www.fondationassistanceauxanimaux.org\/actu\/wp-content\/uploads\/2022\/12\/image3-1.jpeg\",\"contentUrl\":\"https:\/\/www.fondationassistanceauxanimaux.org\/actu\/wp-content\/uploads\/2022\/12\/image3-1.jpeg\",\"width\":1300,\"height\":861},{\"@type\":\"BreadcrumbList\",\"@id\":\"https:\/\/www.fondationassistanceauxanimaux.org\/actu\/adoptez-victor-senior-refuge-toulon-16616\/#breadcrumb\",\"itemListElement\":[{\"@type\":\"ListItem\",\"position\":1,\"name\":\"Accueil\",\"item\":\"https:\/\/www.fondationassistanceauxanimaux.org\/actu\/\"},{\"@type\":\"ListItem\",\"position\":2,\"name\":\"Adoptez-le : Victor a 11 ans et recherche un panier de retraite au refuge de Toulon !\"}]},{\"@type\":\"WebSite\",\"@id\":\"https:\/\/www.fondationassistanceauxanimaux.org\/actu\/#website\",\"url\":\"https:\/\/www.fondationassistanceauxanimaux.org\/actu\/\",\"name\":\"Fondation Assistance aux Animaux - Actualit\u00e9s\",\"description\":\"Depuis 1930 la Fondation Assistance aux Animaux pour la d\u00e9fense et la protection des animaux maltrait\u00e9s et abandonn\u00e9s\",\"potentialAction\":[{\"@type\":\"SearchAction\",\"target\":{\"@type\":\"EntryPoint\",\"urlTemplate\":\"https:\/\/www.fondationassistanceauxanimaux.org\/actu\/?s={search_term_string}\"},\"query-input\":{\"@type\":\"PropertyValueSpecification\",\"valueRequired\":true,\"valueName\":\"search_term_string\"}}],\"inLanguage\":\"fr-FR\"},{\"@type\":\"Person\",\"@id\":\"https:\/\/www.fondationassistanceauxanimaux.org\/actu\/#\/schema\/person\/71a8476d98daaea0d71a965c5603e10b\",\"name\":\"No\u00e9\",\"image\":{\"@type\":\"ImageObject\",\"inLanguage\":\"fr-FR\",\"@id\":\"https:\/\/www.fondationassistanceauxanimaux.org\/actu\/#\/schema\/person\/image\/\",\"url\":\"https:\/\/secure.gravatar.com\/avatar\/d34cf6c6bd22b3db9c932bc580c4d1ba93c0cda7588a41b59078888ab1e5f007?s=96&d=mm&r=g\",\"contentUrl\":\"https:\/\/secure.gravatar.com\/avatar\/d34cf6c6bd22b3db9c932bc580c4d1ba93c0cda7588a41b59078888ab1e5f007?s=96&d=mm&r=g\",\"caption\":\"No\u00e9\"},\"url\":\"https:\/\/www.fondationassistanceauxanimaux.org\/actu\/author\/anne\/\"}]}<\/script>\n<!-- \/ Yoast SEO plugin. -->","yoast_head_json":{"title":"Adoptez-le : Victor a 11 ans et recherche un panier de retraite au refuge de Toulon ! - Fondation Assistance aux Animaux - Actualit\u00e9s","robots":{"index":"index","follow":"follow","max-snippet":"max-snippet:-1","max-image-preview":"max-image-preview:large","max-video-preview":"max-video-preview:-1"},"canonical":"https:\/\/www.fondationassistanceauxanimaux.org\/actu\/adoptez-victor-senior-refuge-toulon-16616\/","og_locale":"fr_FR","og_type":"article","og_title":"Adoptez-le : Victor a 11 ans et recherche un panier de retraite au refuge de Toulon ! - Fondation Assistance aux Animaux - Actualit\u00e9s","og_description":"Aujourd\u2019hui, nous vous pr\u00e9sentons l\u2019un des seniors du refuge Fondation Assistance aux Animaux de Toulon. Victor a 11 ans et recherche un panier de retraite. Ce crois\u00e9 \u00e9pagneul n\u2019a pas eu beaucoup de chance jusqu\u2019\u00e0 pr\u00e9sent. Sa prise en charge dans l\u2019un des refuges de la Fondation en t\u00e9moigne\u2026 Victor aime les balades, faire de [&hellip;]","og_url":"https:\/\/www.fondationassistanceauxanimaux.org\/actu\/adoptez-victor-senior-refuge-toulon-16616\/","og_site_name":"Fondation Assistance aux Animaux - Actualit\u00e9s","article_published_time":"2022-12-07T10:57:56+00:00","article_modified_time":"2022-12-07T11:08:13+00:00","og_image":[{"width":1300,"height":861,"url":"https:\/\/www.fondationassistanceauxanimaux.org\/actu\/wp-content\/uploads\/2022\/12\/image3-1.jpeg","type":"image\/jpeg"}],"author":"No\u00e9","twitter_card":"summary_large_image","twitter_misc":{"\u00c9crit par":"No\u00e9","Dur\u00e9e de lecture estim\u00e9e":"1 minute"},"schema":{"@context":"https:\/\/schema.org","@graph":[{"@type":"WebPage","@id":"https:\/\/www.fondationassistanceauxanimaux.org\/actu\/adoptez-victor-senior-refuge-toulon-16616\/","url":"https:\/\/www.fondationassistanceauxanimaux.org\/actu\/adoptez-victor-senior-refuge-toulon-16616\/","name":"Adoptez-le : Victor a 11 ans et recherche un panier de retraite au refuge de Toulon ! - Fondation Assistance aux Animaux - Actualit\u00e9s","isPartOf":{"@id":"https:\/\/www.fondationassistanceauxanimaux.org\/actu\/#website"},"primaryImageOfPage":{"@id":"https:\/\/www.fondationassistanceauxanimaux.org\/actu\/adoptez-victor-senior-refuge-toulon-16616\/#primaryimage"},"image":{"@id":"https:\/\/www.fondationassistanceauxanimaux.org\/actu\/adoptez-victor-senior-refuge-toulon-16616\/#primaryimage"},"thumbnailUrl":"https:\/\/www.fondationassistanceauxanimaux.org\/actu\/wp-content\/uploads\/2022\/12\/image3-1.jpeg","datePublished":"2022-12-07T10:57:56+00:00","dateModified":"2022-12-07T11:08:13+00:00","author":{"@id":"https:\/\/www.fondationassistanceauxanimaux.org\/actu\/#\/schema\/person\/71a8476d98daaea0d71a965c5603e10b"},"breadcrumb":{"@id":"https:\/\/www.fondationassistanceauxanimaux.org\/actu\/adoptez-victor-senior-refuge-toulon-16616\/#breadcrumb"},"inLanguage":"fr-FR","potentialAction":[{"@type":"ReadAction","target":["https:\/\/www.fondationassistanceauxanimaux.org\/actu\/adoptez-victor-senior-refuge-toulon-16616\/"]}]},{"@type":"ImageObject","inLanguage":"fr-FR","@id":"https:\/\/www.fondationassistanceauxanimaux.org\/actu\/adoptez-victor-senior-refuge-toulon-16616\/#primaryimage","url":"https:\/\/www.fondationassistanceauxanimaux.org\/actu\/wp-content\/uploads\/2022\/12\/image3-1.jpeg","contentUrl":"https:\/\/www.fondationassistanceauxanimaux.org\/actu\/wp-content\/uploads\/2022\/12\/image3-1.jpeg","width":1300,"height":861},{"@type":"BreadcrumbList","@id":"https:\/\/www.fondationassistanceauxanimaux.org\/actu\/adoptez-victor-senior-refuge-toulon-16616\/#breadcrumb","itemListElement":[{"@type":"ListItem","position":1,"name":"Accueil","item":"https:\/\/www.fondationassistanceauxanimaux.org\/actu\/"},{"@type":"ListItem","position":2,"name":"Adoptez-le : Victor a 11 ans et recherche un panier de retraite au refuge de Toulon !"}]},{"@type":"WebSite","@id":"https:\/\/www.fondationassistanceauxanimaux.org\/actu\/#website","url":"https:\/\/www.fondationassistanceauxanimaux.org\/actu\/","name":"Fondation Assistance aux Animaux - Actualit\u00e9s","description":"Depuis 1930 la Fondation Assistance aux Animaux pour la d\u00e9fense et la protection des animaux maltrait\u00e9s et abandonn\u00e9s","potentialAction":[{"@type":"SearchAction","target":{"@type":"EntryPoint","urlTemplate":"https:\/\/www.fondationassistanceauxanimaux.org\/actu\/?s={search_term_string}"},"query-input":{"@type":"PropertyValueSpecification","valueRequired":true,"valueName":"search_term_string"}}],"inLanguage":"fr-FR"},{"@type":"Person","@id":"https:\/\/www.fondationassistanceauxanimaux.org\/actu\/#\/schema\/person\/71a8476d98daaea0d71a965c5603e10b","name":"No\u00e9","image":{"@type":"ImageObject","inLanguage":"fr-FR","@id":"https:\/\/www.fondationassistanceauxanimaux.org\/actu\/#\/schema\/person\/image\/","url":"https:\/\/secure.gravatar.com\/avatar\/d34cf6c6bd22b3db9c932bc580c4d1ba93c0cda7588a41b59078888ab1e5f007?s=96&d=mm&r=g","contentUrl":"https:\/\/secure.gravatar.com\/avatar\/d34cf6c6bd22b3db9c932bc580c4d1ba93c0cda7588a41b59078888ab1e5f007?s=96&d=mm&r=g","caption":"No\u00e9"},"url":"https:\/\/www.fondationassistanceauxanimaux.org\/actu\/author\/anne\/"}]}},"_links":{"self":[{"href":"https:\/\/www.fondationassistanceauxanimaux.org\/actu\/wp-json\/wp\/v2\/posts\/16616","targetHints":{"allow":["GET"]}}],"collection":[{"href":"https:\/\/www.fondationassistanceauxanimaux.org\/actu\/wp-json\/wp\/v2\/posts"}],"about":[{"href":"https:\/\/www.fondationassistanceauxanimaux.org\/actu\/wp-json\/wp\/v2\/types\/post"}],"author":[{"embeddable":true,"href":"https:\/\/www.fondationassistanceauxanimaux.org\/actu\/wp-json\/wp\/v2\/users\/3"}],"replies":[{"embeddable":true,"href":"https:\/\/www.fondationassistanceauxanimaux.org\/actu\/wp-json\/wp\/v2\/comments?post=16616"}],"version-history":[{"count":2,"href":"https:\/\/www.fondationassistanceauxanimaux.org\/actu\/wp-json\/wp\/v2\/posts\/16616\/revisions"}],"predecessor-version":[{"id":16622,"href":"https:\/\/www.fondationassistanceauxanimaux.org\/actu\/wp-json\/wp\/v2\/posts\/16616\/revisions\/16622"}],"wp:featuredmedia":[{"embeddable":true,"href":"https:\/\/www.fondationassistanceauxanimaux.org\/actu\/wp-json\/wp\/v2\/media\/16620"}],"wp:attachment":[{"href":"https:\/\/www.fondationassistanceauxanimaux.org\/actu\/wp-json\/wp\/v2\/media?parent=16616"}],"wp:term":[{"taxonomy":"category","embeddable":true,"href":"https:\/\/www.fondationassistanceauxanimaux.org\/actu\/wp-json\/wp\/v2\/categories?post=16616"},{"taxonomy":"post_tag","embeddable":true,"href":"https:\/\/www.fondationassistanceauxanimaux.org\/actu\/wp-json\/wp\/v2\/tags?post=16616"}],"curies":[{"name":"wp","href":"https:\/\/api.w.org\/{rel}","templated":true}]}}