{"id":16612,"date":"2022-12-06T12:04:55","date_gmt":"2022-12-06T11:04:55","guid":{"rendered":"https:\/\/www.fondationassistanceauxanimaux.org\/actu\/?p=16612"},"modified":"2022-12-06T12:04:56","modified_gmt":"2022-12-06T11:04:56","slug":"video-avant-apres-adoption","status":"publish","type":"post","link":"https:\/\/www.fondationassistanceauxanimaux.org\/actu\/video-avant-apres-adoption-16612\/","title":{"rendered":"Une vid\u00e9o avant\/apr\u00e8s qui fait chaud au c\u0153ur !"},"content":{"rendered":"\n<p><strong>Une vid\u00e9o avant\/apr\u00e8s qui fait chaud au c\u0153ur : l\u2019adoption de notre petit prot\u00e9g\u00e9 Darko.<\/strong><\/p>\n\n\n\n<p><strong>Abandonn\u00e9 par ses propri\u00e9taires, cet adorable chien a \u00e9t\u00e9 pris en charge dans notre refuge de Carros.<\/strong><\/p>\n\n\n\n<figure class=\"wp-block-embed-youtube aligncenter wp-block-embed is-type-video is-provider-youtube wp-embed-aspect-16-9 wp-has-aspect-ratio\"><div class=\"wp-block-embed__wrapper\">\n<div class='avia-iframe-wrap'><iframe loading=\"lazy\" title=\"Vid\u00e9o avant\/apr\u00e8s qui fait chaud au c\u0153ur : l&#039;adoption de Darko !\" width=\"1500\" height=\"844\" src=\"https:\/\/www.youtube.com\/embed\/I83r-5k1kLo?feature=oembed\" frameborder=\"0\" allow=\"accelerometer; autoplay; clipboard-write; encrypted-media; gyroscope; picture-in-picture\" allowfullscreen><\/iframe><\/div>\n<\/div><\/figure>\n\n\n\n<blockquote class=\"wp-block-quote is-layout-flow wp-block-quote-is-layout-flow\"><p><strong>Darko a eu la chance de trouver une famille id\u00e9ale. La Fondation Assistance aux Animaux tient \u00e0 remercier ses adoptants.<\/strong><\/p><\/blockquote>\n","protected":false},"excerpt":{"rendered":"<p>Une vid\u00e9o avant\/apr\u00e8s qui fait chaud au c\u0153ur : l\u2019adoption de notre petit prot\u00e9g\u00e9 Darko. Abandonn\u00e9 par ses propri\u00e9taires, cet adorable chien a \u00e9t\u00e9 pris en charge dans notre refuge de Carros. Darko a eu la chance de trouver une famille id\u00e9ale. La Fondation Assistance aux Animaux tient \u00e0 remercier ses adoptants.<\/p>\n","protected":false},"author":3,"featured_media":16613,"comment_status":"closed","ping_status":"closed","sticky":false,"template":"","format":"standard","meta":{"footnotes":""},"categories":[21],"tags":[],"class_list":["post-16612","post","type-post","status-publish","format-standard","has-post-thumbnail","hentry","category-fondation-assistance-aux-animaux"],"yoast_head":"<!-- This site is optimized with the Yoast SEO plugin v24.5 - https:\/\/yoast.com\/wordpress\/plugins\/seo\/ -->\n<title>Une vid\u00e9o avant\/apr\u00e8s qui fait chaud au c\u0153ur ! - Fondation Assistance aux Animaux - Actualit\u00e9s<\/title>\n<meta name=\"robots\" content=\"index, follow, max-snippet:-1, max-image-preview:large, max-video-preview:-1\" \/>\n<link rel=\"canonical\" href=\"https:\/\/www.fondationassistanceauxanimaux.org\/actu\/video-avant-apres-adoption-16612\/\" \/>\n<meta property=\"og:locale\" content=\"fr_FR\" \/>\n<meta property=\"og:type\" content=\"article\" \/>\n<meta property=\"og:title\" content=\"Une vid\u00e9o avant\/apr\u00e8s qui fait chaud au c\u0153ur ! - Fondation Assistance aux Animaux - Actualit\u00e9s\" \/>\n<meta property=\"og:description\" content=\"Une vid\u00e9o avant\/apr\u00e8s qui fait chaud au c\u0153ur : l\u2019adoption de notre petit prot\u00e9g\u00e9 Darko. Abandonn\u00e9 par ses propri\u00e9taires, cet adorable chien a \u00e9t\u00e9 pris en charge dans notre refuge de Carros. Darko a eu la chance de trouver une famille id\u00e9ale. La Fondation Assistance aux Animaux tient \u00e0 remercier ses adoptants.\" \/>\n<meta property=\"og:url\" content=\"https:\/\/www.fondationassistanceauxanimaux.org\/actu\/video-avant-apres-adoption-16612\/\" \/>\n<meta property=\"og:site_name\" content=\"Fondation Assistance aux Animaux - Actualit\u00e9s\" \/>\n<meta property=\"article:published_time\" content=\"2022-12-06T11:04:55+00:00\" \/>\n<meta property=\"article:modified_time\" content=\"2022-12-06T11:04:56+00:00\" \/>\n<meta property=\"og:image\" content=\"https:\/\/www.fondationassistanceauxanimaux.org\/actu\/wp-content\/uploads\/2022\/12\/Capture-d\u2019e\u0301cran-2022-12-06-a\u0300-12.04.10.png\" \/>\n\t<meta property=\"og:image:width\" content=\"918\" \/>\n\t<meta property=\"og:image:height\" content=\"684\" \/>\n\t<meta property=\"og:image:type\" content=\"image\/png\" \/>\n<meta name=\"author\" content=\"No\u00e9\" \/>\n<meta name=\"twitter:card\" content=\"summary_large_image\" \/>\n<meta name=\"twitter:label1\" content=\"\u00c9crit par\" \/>\n\t<meta name=\"twitter:data1\" content=\"No\u00e9\" \/>\n<script type=\"application\/ld+json\" class=\"yoast-schema-graph\">{\"@context\":\"https:\/\/schema.org\",\"@graph\":[{\"@type\":\"WebPage\",\"@id\":\"https:\/\/www.fondationassistanceauxanimaux.org\/actu\/video-avant-apres-adoption-16612\/\",\"url\":\"https:\/\/www.fondationassistanceauxanimaux.org\/actu\/video-avant-apres-adoption-16612\/\",\"name\":\"Une vid\u00e9o avant\/apr\u00e8s qui fait chaud au c\u0153ur ! - Fondation Assistance aux Animaux - Actualit\u00e9s\",\"isPartOf\":{\"@id\":\"https:\/\/www.fondationassistanceauxanimaux.org\/actu\/#website\"},\"primaryImageOfPage\":{\"@id\":\"https:\/\/www.fondationassistanceauxanimaux.org\/actu\/video-avant-apres-adoption-16612\/#primaryimage\"},\"image\":{\"@id\":\"https:\/\/www.fondationassistanceauxanimaux.org\/actu\/video-avant-apres-adoption-16612\/#primaryimage\"},\"thumbnailUrl\":\"https:\/\/www.fondationassistanceauxanimaux.org\/actu\/wp-content\/uploads\/2022\/12\/Capture-d\u2019e\u0301cran-2022-12-06-a\u0300-12.04.10.png\",\"datePublished\":\"2022-12-06T11:04:55+00:00\",\"dateModified\":\"2022-12-06T11:04:56+00:00\",\"author\":{\"@id\":\"https:\/\/www.fondationassistanceauxanimaux.org\/actu\/#\/schema\/person\/71a8476d98daaea0d71a965c5603e10b\"},\"breadcrumb\":{\"@id\":\"https:\/\/www.fondationassistanceauxanimaux.org\/actu\/video-avant-apres-adoption-16612\/#breadcrumb\"},\"inLanguage\":\"fr-FR\",\"potentialAction\":[{\"@type\":\"ReadAction\",\"target\":[\"https:\/\/www.fondationassistanceauxanimaux.org\/actu\/video-avant-apres-adoption-16612\/\"]}]},{\"@type\":\"ImageObject\",\"inLanguage\":\"fr-FR\",\"@id\":\"https:\/\/www.fondationassistanceauxanimaux.org\/actu\/video-avant-apres-adoption-16612\/#primaryimage\",\"url\":\"https:\/\/www.fondationassistanceauxanimaux.org\/actu\/wp-content\/uploads\/2022\/12\/Capture-d\u2019e\u0301cran-2022-12-06-a\u0300-12.04.10.png\",\"contentUrl\":\"https:\/\/www.fondationassistanceauxanimaux.org\/actu\/wp-content\/uploads\/2022\/12\/Capture-d\u2019e\u0301cran-2022-12-06-a\u0300-12.04.10.png\",\"width\":918,\"height\":684},{\"@type\":\"BreadcrumbList\",\"@id\":\"https:\/\/www.fondationassistanceauxanimaux.org\/actu\/video-avant-apres-adoption-16612\/#breadcrumb\",\"itemListElement\":[{\"@type\":\"ListItem\",\"position\":1,\"name\":\"Accueil\",\"item\":\"https:\/\/www.fondationassistanceauxanimaux.org\/actu\/\"},{\"@type\":\"ListItem\",\"position\":2,\"name\":\"Une vid\u00e9o avant\/apr\u00e8s qui fait chaud au c\u0153ur !\"}]},{\"@type\":\"WebSite\",\"@id\":\"https:\/\/www.fondationassistanceauxanimaux.org\/actu\/#website\",\"url\":\"https:\/\/www.fondationassistanceauxanimaux.org\/actu\/\",\"name\":\"Fondation Assistance aux Animaux - Actualit\u00e9s\",\"description\":\"Depuis 1930 la Fondation Assistance aux Animaux pour la d\u00e9fense et la protection des animaux maltrait\u00e9s et abandonn\u00e9s\",\"potentialAction\":[{\"@type\":\"SearchAction\",\"target\":{\"@type\":\"EntryPoint\",\"urlTemplate\":\"https:\/\/www.fondationassistanceauxanimaux.org\/actu\/?s={search_term_string}\"},\"query-input\":{\"@type\":\"PropertyValueSpecification\",\"valueRequired\":true,\"valueName\":\"search_term_string\"}}],\"inLanguage\":\"fr-FR\"},{\"@type\":\"Person\",\"@id\":\"https:\/\/www.fondationassistanceauxanimaux.org\/actu\/#\/schema\/person\/71a8476d98daaea0d71a965c5603e10b\",\"name\":\"No\u00e9\",\"image\":{\"@type\":\"ImageObject\",\"inLanguage\":\"fr-FR\",\"@id\":\"https:\/\/www.fondationassistanceauxanimaux.org\/actu\/#\/schema\/person\/image\/\",\"url\":\"https:\/\/secure.gravatar.com\/avatar\/d34cf6c6bd22b3db9c932bc580c4d1ba93c0cda7588a41b59078888ab1e5f007?s=96&d=mm&r=g\",\"contentUrl\":\"https:\/\/secure.gravatar.com\/avatar\/d34cf6c6bd22b3db9c932bc580c4d1ba93c0cda7588a41b59078888ab1e5f007?s=96&d=mm&r=g\",\"caption\":\"No\u00e9\"},\"url\":\"https:\/\/www.fondationassistanceauxanimaux.org\/actu\/author\/anne\/\"}]}<\/script>\n<!-- \/ Yoast SEO plugin. -->","yoast_head_json":{"title":"Une vid\u00e9o avant\/apr\u00e8s qui fait chaud au c\u0153ur ! - Fondation Assistance aux Animaux - Actualit\u00e9s","robots":{"index":"index","follow":"follow","max-snippet":"max-snippet:-1","max-image-preview":"max-image-preview:large","max-video-preview":"max-video-preview:-1"},"canonical":"https:\/\/www.fondationassistanceauxanimaux.org\/actu\/video-avant-apres-adoption-16612\/","og_locale":"fr_FR","og_type":"article","og_title":"Une vid\u00e9o avant\/apr\u00e8s qui fait chaud au c\u0153ur ! - Fondation Assistance aux Animaux - Actualit\u00e9s","og_description":"Une vid\u00e9o avant\/apr\u00e8s qui fait chaud au c\u0153ur : l\u2019adoption de notre petit prot\u00e9g\u00e9 Darko. Abandonn\u00e9 par ses propri\u00e9taires, cet adorable chien a \u00e9t\u00e9 pris en charge dans notre refuge de Carros. Darko a eu la chance de trouver une famille id\u00e9ale. La Fondation Assistance aux Animaux tient \u00e0 remercier ses adoptants.","og_url":"https:\/\/www.fondationassistanceauxanimaux.org\/actu\/video-avant-apres-adoption-16612\/","og_site_name":"Fondation Assistance aux Animaux - Actualit\u00e9s","article_published_time":"2022-12-06T11:04:55+00:00","article_modified_time":"2022-12-06T11:04:56+00:00","og_image":[{"width":918,"height":684,"url":"https:\/\/www.fondationassistanceauxanimaux.org\/actu\/wp-content\/uploads\/2022\/12\/Capture-d\u2019e\u0301cran-2022-12-06-a\u0300-12.04.10.png","type":"image\/png"}],"author":"No\u00e9","twitter_card":"summary_large_image","twitter_misc":{"\u00c9crit par":"No\u00e9"},"schema":{"@context":"https:\/\/schema.org","@graph":[{"@type":"WebPage","@id":"https:\/\/www.fondationassistanceauxanimaux.org\/actu\/video-avant-apres-adoption-16612\/","url":"https:\/\/www.fondationassistanceauxanimaux.org\/actu\/video-avant-apres-adoption-16612\/","name":"Une vid\u00e9o avant\/apr\u00e8s qui fait chaud au c\u0153ur ! - Fondation Assistance aux Animaux - Actualit\u00e9s","isPartOf":{"@id":"https:\/\/www.fondationassistanceauxanimaux.org\/actu\/#website"},"primaryImageOfPage":{"@id":"https:\/\/www.fondationassistanceauxanimaux.org\/actu\/video-avant-apres-adoption-16612\/#primaryimage"},"image":{"@id":"https:\/\/www.fondationassistanceauxanimaux.org\/actu\/video-avant-apres-adoption-16612\/#primaryimage"},"thumbnailUrl":"https:\/\/www.fondationassistanceauxanimaux.org\/actu\/wp-content\/uploads\/2022\/12\/Capture-d\u2019e\u0301cran-2022-12-06-a\u0300-12.04.10.png","datePublished":"2022-12-06T11:04:55+00:00","dateModified":"2022-12-06T11:04:56+00:00","author":{"@id":"https:\/\/www.fondationassistanceauxanimaux.org\/actu\/#\/schema\/person\/71a8476d98daaea0d71a965c5603e10b"},"breadcrumb":{"@id":"https:\/\/www.fondationassistanceauxanimaux.org\/actu\/video-avant-apres-adoption-16612\/#breadcrumb"},"inLanguage":"fr-FR","potentialAction":[{"@type":"ReadAction","target":["https:\/\/www.fondationassistanceauxanimaux.org\/actu\/video-avant-apres-adoption-16612\/"]}]},{"@type":"ImageObject","inLanguage":"fr-FR","@id":"https:\/\/www.fondationassistanceauxanimaux.org\/actu\/video-avant-apres-adoption-16612\/#primaryimage","url":"https:\/\/www.fondationassistanceauxanimaux.org\/actu\/wp-content\/uploads\/2022\/12\/Capture-d\u2019e\u0301cran-2022-12-06-a\u0300-12.04.10.png","contentUrl":"https:\/\/www.fondationassistanceauxanimaux.org\/actu\/wp-content\/uploads\/2022\/12\/Capture-d\u2019e\u0301cran-2022-12-06-a\u0300-12.04.10.png","width":918,"height":684},{"@type":"BreadcrumbList","@id":"https:\/\/www.fondationassistanceauxanimaux.org\/actu\/video-avant-apres-adoption-16612\/#breadcrumb","itemListElement":[{"@type":"ListItem","position":1,"name":"Accueil","item":"https:\/\/www.fondationassistanceauxanimaux.org\/actu\/"},{"@type":"ListItem","position":2,"name":"Une vid\u00e9o avant\/apr\u00e8s qui fait chaud au c\u0153ur !"}]},{"@type":"WebSite","@id":"https:\/\/www.fondationassistanceauxanimaux.org\/actu\/#website","url":"https:\/\/www.fondationassistanceauxanimaux.org\/actu\/","name":"Fondation Assistance aux Animaux - Actualit\u00e9s","description":"Depuis 1930 la Fondation Assistance aux Animaux pour la d\u00e9fense et la protection des animaux maltrait\u00e9s et abandonn\u00e9s","potentialAction":[{"@type":"SearchAction","target":{"@type":"EntryPoint","urlTemplate":"https:\/\/www.fondationassistanceauxanimaux.org\/actu\/?s={search_term_string}"},"query-input":{"@type":"PropertyValueSpecification","valueRequired":true,"valueName":"search_term_string"}}],"inLanguage":"fr-FR"},{"@type":"Person","@id":"https:\/\/www.fondationassistanceauxanimaux.org\/actu\/#\/schema\/person\/71a8476d98daaea0d71a965c5603e10b","name":"No\u00e9","image":{"@type":"ImageObject","inLanguage":"fr-FR","@id":"https:\/\/www.fondationassistanceauxanimaux.org\/actu\/#\/schema\/person\/image\/","url":"https:\/\/secure.gravatar.com\/avatar\/d34cf6c6bd22b3db9c932bc580c4d1ba93c0cda7588a41b59078888ab1e5f007?s=96&d=mm&r=g","contentUrl":"https:\/\/secure.gravatar.com\/avatar\/d34cf6c6bd22b3db9c932bc580c4d1ba93c0cda7588a41b59078888ab1e5f007?s=96&d=mm&r=g","caption":"No\u00e9"},"url":"https:\/\/www.fondationassistanceauxanimaux.org\/actu\/author\/anne\/"}]}},"_links":{"self":[{"href":"https:\/\/www.fondationassistanceauxanimaux.org\/actu\/wp-json\/wp\/v2\/posts\/16612","targetHints":{"allow":["GET"]}}],"collection":[{"href":"https:\/\/www.fondationassistanceauxanimaux.org\/actu\/wp-json\/wp\/v2\/posts"}],"about":[{"href":"https:\/\/www.fondationassistanceauxanimaux.org\/actu\/wp-json\/wp\/v2\/types\/post"}],"author":[{"embeddable":true,"href":"https:\/\/www.fondationassistanceauxanimaux.org\/actu\/wp-json\/wp\/v2\/users\/3"}],"replies":[{"embeddable":true,"href":"https:\/\/www.fondationassistanceauxanimaux.org\/actu\/wp-json\/wp\/v2\/comments?post=16612"}],"version-history":[{"count":1,"href":"https:\/\/www.fondationassistanceauxanimaux.org\/actu\/wp-json\/wp\/v2\/posts\/16612\/revisions"}],"predecessor-version":[{"id":16614,"href":"https:\/\/www.fondationassistanceauxanimaux.org\/actu\/wp-json\/wp\/v2\/posts\/16612\/revisions\/16614"}],"wp:featuredmedia":[{"embeddable":true,"href":"https:\/\/www.fondationassistanceauxanimaux.org\/actu\/wp-json\/wp\/v2\/media\/16613"}],"wp:attachment":[{"href":"https:\/\/www.fondationassistanceauxanimaux.org\/actu\/wp-json\/wp\/v2\/media?parent=16612"}],"wp:term":[{"taxonomy":"category","embeddable":true,"href":"https:\/\/www.fondationassistanceauxanimaux.org\/actu\/wp-json\/wp\/v2\/categories?post=16612"},{"taxonomy":"post_tag","embeddable":true,"href":"https:\/\/www.fondationassistanceauxanimaux.org\/actu\/wp-json\/wp\/v2\/tags?post=16612"}],"curies":[{"name":"wp","href":"https:\/\/api.w.org\/{rel}","templated":true}]}}