{"id":16508,"date":"2022-11-14T06:12:14","date_gmt":"2022-11-14T05:12:14","guid":{"rendered":"https:\/\/www.fondationassistanceauxanimaux.org\/actu\/?p=16508"},"modified":"2022-11-14T06:12:14","modified_gmt":"2022-11-14T05:12:14","slug":"famille-accueil-chien-refuge","status":"publish","type":"post","link":"https:\/\/www.fondationassistanceauxanimaux.org\/actu\/famille-accueil-chien-refuge-16508\/","title":{"rendered":"D\u00e9parts en famille d&rsquo;accueil !"},"content":{"rendered":"\n<p><strong>Deux nouveaux d\u00e9parts pour une vie meilleure !<\/strong><\/p>\n\n\n\n<p><strong>Apr\u00e8s avoir \u00e9t\u00e9 saisis par la Fondation pour mauvais traitements, ce sont nos prot\u00e9g\u00e9s Barney &amp; Billie qui ont trouv\u00e9 une formidable famille d\u2019accueil.<\/strong><\/p>\n\n\n\n<p><strong>Pris en charge au refuge Fondation Assistance aux Animaux de Morainvilliers avec plusieurs de leurs cong\u00e9n\u00e8res, ils ont \u00e9t\u00e9 soign\u00e9s et rassur\u00e9s.<\/strong><\/p>\n\n\n\n<p><strong>Aujourd\u2019hui, l\u2019avenir leur sourit. Merci \u00e0 nos familles d\u2019accueil.<\/strong><\/p>\n\n\n\n<figure class=\"wp-block-gallery columns-2 is-cropped wp-block-gallery-1 is-layout-flex wp-block-gallery-is-layout-flex\"><ul class=\"blocks-gallery-grid\"><li class=\"blocks-gallery-item\"><figure><img loading=\"lazy\" decoding=\"async\" width=\"989\" height=\"1030\" src=\"https:\/\/www.fondationassistanceauxanimaux.org\/actu\/wp-content\/uploads\/2022\/11\/e-989x1030.jpeg\" alt=\"\" data-id=\"16509\" data-full-url=\"https:\/\/www.fondationassistanceauxanimaux.org\/actu\/wp-content\/uploads\/2022\/11\/e.jpeg\" data-link=\"https:\/\/www.fondationassistanceauxanimaux.org\/actu\/?attachment_id=16509\" class=\"wp-image-16509\" srcset=\"https:\/\/www.fondationassistanceauxanimaux.org\/actu\/wp-content\/uploads\/2022\/11\/e-989x1030.jpeg 989w, https:\/\/www.fondationassistanceauxanimaux.org\/actu\/wp-content\/uploads\/2022\/11\/e-288x300.jpeg 288w, https:\/\/www.fondationassistanceauxanimaux.org\/actu\/wp-content\/uploads\/2022\/11\/e-768x799.jpeg 768w, https:\/\/www.fondationassistanceauxanimaux.org\/actu\/wp-content\/uploads\/2022\/11\/e-36x36.jpeg 36w, https:\/\/www.fondationassistanceauxanimaux.org\/actu\/wp-content\/uploads\/2022\/11\/e-677x705.jpeg 677w, https:\/\/www.fondationassistanceauxanimaux.org\/actu\/wp-content\/uploads\/2022\/11\/e.jpeg 1440w\" sizes=\"auto, (max-width: 989px) 100vw, 989px\" \/><figcaption class=\"blocks-gallery-item__caption\">Barney<\/figcaption><\/figure><\/li><li class=\"blocks-gallery-item\"><figure><img loading=\"lazy\" decoding=\"async\" width=\"989\" height=\"1030\" src=\"https:\/\/www.fondationassistanceauxanimaux.org\/actu\/wp-content\/uploads\/2022\/11\/unnamed-989x1030.jpeg\" alt=\"\" data-id=\"16510\" data-full-url=\"https:\/\/www.fondationassistanceauxanimaux.org\/actu\/wp-content\/uploads\/2022\/11\/unnamed.jpeg\" data-link=\"https:\/\/www.fondationassistanceauxanimaux.org\/actu\/?attachment_id=16510\" class=\"wp-image-16510\" srcset=\"https:\/\/www.fondationassistanceauxanimaux.org\/actu\/wp-content\/uploads\/2022\/11\/unnamed-989x1030.jpeg 989w, https:\/\/www.fondationassistanceauxanimaux.org\/actu\/wp-content\/uploads\/2022\/11\/unnamed-288x300.jpeg 288w, https:\/\/www.fondationassistanceauxanimaux.org\/actu\/wp-content\/uploads\/2022\/11\/unnamed-768x800.jpeg 768w, https:\/\/www.fondationassistanceauxanimaux.org\/actu\/wp-content\/uploads\/2022\/11\/unnamed-36x36.jpeg 36w, https:\/\/www.fondationassistanceauxanimaux.org\/actu\/wp-content\/uploads\/2022\/11\/unnamed-677x705.jpeg 677w, https:\/\/www.fondationassistanceauxanimaux.org\/actu\/wp-content\/uploads\/2022\/11\/unnamed.jpeg 1066w\" sizes=\"auto, (max-width: 989px) 100vw, 989px\" \/><figcaption class=\"blocks-gallery-item__caption\">Billie<\/figcaption><\/figure><\/li><\/ul><\/figure>\n","protected":false},"excerpt":{"rendered":"<p>Deux nouveaux d\u00e9parts pour une vie meilleure ! Apr\u00e8s avoir \u00e9t\u00e9 saisis par la Fondation pour mauvais traitements, ce sont nos prot\u00e9g\u00e9s Barney &amp; Billie qui ont trouv\u00e9 une formidable famille d\u2019accueil. Pris en charge au refuge Fondation Assistance aux Animaux de Morainvilliers avec plusieurs de leurs cong\u00e9n\u00e8res, ils ont \u00e9t\u00e9 soign\u00e9s et rassur\u00e9s. Aujourd\u2019hui, [&hellip;]<\/p>\n","protected":false},"author":3,"featured_media":16512,"comment_status":"closed","ping_status":"closed","sticky":false,"template":"","format":"standard","meta":{"footnotes":""},"categories":[19],"tags":[],"class_list":["post-16508","post","type-post","status-publish","format-standard","has-post-thumbnail","hentry","category-refuge-de-morainvilliers"],"yoast_head":"<!-- This site is optimized with the Yoast SEO plugin v24.5 - https:\/\/yoast.com\/wordpress\/plugins\/seo\/ -->\n<title>D\u00e9parts en famille d&#039;accueil ! - Fondation Assistance aux Animaux - Actualit\u00e9s<\/title>\n<meta name=\"robots\" content=\"index, follow, max-snippet:-1, max-image-preview:large, max-video-preview:-1\" \/>\n<link rel=\"canonical\" href=\"https:\/\/www.fondationassistanceauxanimaux.org\/actu\/famille-accueil-chien-refuge-16508\/\" \/>\n<meta property=\"og:locale\" content=\"fr_FR\" \/>\n<meta property=\"og:type\" content=\"article\" \/>\n<meta property=\"og:title\" content=\"D\u00e9parts en famille d&#039;accueil ! - Fondation Assistance aux Animaux - Actualit\u00e9s\" \/>\n<meta property=\"og:description\" content=\"Deux nouveaux d\u00e9parts pour une vie meilleure ! Apr\u00e8s avoir \u00e9t\u00e9 saisis par la Fondation pour mauvais traitements, ce sont nos prot\u00e9g\u00e9s Barney &amp; Billie qui ont trouv\u00e9 une formidable famille d\u2019accueil. Pris en charge au refuge Fondation Assistance aux Animaux de Morainvilliers avec plusieurs de leurs cong\u00e9n\u00e8res, ils ont \u00e9t\u00e9 soign\u00e9s et rassur\u00e9s. Aujourd\u2019hui, [&hellip;]\" \/>\n<meta property=\"og:url\" content=\"https:\/\/www.fondationassistanceauxanimaux.org\/actu\/famille-accueil-chien-refuge-16508\/\" \/>\n<meta property=\"og:site_name\" content=\"Fondation Assistance aux Animaux - Actualit\u00e9s\" \/>\n<meta property=\"article:published_time\" content=\"2022-11-14T05:12:14+00:00\" \/>\n<meta property=\"og:image\" content=\"https:\/\/www.fondationassistanceauxanimaux.org\/actu\/wp-content\/uploads\/2022\/11\/Capture-d\u2019e\u0301cran-2022-11-14-a\u0300-06.10.42-1030x495.png\" \/>\n\t<meta property=\"og:image:width\" content=\"1030\" \/>\n\t<meta property=\"og:image:height\" content=\"495\" \/>\n\t<meta property=\"og:image:type\" content=\"image\/png\" \/>\n<meta name=\"author\" content=\"No\u00e9\" \/>\n<meta name=\"twitter:card\" content=\"summary_large_image\" \/>\n<meta name=\"twitter:label1\" content=\"\u00c9crit par\" \/>\n\t<meta name=\"twitter:data1\" content=\"No\u00e9\" \/>\n<script type=\"application\/ld+json\" class=\"yoast-schema-graph\">{\"@context\":\"https:\/\/schema.org\",\"@graph\":[{\"@type\":\"WebPage\",\"@id\":\"https:\/\/www.fondationassistanceauxanimaux.org\/actu\/famille-accueil-chien-refuge-16508\/\",\"url\":\"https:\/\/www.fondationassistanceauxanimaux.org\/actu\/famille-accueil-chien-refuge-16508\/\",\"name\":\"D\u00e9parts en famille d'accueil ! - Fondation Assistance aux Animaux - Actualit\u00e9s\",\"isPartOf\":{\"@id\":\"https:\/\/www.fondationassistanceauxanimaux.org\/actu\/#website\"},\"primaryImageOfPage\":{\"@id\":\"https:\/\/www.fondationassistanceauxanimaux.org\/actu\/famille-accueil-chien-refuge-16508\/#primaryimage\"},\"image\":{\"@id\":\"https:\/\/www.fondationassistanceauxanimaux.org\/actu\/famille-accueil-chien-refuge-16508\/#primaryimage\"},\"thumbnailUrl\":\"https:\/\/www.fondationassistanceauxanimaux.org\/actu\/wp-content\/uploads\/2022\/11\/Capture-d\u2019e\u0301cran-2022-11-14-a\u0300-06.10.42.png\",\"datePublished\":\"2022-11-14T05:12:14+00:00\",\"author\":{\"@id\":\"https:\/\/www.fondationassistanceauxanimaux.org\/actu\/#\/schema\/person\/71a8476d98daaea0d71a965c5603e10b\"},\"breadcrumb\":{\"@id\":\"https:\/\/www.fondationassistanceauxanimaux.org\/actu\/famille-accueil-chien-refuge-16508\/#breadcrumb\"},\"inLanguage\":\"fr-FR\",\"potentialAction\":[{\"@type\":\"ReadAction\",\"target\":[\"https:\/\/www.fondationassistanceauxanimaux.org\/actu\/famille-accueil-chien-refuge-16508\/\"]}]},{\"@type\":\"ImageObject\",\"inLanguage\":\"fr-FR\",\"@id\":\"https:\/\/www.fondationassistanceauxanimaux.org\/actu\/famille-accueil-chien-refuge-16508\/#primaryimage\",\"url\":\"https:\/\/www.fondationassistanceauxanimaux.org\/actu\/wp-content\/uploads\/2022\/11\/Capture-d\u2019e\u0301cran-2022-11-14-a\u0300-06.10.42.png\",\"contentUrl\":\"https:\/\/www.fondationassistanceauxanimaux.org\/actu\/wp-content\/uploads\/2022\/11\/Capture-d\u2019e\u0301cran-2022-11-14-a\u0300-06.10.42.png\",\"width\":1728,\"height\":830},{\"@type\":\"BreadcrumbList\",\"@id\":\"https:\/\/www.fondationassistanceauxanimaux.org\/actu\/famille-accueil-chien-refuge-16508\/#breadcrumb\",\"itemListElement\":[{\"@type\":\"ListItem\",\"position\":1,\"name\":\"Accueil\",\"item\":\"https:\/\/www.fondationassistanceauxanimaux.org\/actu\/\"},{\"@type\":\"ListItem\",\"position\":2,\"name\":\"D\u00e9parts en famille d&rsquo;accueil !\"}]},{\"@type\":\"WebSite\",\"@id\":\"https:\/\/www.fondationassistanceauxanimaux.org\/actu\/#website\",\"url\":\"https:\/\/www.fondationassistanceauxanimaux.org\/actu\/\",\"name\":\"Fondation Assistance aux Animaux - Actualit\u00e9s\",\"description\":\"Depuis 1930 la Fondation Assistance aux Animaux pour la d\u00e9fense et la protection des animaux maltrait\u00e9s et abandonn\u00e9s\",\"potentialAction\":[{\"@type\":\"SearchAction\",\"target\":{\"@type\":\"EntryPoint\",\"urlTemplate\":\"https:\/\/www.fondationassistanceauxanimaux.org\/actu\/?s={search_term_string}\"},\"query-input\":{\"@type\":\"PropertyValueSpecification\",\"valueRequired\":true,\"valueName\":\"search_term_string\"}}],\"inLanguage\":\"fr-FR\"},{\"@type\":\"Person\",\"@id\":\"https:\/\/www.fondationassistanceauxanimaux.org\/actu\/#\/schema\/person\/71a8476d98daaea0d71a965c5603e10b\",\"name\":\"No\u00e9\",\"image\":{\"@type\":\"ImageObject\",\"inLanguage\":\"fr-FR\",\"@id\":\"https:\/\/www.fondationassistanceauxanimaux.org\/actu\/#\/schema\/person\/image\/\",\"url\":\"https:\/\/secure.gravatar.com\/avatar\/d34cf6c6bd22b3db9c932bc580c4d1ba93c0cda7588a41b59078888ab1e5f007?s=96&d=mm&r=g\",\"contentUrl\":\"https:\/\/secure.gravatar.com\/avatar\/d34cf6c6bd22b3db9c932bc580c4d1ba93c0cda7588a41b59078888ab1e5f007?s=96&d=mm&r=g\",\"caption\":\"No\u00e9\"},\"url\":\"https:\/\/www.fondationassistanceauxanimaux.org\/actu\/author\/anne\/\"}]}<\/script>\n<!-- \/ Yoast SEO plugin. -->","yoast_head_json":{"title":"D\u00e9parts en famille d'accueil ! - Fondation Assistance aux Animaux - Actualit\u00e9s","robots":{"index":"index","follow":"follow","max-snippet":"max-snippet:-1","max-image-preview":"max-image-preview:large","max-video-preview":"max-video-preview:-1"},"canonical":"https:\/\/www.fondationassistanceauxanimaux.org\/actu\/famille-accueil-chien-refuge-16508\/","og_locale":"fr_FR","og_type":"article","og_title":"D\u00e9parts en famille d'accueil ! - Fondation Assistance aux Animaux - Actualit\u00e9s","og_description":"Deux nouveaux d\u00e9parts pour une vie meilleure ! Apr\u00e8s avoir \u00e9t\u00e9 saisis par la Fondation pour mauvais traitements, ce sont nos prot\u00e9g\u00e9s Barney &amp; Billie qui ont trouv\u00e9 une formidable famille d\u2019accueil. Pris en charge au refuge Fondation Assistance aux Animaux de Morainvilliers avec plusieurs de leurs cong\u00e9n\u00e8res, ils ont \u00e9t\u00e9 soign\u00e9s et rassur\u00e9s. Aujourd\u2019hui, [&hellip;]","og_url":"https:\/\/www.fondationassistanceauxanimaux.org\/actu\/famille-accueil-chien-refuge-16508\/","og_site_name":"Fondation Assistance aux Animaux - Actualit\u00e9s","article_published_time":"2022-11-14T05:12:14+00:00","og_image":[{"width":1030,"height":495,"url":"https:\/\/www.fondationassistanceauxanimaux.org\/actu\/wp-content\/uploads\/2022\/11\/Capture-d\u2019e\u0301cran-2022-11-14-a\u0300-06.10.42-1030x495.png","type":"image\/png"}],"author":"No\u00e9","twitter_card":"summary_large_image","twitter_misc":{"\u00c9crit par":"No\u00e9"},"schema":{"@context":"https:\/\/schema.org","@graph":[{"@type":"WebPage","@id":"https:\/\/www.fondationassistanceauxanimaux.org\/actu\/famille-accueil-chien-refuge-16508\/","url":"https:\/\/www.fondationassistanceauxanimaux.org\/actu\/famille-accueil-chien-refuge-16508\/","name":"D\u00e9parts en famille d'accueil ! - Fondation Assistance aux Animaux - Actualit\u00e9s","isPartOf":{"@id":"https:\/\/www.fondationassistanceauxanimaux.org\/actu\/#website"},"primaryImageOfPage":{"@id":"https:\/\/www.fondationassistanceauxanimaux.org\/actu\/famille-accueil-chien-refuge-16508\/#primaryimage"},"image":{"@id":"https:\/\/www.fondationassistanceauxanimaux.org\/actu\/famille-accueil-chien-refuge-16508\/#primaryimage"},"thumbnailUrl":"https:\/\/www.fondationassistanceauxanimaux.org\/actu\/wp-content\/uploads\/2022\/11\/Capture-d\u2019e\u0301cran-2022-11-14-a\u0300-06.10.42.png","datePublished":"2022-11-14T05:12:14+00:00","author":{"@id":"https:\/\/www.fondationassistanceauxanimaux.org\/actu\/#\/schema\/person\/71a8476d98daaea0d71a965c5603e10b"},"breadcrumb":{"@id":"https:\/\/www.fondationassistanceauxanimaux.org\/actu\/famille-accueil-chien-refuge-16508\/#breadcrumb"},"inLanguage":"fr-FR","potentialAction":[{"@type":"ReadAction","target":["https:\/\/www.fondationassistanceauxanimaux.org\/actu\/famille-accueil-chien-refuge-16508\/"]}]},{"@type":"ImageObject","inLanguage":"fr-FR","@id":"https:\/\/www.fondationassistanceauxanimaux.org\/actu\/famille-accueil-chien-refuge-16508\/#primaryimage","url":"https:\/\/www.fondationassistanceauxanimaux.org\/actu\/wp-content\/uploads\/2022\/11\/Capture-d\u2019e\u0301cran-2022-11-14-a\u0300-06.10.42.png","contentUrl":"https:\/\/www.fondationassistanceauxanimaux.org\/actu\/wp-content\/uploads\/2022\/11\/Capture-d\u2019e\u0301cran-2022-11-14-a\u0300-06.10.42.png","width":1728,"height":830},{"@type":"BreadcrumbList","@id":"https:\/\/www.fondationassistanceauxanimaux.org\/actu\/famille-accueil-chien-refuge-16508\/#breadcrumb","itemListElement":[{"@type":"ListItem","position":1,"name":"Accueil","item":"https:\/\/www.fondationassistanceauxanimaux.org\/actu\/"},{"@type":"ListItem","position":2,"name":"D\u00e9parts en famille d&rsquo;accueil !"}]},{"@type":"WebSite","@id":"https:\/\/www.fondationassistanceauxanimaux.org\/actu\/#website","url":"https:\/\/www.fondationassistanceauxanimaux.org\/actu\/","name":"Fondation Assistance aux Animaux - Actualit\u00e9s","description":"Depuis 1930 la Fondation Assistance aux Animaux pour la d\u00e9fense et la protection des animaux maltrait\u00e9s et abandonn\u00e9s","potentialAction":[{"@type":"SearchAction","target":{"@type":"EntryPoint","urlTemplate":"https:\/\/www.fondationassistanceauxanimaux.org\/actu\/?s={search_term_string}"},"query-input":{"@type":"PropertyValueSpecification","valueRequired":true,"valueName":"search_term_string"}}],"inLanguage":"fr-FR"},{"@type":"Person","@id":"https:\/\/www.fondationassistanceauxanimaux.org\/actu\/#\/schema\/person\/71a8476d98daaea0d71a965c5603e10b","name":"No\u00e9","image":{"@type":"ImageObject","inLanguage":"fr-FR","@id":"https:\/\/www.fondationassistanceauxanimaux.org\/actu\/#\/schema\/person\/image\/","url":"https:\/\/secure.gravatar.com\/avatar\/d34cf6c6bd22b3db9c932bc580c4d1ba93c0cda7588a41b59078888ab1e5f007?s=96&d=mm&r=g","contentUrl":"https:\/\/secure.gravatar.com\/avatar\/d34cf6c6bd22b3db9c932bc580c4d1ba93c0cda7588a41b59078888ab1e5f007?s=96&d=mm&r=g","caption":"No\u00e9"},"url":"https:\/\/www.fondationassistanceauxanimaux.org\/actu\/author\/anne\/"}]}},"_links":{"self":[{"href":"https:\/\/www.fondationassistanceauxanimaux.org\/actu\/wp-json\/wp\/v2\/posts\/16508","targetHints":{"allow":["GET"]}}],"collection":[{"href":"https:\/\/www.fondationassistanceauxanimaux.org\/actu\/wp-json\/wp\/v2\/posts"}],"about":[{"href":"https:\/\/www.fondationassistanceauxanimaux.org\/actu\/wp-json\/wp\/v2\/types\/post"}],"author":[{"embeddable":true,"href":"https:\/\/www.fondationassistanceauxanimaux.org\/actu\/wp-json\/wp\/v2\/users\/3"}],"replies":[{"embeddable":true,"href":"https:\/\/www.fondationassistanceauxanimaux.org\/actu\/wp-json\/wp\/v2\/comments?post=16508"}],"version-history":[{"count":1,"href":"https:\/\/www.fondationassistanceauxanimaux.org\/actu\/wp-json\/wp\/v2\/posts\/16508\/revisions"}],"predecessor-version":[{"id":16511,"href":"https:\/\/www.fondationassistanceauxanimaux.org\/actu\/wp-json\/wp\/v2\/posts\/16508\/revisions\/16511"}],"wp:featuredmedia":[{"embeddable":true,"href":"https:\/\/www.fondationassistanceauxanimaux.org\/actu\/wp-json\/wp\/v2\/media\/16512"}],"wp:attachment":[{"href":"https:\/\/www.fondationassistanceauxanimaux.org\/actu\/wp-json\/wp\/v2\/media?parent=16508"}],"wp:term":[{"taxonomy":"category","embeddable":true,"href":"https:\/\/www.fondationassistanceauxanimaux.org\/actu\/wp-json\/wp\/v2\/categories?post=16508"},{"taxonomy":"post_tag","embeddable":true,"href":"https:\/\/www.fondationassistanceauxanimaux.org\/actu\/wp-json\/wp\/v2\/tags?post=16508"}],"curies":[{"name":"wp","href":"https:\/\/api.w.org\/{rel}","templated":true}]}}