{"id":16332,"date":"2022-10-28T14:52:17","date_gmt":"2022-10-28T12:52:17","guid":{"rendered":"https:\/\/www.fondationassistanceauxanimaux.org\/actu\/?p=16332"},"modified":"2022-10-28T14:52:17","modified_gmt":"2022-10-28T12:52:17","slug":"maltraitances-animales-en-hausse-etat-division-enqueteurs","status":"publish","type":"post","link":"https:\/\/www.fondationassistanceauxanimaux.org\/actu\/maltraitances-animales-en-hausse-etat-division-enqueteurs-16332\/","title":{"rendered":"Les maltraitances animales en hausse de 30%\u00a0: cr\u00e9ation d&rsquo;une division d\u2019enqu\u00eateurs sp\u00e9cialis\u00e9s"},"content":{"rendered":"\n<p><strong>C\u2019est fait : selon les chiffres du minist\u00e8re de l&rsquo;Int\u00e9rieur publi\u00e9s ce vendredi 28 octobre 2022, les maltraitances sur les animaux domestiques ont augment\u00e9 de 30% entre 2016 et 2021.\u00a0<\/strong><\/p>\n\n\n\n<p><strong>Le ministre de l\u2019Int\u00e9rieur G\u00e9rald Darmanin annonce la cr\u00e9ation d&rsquo;une division d&rsquo;enqu\u00eateurs sp\u00e9cialis\u00e9s.<\/strong><\/p>\n\n\n\n<p><strong>Entre 2016 et 2021, les maltraitances animales ont augment\u00e9 de 30% en France, annonce vendredi le service statistique de la s\u00e9curit\u00e9 int\u00e9rieur. Dans le d\u00e9tail, cette augmentation repr\u00e9sente une hausse de 5% en moyenne par an, en 5 ans.\u00a0Les chiens (46%) et les chats (24%) sont les principales victimes. Les violences physiques touchent en majorit\u00e9 les chats alors que les victimes de mauvaises conditions sont des chiens dans plus des trois quarts des cas.<\/strong><\/p>\n\n\n\n<p><strong>Sur la seule ann\u00e9e 2021, 12.000 faits ont \u00e9t\u00e9 constat\u00e9s. Parmi ces infractions, 35\u202f% correspondent \u00e0 des mauvais traitements, 34\u202f% \u00e0 des s\u00e9vices graves, 14\u202f% \u00e0 des atteintes involontaires \u00e0 la vie et \u00e0 l\u2019int\u00e9grit\u00e9 de l\u2019animal et 5\u202f% \u00e0 des abandons.<\/strong><\/p>\n\n\n\n<p><strong>Il s&rsquo;agit d&rsquo;infractions \u00ab\u00a0<em>majoritairement pr\u00e9sentes dans les zones rurales<\/em>\u00ab\u00a0, ce qui s&rsquo;explique notamment par la prise en compte des animaux d&rsquo;\u00e9levages \u00ab\u00a0<em>peu pr\u00e9sents en zone urbaine<\/em>\u00ab\u00a0.\u00a0Les d\u00e9lits visant des animaux domestiques, apprivois\u00e9s ou en captivit\u00e9, mettent en cause \u00ab\u00a0<em>pour les trois quarts<\/em>\u00a0\u00bb des hommes, dont 18% sont \u00e2g\u00e9s de plus de 60 ans.<\/strong><\/p>\n\n\n\n<blockquote class=\"wp-block-quote is-layout-flow wp-block-quote-is-layout-flow\"><p><strong>\u00ab\u00a0<em>Pour lutter contre ce fl\u00e9au en pleine expansion<\/em>\u00ab\u00a0, G\u00e9rald Darmanin annonce la cr\u00e9ation d&rsquo;une division d\u2019enqu\u00eateurs sp\u00e9cialis\u00e9s charg\u00e9e de la maltraitance animale.\u00a0Cette \u00e9quipe sera compos\u00e9e de 15 policiers et gendarmes sp\u00e9cialis\u00e9s, rattach\u00e9s \u00e0 l\u2019Office central de lutte contre les atteintes \u00e0 l&rsquo;environnement et \u00e0 la sant\u00e9 publique.<\/strong><\/p><cite><strong><em>Source France Bleu du 28\/10\/2022 \u2013 Victor Laspi\u00e8re<\/em> <\/strong><\/cite><\/blockquote>\n\n\n\n<div class=\"wp-block-image\"><figure class=\"aligncenter size-large is-resized\"><img loading=\"lazy\" decoding=\"async\" src=\"https:\/\/www.fondationassistanceauxanimaux.org\/actu\/wp-content\/uploads\/2022\/10\/CHIEN-CHAT-ACCOLADE-824x1030.jpg\" alt=\"\" class=\"wp-image-16334\" width=\"451\" height=\"564\" srcset=\"https:\/\/www.fondationassistanceauxanimaux.org\/actu\/wp-content\/uploads\/2022\/10\/CHIEN-CHAT-ACCOLADE-824x1030.jpg 824w, https:\/\/www.fondationassistanceauxanimaux.org\/actu\/wp-content\/uploads\/2022\/10\/CHIEN-CHAT-ACCOLADE-240x300.jpg 240w, https:\/\/www.fondationassistanceauxanimaux.org\/actu\/wp-content\/uploads\/2022\/10\/CHIEN-CHAT-ACCOLADE-768x961.jpg 768w, https:\/\/www.fondationassistanceauxanimaux.org\/actu\/wp-content\/uploads\/2022\/10\/CHIEN-CHAT-ACCOLADE-564x705.jpg 564w, https:\/\/www.fondationassistanceauxanimaux.org\/actu\/wp-content\/uploads\/2022\/10\/CHIEN-CHAT-ACCOLADE.jpg 1077w\" sizes=\"auto, (max-width: 451px) 100vw, 451px\" \/><\/figure><\/div>\n\n\n\n<blockquote class=\"wp-block-quote is-layout-flow wp-block-quote-is-layout-flow\"><p><strong>Rappel des actes de la loi contre la maltraitance animale \u00e0 laquelle se rajoutera cette division d\u2019enqu\u00eateurs\u00a0:<\/strong><\/p><\/blockquote>\n\n\n\n<ul class=\"wp-block-list\"><li><strong>Cr\u00e9ation d\u2019un certificat de sensibilisation permettant de v\u00e9rifier les connaissances du futur acqu\u00e9reur d\u2019un animal de compagnie, afin d\u2019\u00e9viter les achats compulsifs\u2026 et donc les abandons<\/strong><\/li><li><strong>Interdiction des ventes de chiots et chatons dans les animaleries<\/strong><\/li><li><strong>Interdiction de la vente d\u2019animaux en ligne<\/strong><\/li><li><strong>Alourdissements des sanctions contre la maltraitance animale, pour \u00eatre v\u00e9ritablement dissuasives\u00a0: cela vaut pour les actes de cruaut\u00e9, bien s\u00fbr, mais \u00e9galement pour les abandons \u2013 notre pays est d\u00e9tenteur du record en Europe, avec pr\u00e8s de 100 00 par an\u00a0!\u00a0<\/strong><\/li><li><strong>Fin des animaux sauvages dans les cirques itin\u00e9rants d\u2019ici 7 ans<\/strong><\/li><li><strong>Fin des c\u00e9tac\u00e9s dans les delphinariums d\u2019ici 5 ans<\/strong><\/li><li><strong>Interdiction imm\u00e9diate des \u00e9levages de visons et autres esp\u00e8ces destin\u00e9s \u00e0 la production de fourrure.\u00a0<\/strong><\/li><\/ul>\n\n\n\n<blockquote class=\"wp-block-quote is-layout-flow wp-block-quote-is-layout-flow\"><p><strong>La Fondation s\u2019appuie chaque ann\u00e9e sur l&rsquo;aide d\u2019environ 250 enqu\u00eateurs b\u00e9n\u00e9voles d\u00e9vou\u00e9s, engag\u00e9s et d\u00e9di\u00e9s aux enqu\u00eates difficiles\u00a0; elle salue cette initiative qui soulagera ses actions de terrain quotidiennes dans sa lutte contre la maltraitance.<\/strong><\/p><\/blockquote>\n","protected":false},"excerpt":{"rendered":"<p>C\u2019est fait : selon les chiffres du minist\u00e8re de l&rsquo;Int\u00e9rieur publi\u00e9s ce vendredi 28 octobre 2022, les maltraitances sur les animaux domestiques ont augment\u00e9 de 30% entre 2016 et 2021.\u00a0 Le ministre de l\u2019Int\u00e9rieur G\u00e9rald Darmanin annonce la cr\u00e9ation d&rsquo;une division d&rsquo;enqu\u00eateurs sp\u00e9cialis\u00e9s. Entre 2016 et 2021, les maltraitances animales ont augment\u00e9 de 30% en [&hellip;]<\/p>\n","protected":false},"author":3,"featured_media":16335,"comment_status":"closed","ping_status":"closed","sticky":false,"template":"","format":"standard","meta":{"footnotes":""},"categories":[21],"tags":[],"class_list":["post-16332","post","type-post","status-publish","format-standard","has-post-thumbnail","hentry","category-fondation-assistance-aux-animaux"],"yoast_head":"<!-- This site is optimized with the Yoast SEO plugin v24.5 - https:\/\/yoast.com\/wordpress\/plugins\/seo\/ -->\n<title>Les maltraitances animales en hausse de 30%\u00a0: cr\u00e9ation d&#039;une division d\u2019enqu\u00eateurs sp\u00e9cialis\u00e9s - Fondation Assistance aux Animaux - Actualit\u00e9s<\/title>\n<meta name=\"robots\" content=\"index, follow, max-snippet:-1, max-image-preview:large, max-video-preview:-1\" \/>\n<link rel=\"canonical\" href=\"https:\/\/www.fondationassistanceauxanimaux.org\/actu\/maltraitances-animales-en-hausse-etat-division-enqueteurs-16332\/\" \/>\n<meta property=\"og:locale\" content=\"fr_FR\" \/>\n<meta property=\"og:type\" content=\"article\" \/>\n<meta property=\"og:title\" content=\"Les maltraitances animales en hausse de 30%\u00a0: cr\u00e9ation d&#039;une division d\u2019enqu\u00eateurs sp\u00e9cialis\u00e9s - Fondation Assistance aux Animaux - Actualit\u00e9s\" \/>\n<meta property=\"og:description\" content=\"C\u2019est fait : selon les chiffres du minist\u00e8re de l&rsquo;Int\u00e9rieur publi\u00e9s ce vendredi 28 octobre 2022, les maltraitances sur les animaux domestiques ont augment\u00e9 de 30% entre 2016 et 2021.\u00a0 Le ministre de l\u2019Int\u00e9rieur G\u00e9rald Darmanin annonce la cr\u00e9ation d&rsquo;une division d&rsquo;enqu\u00eateurs sp\u00e9cialis\u00e9s. Entre 2016 et 2021, les maltraitances animales ont augment\u00e9 de 30% en [&hellip;]\" \/>\n<meta property=\"og:url\" content=\"https:\/\/www.fondationassistanceauxanimaux.org\/actu\/maltraitances-animales-en-hausse-etat-division-enqueteurs-16332\/\" \/>\n<meta property=\"og:site_name\" content=\"Fondation Assistance aux Animaux - Actualit\u00e9s\" \/>\n<meta property=\"article:published_time\" content=\"2022-10-28T12:52:17+00:00\" \/>\n<meta property=\"og:image\" content=\"https:\/\/www.fondationassistanceauxanimaux.org\/actu\/wp-content\/uploads\/2022\/10\/CHIEN-CHAT-SALES-1030x687.jpg\" \/>\n\t<meta property=\"og:image:width\" content=\"1030\" \/>\n\t<meta property=\"og:image:height\" content=\"687\" \/>\n\t<meta property=\"og:image:type\" content=\"image\/jpeg\" \/>\n<meta name=\"author\" content=\"No\u00e9\" \/>\n<meta name=\"twitter:card\" content=\"summary_large_image\" \/>\n<meta name=\"twitter:label1\" content=\"\u00c9crit par\" \/>\n\t<meta name=\"twitter:data1\" content=\"No\u00e9\" \/>\n\t<meta name=\"twitter:label2\" content=\"Dur\u00e9e de lecture estim\u00e9e\" \/>\n\t<meta name=\"twitter:data2\" content=\"2 minutes\" \/>\n<script type=\"application\/ld+json\" class=\"yoast-schema-graph\">{\"@context\":\"https:\/\/schema.org\",\"@graph\":[{\"@type\":\"WebPage\",\"@id\":\"https:\/\/www.fondationassistanceauxanimaux.org\/actu\/maltraitances-animales-en-hausse-etat-division-enqueteurs-16332\/\",\"url\":\"https:\/\/www.fondationassistanceauxanimaux.org\/actu\/maltraitances-animales-en-hausse-etat-division-enqueteurs-16332\/\",\"name\":\"Les maltraitances animales en hausse de 30%\u00a0: cr\u00e9ation d'une division d\u2019enqu\u00eateurs sp\u00e9cialis\u00e9s - Fondation Assistance aux Animaux - Actualit\u00e9s\",\"isPartOf\":{\"@id\":\"https:\/\/www.fondationassistanceauxanimaux.org\/actu\/#website\"},\"primaryImageOfPage\":{\"@id\":\"https:\/\/www.fondationassistanceauxanimaux.org\/actu\/maltraitances-animales-en-hausse-etat-division-enqueteurs-16332\/#primaryimage\"},\"image\":{\"@id\":\"https:\/\/www.fondationassistanceauxanimaux.org\/actu\/maltraitances-animales-en-hausse-etat-division-enqueteurs-16332\/#primaryimage\"},\"thumbnailUrl\":\"https:\/\/www.fondationassistanceauxanimaux.org\/actu\/wp-content\/uploads\/2022\/10\/CHIEN-CHAT-SALES-scaled.jpg\",\"datePublished\":\"2022-10-28T12:52:17+00:00\",\"author\":{\"@id\":\"https:\/\/www.fondationassistanceauxanimaux.org\/actu\/#\/schema\/person\/71a8476d98daaea0d71a965c5603e10b\"},\"breadcrumb\":{\"@id\":\"https:\/\/www.fondationassistanceauxanimaux.org\/actu\/maltraitances-animales-en-hausse-etat-division-enqueteurs-16332\/#breadcrumb\"},\"inLanguage\":\"fr-FR\",\"potentialAction\":[{\"@type\":\"ReadAction\",\"target\":[\"https:\/\/www.fondationassistanceauxanimaux.org\/actu\/maltraitances-animales-en-hausse-etat-division-enqueteurs-16332\/\"]}]},{\"@type\":\"ImageObject\",\"inLanguage\":\"fr-FR\",\"@id\":\"https:\/\/www.fondationassistanceauxanimaux.org\/actu\/maltraitances-animales-en-hausse-etat-division-enqueteurs-16332\/#primaryimage\",\"url\":\"https:\/\/www.fondationassistanceauxanimaux.org\/actu\/wp-content\/uploads\/2022\/10\/CHIEN-CHAT-SALES-scaled.jpg\",\"contentUrl\":\"https:\/\/www.fondationassistanceauxanimaux.org\/actu\/wp-content\/uploads\/2022\/10\/CHIEN-CHAT-SALES-scaled.jpg\",\"width\":2560,\"height\":1707},{\"@type\":\"BreadcrumbList\",\"@id\":\"https:\/\/www.fondationassistanceauxanimaux.org\/actu\/maltraitances-animales-en-hausse-etat-division-enqueteurs-16332\/#breadcrumb\",\"itemListElement\":[{\"@type\":\"ListItem\",\"position\":1,\"name\":\"Accueil\",\"item\":\"https:\/\/www.fondationassistanceauxanimaux.org\/actu\/\"},{\"@type\":\"ListItem\",\"position\":2,\"name\":\"Les maltraitances animales en hausse de 30%\u00a0: cr\u00e9ation d&rsquo;une division d\u2019enqu\u00eateurs sp\u00e9cialis\u00e9s\"}]},{\"@type\":\"WebSite\",\"@id\":\"https:\/\/www.fondationassistanceauxanimaux.org\/actu\/#website\",\"url\":\"https:\/\/www.fondationassistanceauxanimaux.org\/actu\/\",\"name\":\"Fondation Assistance aux Animaux - Actualit\u00e9s\",\"description\":\"Depuis 1930 la Fondation Assistance aux Animaux pour la d\u00e9fense et la protection des animaux maltrait\u00e9s et abandonn\u00e9s\",\"potentialAction\":[{\"@type\":\"SearchAction\",\"target\":{\"@type\":\"EntryPoint\",\"urlTemplate\":\"https:\/\/www.fondationassistanceauxanimaux.org\/actu\/?s={search_term_string}\"},\"query-input\":{\"@type\":\"PropertyValueSpecification\",\"valueRequired\":true,\"valueName\":\"search_term_string\"}}],\"inLanguage\":\"fr-FR\"},{\"@type\":\"Person\",\"@id\":\"https:\/\/www.fondationassistanceauxanimaux.org\/actu\/#\/schema\/person\/71a8476d98daaea0d71a965c5603e10b\",\"name\":\"No\u00e9\",\"image\":{\"@type\":\"ImageObject\",\"inLanguage\":\"fr-FR\",\"@id\":\"https:\/\/www.fondationassistanceauxanimaux.org\/actu\/#\/schema\/person\/image\/\",\"url\":\"https:\/\/secure.gravatar.com\/avatar\/d34cf6c6bd22b3db9c932bc580c4d1ba93c0cda7588a41b59078888ab1e5f007?s=96&d=mm&r=g\",\"contentUrl\":\"https:\/\/secure.gravatar.com\/avatar\/d34cf6c6bd22b3db9c932bc580c4d1ba93c0cda7588a41b59078888ab1e5f007?s=96&d=mm&r=g\",\"caption\":\"No\u00e9\"},\"url\":\"https:\/\/www.fondationassistanceauxanimaux.org\/actu\/author\/anne\/\"}]}<\/script>\n<!-- \/ Yoast SEO plugin. -->","yoast_head_json":{"title":"Les maltraitances animales en hausse de 30%\u00a0: cr\u00e9ation d'une division d\u2019enqu\u00eateurs sp\u00e9cialis\u00e9s - Fondation Assistance aux Animaux - Actualit\u00e9s","robots":{"index":"index","follow":"follow","max-snippet":"max-snippet:-1","max-image-preview":"max-image-preview:large","max-video-preview":"max-video-preview:-1"},"canonical":"https:\/\/www.fondationassistanceauxanimaux.org\/actu\/maltraitances-animales-en-hausse-etat-division-enqueteurs-16332\/","og_locale":"fr_FR","og_type":"article","og_title":"Les maltraitances animales en hausse de 30%\u00a0: cr\u00e9ation d'une division d\u2019enqu\u00eateurs sp\u00e9cialis\u00e9s - Fondation Assistance aux Animaux - Actualit\u00e9s","og_description":"C\u2019est fait : selon les chiffres du minist\u00e8re de l&rsquo;Int\u00e9rieur publi\u00e9s ce vendredi 28 octobre 2022, les maltraitances sur les animaux domestiques ont augment\u00e9 de 30% entre 2016 et 2021.\u00a0 Le ministre de l\u2019Int\u00e9rieur G\u00e9rald Darmanin annonce la cr\u00e9ation d&rsquo;une division d&rsquo;enqu\u00eateurs sp\u00e9cialis\u00e9s. Entre 2016 et 2021, les maltraitances animales ont augment\u00e9 de 30% en [&hellip;]","og_url":"https:\/\/www.fondationassistanceauxanimaux.org\/actu\/maltraitances-animales-en-hausse-etat-division-enqueteurs-16332\/","og_site_name":"Fondation Assistance aux Animaux - Actualit\u00e9s","article_published_time":"2022-10-28T12:52:17+00:00","og_image":[{"width":1030,"height":687,"url":"https:\/\/www.fondationassistanceauxanimaux.org\/actu\/wp-content\/uploads\/2022\/10\/CHIEN-CHAT-SALES-1030x687.jpg","type":"image\/jpeg"}],"author":"No\u00e9","twitter_card":"summary_large_image","twitter_misc":{"\u00c9crit par":"No\u00e9","Dur\u00e9e de lecture estim\u00e9e":"2 minutes"},"schema":{"@context":"https:\/\/schema.org","@graph":[{"@type":"WebPage","@id":"https:\/\/www.fondationassistanceauxanimaux.org\/actu\/maltraitances-animales-en-hausse-etat-division-enqueteurs-16332\/","url":"https:\/\/www.fondationassistanceauxanimaux.org\/actu\/maltraitances-animales-en-hausse-etat-division-enqueteurs-16332\/","name":"Les maltraitances animales en hausse de 30%\u00a0: cr\u00e9ation d'une division d\u2019enqu\u00eateurs sp\u00e9cialis\u00e9s - Fondation Assistance aux Animaux - Actualit\u00e9s","isPartOf":{"@id":"https:\/\/www.fondationassistanceauxanimaux.org\/actu\/#website"},"primaryImageOfPage":{"@id":"https:\/\/www.fondationassistanceauxanimaux.org\/actu\/maltraitances-animales-en-hausse-etat-division-enqueteurs-16332\/#primaryimage"},"image":{"@id":"https:\/\/www.fondationassistanceauxanimaux.org\/actu\/maltraitances-animales-en-hausse-etat-division-enqueteurs-16332\/#primaryimage"},"thumbnailUrl":"https:\/\/www.fondationassistanceauxanimaux.org\/actu\/wp-content\/uploads\/2022\/10\/CHIEN-CHAT-SALES-scaled.jpg","datePublished":"2022-10-28T12:52:17+00:00","author":{"@id":"https:\/\/www.fondationassistanceauxanimaux.org\/actu\/#\/schema\/person\/71a8476d98daaea0d71a965c5603e10b"},"breadcrumb":{"@id":"https:\/\/www.fondationassistanceauxanimaux.org\/actu\/maltraitances-animales-en-hausse-etat-division-enqueteurs-16332\/#breadcrumb"},"inLanguage":"fr-FR","potentialAction":[{"@type":"ReadAction","target":["https:\/\/www.fondationassistanceauxanimaux.org\/actu\/maltraitances-animales-en-hausse-etat-division-enqueteurs-16332\/"]}]},{"@type":"ImageObject","inLanguage":"fr-FR","@id":"https:\/\/www.fondationassistanceauxanimaux.org\/actu\/maltraitances-animales-en-hausse-etat-division-enqueteurs-16332\/#primaryimage","url":"https:\/\/www.fondationassistanceauxanimaux.org\/actu\/wp-content\/uploads\/2022\/10\/CHIEN-CHAT-SALES-scaled.jpg","contentUrl":"https:\/\/www.fondationassistanceauxanimaux.org\/actu\/wp-content\/uploads\/2022\/10\/CHIEN-CHAT-SALES-scaled.jpg","width":2560,"height":1707},{"@type":"BreadcrumbList","@id":"https:\/\/www.fondationassistanceauxanimaux.org\/actu\/maltraitances-animales-en-hausse-etat-division-enqueteurs-16332\/#breadcrumb","itemListElement":[{"@type":"ListItem","position":1,"name":"Accueil","item":"https:\/\/www.fondationassistanceauxanimaux.org\/actu\/"},{"@type":"ListItem","position":2,"name":"Les maltraitances animales en hausse de 30%\u00a0: cr\u00e9ation d&rsquo;une division d\u2019enqu\u00eateurs sp\u00e9cialis\u00e9s"}]},{"@type":"WebSite","@id":"https:\/\/www.fondationassistanceauxanimaux.org\/actu\/#website","url":"https:\/\/www.fondationassistanceauxanimaux.org\/actu\/","name":"Fondation Assistance aux Animaux - Actualit\u00e9s","description":"Depuis 1930 la Fondation Assistance aux Animaux pour la d\u00e9fense et la protection des animaux maltrait\u00e9s et abandonn\u00e9s","potentialAction":[{"@type":"SearchAction","target":{"@type":"EntryPoint","urlTemplate":"https:\/\/www.fondationassistanceauxanimaux.org\/actu\/?s={search_term_string}"},"query-input":{"@type":"PropertyValueSpecification","valueRequired":true,"valueName":"search_term_string"}}],"inLanguage":"fr-FR"},{"@type":"Person","@id":"https:\/\/www.fondationassistanceauxanimaux.org\/actu\/#\/schema\/person\/71a8476d98daaea0d71a965c5603e10b","name":"No\u00e9","image":{"@type":"ImageObject","inLanguage":"fr-FR","@id":"https:\/\/www.fondationassistanceauxanimaux.org\/actu\/#\/schema\/person\/image\/","url":"https:\/\/secure.gravatar.com\/avatar\/d34cf6c6bd22b3db9c932bc580c4d1ba93c0cda7588a41b59078888ab1e5f007?s=96&d=mm&r=g","contentUrl":"https:\/\/secure.gravatar.com\/avatar\/d34cf6c6bd22b3db9c932bc580c4d1ba93c0cda7588a41b59078888ab1e5f007?s=96&d=mm&r=g","caption":"No\u00e9"},"url":"https:\/\/www.fondationassistanceauxanimaux.org\/actu\/author\/anne\/"}]}},"_links":{"self":[{"href":"https:\/\/www.fondationassistanceauxanimaux.org\/actu\/wp-json\/wp\/v2\/posts\/16332","targetHints":{"allow":["GET"]}}],"collection":[{"href":"https:\/\/www.fondationassistanceauxanimaux.org\/actu\/wp-json\/wp\/v2\/posts"}],"about":[{"href":"https:\/\/www.fondationassistanceauxanimaux.org\/actu\/wp-json\/wp\/v2\/types\/post"}],"author":[{"embeddable":true,"href":"https:\/\/www.fondationassistanceauxanimaux.org\/actu\/wp-json\/wp\/v2\/users\/3"}],"replies":[{"embeddable":true,"href":"https:\/\/www.fondationassistanceauxanimaux.org\/actu\/wp-json\/wp\/v2\/comments?post=16332"}],"version-history":[{"count":2,"href":"https:\/\/www.fondationassistanceauxanimaux.org\/actu\/wp-json\/wp\/v2\/posts\/16332\/revisions"}],"predecessor-version":[{"id":16336,"href":"https:\/\/www.fondationassistanceauxanimaux.org\/actu\/wp-json\/wp\/v2\/posts\/16332\/revisions\/16336"}],"wp:featuredmedia":[{"embeddable":true,"href":"https:\/\/www.fondationassistanceauxanimaux.org\/actu\/wp-json\/wp\/v2\/media\/16335"}],"wp:attachment":[{"href":"https:\/\/www.fondationassistanceauxanimaux.org\/actu\/wp-json\/wp\/v2\/media?parent=16332"}],"wp:term":[{"taxonomy":"category","embeddable":true,"href":"https:\/\/www.fondationassistanceauxanimaux.org\/actu\/wp-json\/wp\/v2\/categories?post=16332"},{"taxonomy":"post_tag","embeddable":true,"href":"https:\/\/www.fondationassistanceauxanimaux.org\/actu\/wp-json\/wp\/v2\/tags?post=16332"}],"curies":[{"name":"wp","href":"https:\/\/api.w.org\/{rel}","templated":true}]}}