{"id":16315,"date":"2022-10-21T00:48:07","date_gmt":"2022-10-20T22:48:07","guid":{"rendered":"https:\/\/www.fondationassistanceauxanimaux.org\/actu\/?p=16315"},"modified":"2022-10-21T00:48:07","modified_gmt":"2022-10-20T22:48:07","slug":"adoptez-refuge-chien-carros","status":"publish","type":"post","link":"https:\/\/www.fondationassistanceauxanimaux.org\/actu\/adoptez-refuge-chien-carros-16315\/","title":{"rendered":"Ils ne demandent qu&rsquo;\u00e0 \u00eatre adopt\u00e9s !"},"content":{"rendered":"\n<p><strong>Nous vous pr\u00e9sentons quelques petits prot\u00e9g\u00e9s chiens de notre refuge des Alpes-Maritimes.<\/strong><\/p>\n\n\n\n<p><strong>Aujourd\u2019hui, La Fondation Assistance aux Animaux, c\u2019est plus de 2000 animaux et autant de gamelles quotidiennes. Chaque animal y est soign\u00e9, identifi\u00e9, st\u00e9rilis\u00e9, et vaccin\u00e9.<\/strong><\/p>\n\n\n\n<blockquote class=\"wp-block-quote is-layout-flow wp-block-quote-is-layout-flow\"><p><strong>La Fondation Assistance aux Animaux ne pratique pas l\u2019euthanasie de convenance. En venant adopter dans une de nos structures, vous faites donc deux bonnes actions : Le bonheur d\u2019un animal qui va pouvoir lib\u00e9rer une place pour un autre dans le besoin.<\/strong><\/p><\/blockquote>\n\n\n\n<blockquote class=\"wp-block-quote is-layout-flow wp-block-quote-is-layout-flow\"><p><strong>Pour plus de renseignements, n&rsquo;h\u00e9sitez pas \u00e0 contacter notre refuge Fondation Assistance aux Animaux de Carros (t\u00e9l\u00e9phone : 0493081179). Le refuge est ouvert tous les jours de 14h \u00e0 17h : vous pouvez aussi venir directement aux heures d&rsquo;ouverture pour rencontrer nos petits prot\u00e9g\u00e9s. <\/strong><\/p><\/blockquote>\n\n\n\n<figure class=\"wp-block-gallery columns-3 is-cropped wp-block-gallery-1 is-layout-flex wp-block-gallery-is-layout-flex\"><ul class=\"blocks-gallery-grid\"><li class=\"blocks-gallery-item\"><figure><img loading=\"lazy\" decoding=\"async\" width=\"773\" height=\"1030\" src=\"https:\/\/www.fondationassistanceauxanimaux.org\/actu\/wp-content\/uploads\/2022\/10\/311516270_2255039424675694_326686246232774039_n-773x1030.jpeg\" alt=\"\" data-id=\"16316\" data-full-url=\"https:\/\/www.fondationassistanceauxanimaux.org\/actu\/wp-content\/uploads\/2022\/10\/311516270_2255039424675694_326686246232774039_n.jpeg\" data-link=\"https:\/\/www.fondationassistanceauxanimaux.org\/actu\/?attachment_id=16316\" class=\"wp-image-16316\" srcset=\"https:\/\/www.fondationassistanceauxanimaux.org\/actu\/wp-content\/uploads\/2022\/10\/311516270_2255039424675694_326686246232774039_n-773x1030.jpeg 773w, https:\/\/www.fondationassistanceauxanimaux.org\/actu\/wp-content\/uploads\/2022\/10\/311516270_2255039424675694_326686246232774039_n-225x300.jpeg 225w, https:\/\/www.fondationassistanceauxanimaux.org\/actu\/wp-content\/uploads\/2022\/10\/311516270_2255039424675694_326686246232774039_n-768x1024.jpeg 768w, https:\/\/www.fondationassistanceauxanimaux.org\/actu\/wp-content\/uploads\/2022\/10\/311516270_2255039424675694_326686246232774039_n-1152x1536.jpeg 1152w, https:\/\/www.fondationassistanceauxanimaux.org\/actu\/wp-content\/uploads\/2022\/10\/311516270_2255039424675694_326686246232774039_n-1125x1500.jpeg 1125w, https:\/\/www.fondationassistanceauxanimaux.org\/actu\/wp-content\/uploads\/2022\/10\/311516270_2255039424675694_326686246232774039_n-529x705.jpeg 529w, https:\/\/www.fondationassistanceauxanimaux.org\/actu\/wp-content\/uploads\/2022\/10\/311516270_2255039424675694_326686246232774039_n.jpeg 1536w\" sizes=\"auto, (max-width: 773px) 100vw, 773px\" \/><figcaption class=\"blocks-gallery-item__caption\">IMOTEP<br>N\u00e9 en 07\/2013<\/figcaption><\/figure><\/li><li class=\"blocks-gallery-item\"><figure><img loading=\"lazy\" decoding=\"async\" width=\"773\" height=\"1030\" src=\"https:\/\/www.fondationassistanceauxanimaux.org\/actu\/wp-content\/uploads\/2022\/10\/311689009_2252875251558778_1348078097696840785_n-773x1030.jpeg\" alt=\"\" data-id=\"16317\" data-full-url=\"https:\/\/www.fondationassistanceauxanimaux.org\/actu\/wp-content\/uploads\/2022\/10\/311689009_2252875251558778_1348078097696840785_n.jpeg\" data-link=\"https:\/\/www.fondationassistanceauxanimaux.org\/actu\/?attachment_id=16317\" class=\"wp-image-16317\" srcset=\"https:\/\/www.fondationassistanceauxanimaux.org\/actu\/wp-content\/uploads\/2022\/10\/311689009_2252875251558778_1348078097696840785_n-773x1030.jpeg 773w, https:\/\/www.fondationassistanceauxanimaux.org\/actu\/wp-content\/uploads\/2022\/10\/311689009_2252875251558778_1348078097696840785_n-225x300.jpeg 225w, https:\/\/www.fondationassistanceauxanimaux.org\/actu\/wp-content\/uploads\/2022\/10\/311689009_2252875251558778_1348078097696840785_n-768x1024.jpeg 768w, https:\/\/www.fondationassistanceauxanimaux.org\/actu\/wp-content\/uploads\/2022\/10\/311689009_2252875251558778_1348078097696840785_n-1152x1536.jpeg 1152w, https:\/\/www.fondationassistanceauxanimaux.org\/actu\/wp-content\/uploads\/2022\/10\/311689009_2252875251558778_1348078097696840785_n-1125x1500.jpeg 1125w, https:\/\/www.fondationassistanceauxanimaux.org\/actu\/wp-content\/uploads\/2022\/10\/311689009_2252875251558778_1348078097696840785_n-529x705.jpeg 529w, https:\/\/www.fondationassistanceauxanimaux.org\/actu\/wp-content\/uploads\/2022\/10\/311689009_2252875251558778_1348078097696840785_n.jpeg 1536w\" sizes=\"auto, (max-width: 773px) 100vw, 773px\" \/><figcaption class=\"blocks-gallery-item__caption\">BENNY<br>N\u00e9 le 20\/09\/2015<\/figcaption><\/figure><\/li><li class=\"blocks-gallery-item\"><figure><img loading=\"lazy\" decoding=\"async\" width=\"748\" height=\"1030\" src=\"https:\/\/www.fondationassistanceauxanimaux.org\/actu\/wp-content\/uploads\/2022\/10\/311694234_2252875628225407_6831418968623761749_n-748x1030.jpeg\" alt=\"\" data-id=\"16318\" data-full-url=\"https:\/\/www.fondationassistanceauxanimaux.org\/actu\/wp-content\/uploads\/2022\/10\/311694234_2252875628225407_6831418968623761749_n.jpeg\" data-link=\"https:\/\/www.fondationassistanceauxanimaux.org\/actu\/?attachment_id=16318\" class=\"wp-image-16318\" srcset=\"https:\/\/www.fondationassistanceauxanimaux.org\/actu\/wp-content\/uploads\/2022\/10\/311694234_2252875628225407_6831418968623761749_n-748x1030.jpeg 748w, https:\/\/www.fondationassistanceauxanimaux.org\/actu\/wp-content\/uploads\/2022\/10\/311694234_2252875628225407_6831418968623761749_n-218x300.jpeg 218w, https:\/\/www.fondationassistanceauxanimaux.org\/actu\/wp-content\/uploads\/2022\/10\/311694234_2252875628225407_6831418968623761749_n-768x1057.jpeg 768w, https:\/\/www.fondationassistanceauxanimaux.org\/actu\/wp-content\/uploads\/2022\/10\/311694234_2252875628225407_6831418968623761749_n-1116x1536.jpeg 1116w, https:\/\/www.fondationassistanceauxanimaux.org\/actu\/wp-content\/uploads\/2022\/10\/311694234_2252875628225407_6831418968623761749_n-1090x1500.jpeg 1090w, https:\/\/www.fondationassistanceauxanimaux.org\/actu\/wp-content\/uploads\/2022\/10\/311694234_2252875628225407_6831418968623761749_n-512x705.jpeg 512w, https:\/\/www.fondationassistanceauxanimaux.org\/actu\/wp-content\/uploads\/2022\/10\/311694234_2252875628225407_6831418968623761749_n.jpeg 1488w\" sizes=\"auto, (max-width: 748px) 100vw, 748px\" \/><figcaption class=\"blocks-gallery-item__caption\">REGAN<br>N\u00e9 le 12\/06\/2019<\/figcaption><\/figure><\/li><li class=\"blocks-gallery-item\"><figure><img loading=\"lazy\" decoding=\"async\" width=\"995\" height=\"1030\" src=\"https:\/\/www.fondationassistanceauxanimaux.org\/actu\/wp-content\/uploads\/2022\/10\/311698488_2252875791558724_4986366872612074571_n-995x1030.jpeg\" alt=\"\" data-id=\"16319\" data-full-url=\"https:\/\/www.fondationassistanceauxanimaux.org\/actu\/wp-content\/uploads\/2022\/10\/311698488_2252875791558724_4986366872612074571_n.jpeg\" data-link=\"https:\/\/www.fondationassistanceauxanimaux.org\/actu\/?attachment_id=16319\" class=\"wp-image-16319\" srcset=\"https:\/\/www.fondationassistanceauxanimaux.org\/actu\/wp-content\/uploads\/2022\/10\/311698488_2252875791558724_4986366872612074571_n-995x1030.jpeg 995w, https:\/\/www.fondationassistanceauxanimaux.org\/actu\/wp-content\/uploads\/2022\/10\/311698488_2252875791558724_4986366872612074571_n-290x300.jpeg 290w, https:\/\/www.fondationassistanceauxanimaux.org\/actu\/wp-content\/uploads\/2022\/10\/311698488_2252875791558724_4986366872612074571_n-768x795.jpeg 768w, https:\/\/www.fondationassistanceauxanimaux.org\/actu\/wp-content\/uploads\/2022\/10\/311698488_2252875791558724_4986366872612074571_n-1484x1536.jpeg 1484w, https:\/\/www.fondationassistanceauxanimaux.org\/actu\/wp-content\/uploads\/2022\/10\/311698488_2252875791558724_4986366872612074571_n-36x36.jpeg 36w, https:\/\/www.fondationassistanceauxanimaux.org\/actu\/wp-content\/uploads\/2022\/10\/311698488_2252875791558724_4986366872612074571_n-1449x1500.jpeg 1449w, https:\/\/www.fondationassistanceauxanimaux.org\/actu\/wp-content\/uploads\/2022\/10\/311698488_2252875791558724_4986366872612074571_n-681x705.jpeg 681w, https:\/\/www.fondationassistanceauxanimaux.org\/actu\/wp-content\/uploads\/2022\/10\/311698488_2252875791558724_4986366872612074571_n.jpeg 1709w\" sizes=\"auto, (max-width: 995px) 100vw, 995px\" \/><figcaption class=\"blocks-gallery-item__caption\">JO<br>N\u00e9 en 2013<\/figcaption><\/figure><\/li><li class=\"blocks-gallery-item\"><figure><img loading=\"lazy\" decoding=\"async\" width=\"933\" height=\"1030\" src=\"https:\/\/www.fondationassistanceauxanimaux.org\/actu\/wp-content\/uploads\/2022\/10\/311703587_2252875894892047_4951713264039313792_n-933x1030.jpeg\" alt=\"\" data-id=\"16321\" data-full-url=\"https:\/\/www.fondationassistanceauxanimaux.org\/actu\/wp-content\/uploads\/2022\/10\/311703587_2252875894892047_4951713264039313792_n.jpeg\" data-link=\"https:\/\/www.fondationassistanceauxanimaux.org\/actu\/?attachment_id=16321\" class=\"wp-image-16321\" srcset=\"https:\/\/www.fondationassistanceauxanimaux.org\/actu\/wp-content\/uploads\/2022\/10\/311703587_2252875894892047_4951713264039313792_n-933x1030.jpeg 933w, https:\/\/www.fondationassistanceauxanimaux.org\/actu\/wp-content\/uploads\/2022\/10\/311703587_2252875894892047_4951713264039313792_n-272x300.jpeg 272w, https:\/\/www.fondationassistanceauxanimaux.org\/actu\/wp-content\/uploads\/2022\/10\/311703587_2252875894892047_4951713264039313792_n-768x847.jpeg 768w, https:\/\/www.fondationassistanceauxanimaux.org\/actu\/wp-content\/uploads\/2022\/10\/311703587_2252875894892047_4951713264039313792_n-1392x1536.jpeg 1392w, https:\/\/www.fondationassistanceauxanimaux.org\/actu\/wp-content\/uploads\/2022\/10\/311703587_2252875894892047_4951713264039313792_n-1359x1500.jpeg 1359w, https:\/\/www.fondationassistanceauxanimaux.org\/actu\/wp-content\/uploads\/2022\/10\/311703587_2252875894892047_4951713264039313792_n-639x705.jpeg 639w, https:\/\/www.fondationassistanceauxanimaux.org\/actu\/wp-content\/uploads\/2022\/10\/311703587_2252875894892047_4951713264039313792_n.jpeg 1856w\" sizes=\"auto, (max-width: 933px) 100vw, 933px\" \/><figcaption class=\"blocks-gallery-item__caption\">DARKO<br>N\u00e9 le 01\/01\/2018<\/figcaption><\/figure><\/li><li class=\"blocks-gallery-item\"><figure><img loading=\"lazy\" decoding=\"async\" width=\"773\" height=\"1030\" src=\"https:\/\/www.fondationassistanceauxanimaux.org\/actu\/wp-content\/uploads\/2022\/10\/311774418_2252875761558727_3897277518996259474_n-773x1030.jpeg\" alt=\"\" data-id=\"16324\" data-full-url=\"https:\/\/www.fondationassistanceauxanimaux.org\/actu\/wp-content\/uploads\/2022\/10\/311774418_2252875761558727_3897277518996259474_n.jpeg\" data-link=\"https:\/\/www.fondationassistanceauxanimaux.org\/actu\/?attachment_id=16324\" class=\"wp-image-16324\" srcset=\"https:\/\/www.fondationassistanceauxanimaux.org\/actu\/wp-content\/uploads\/2022\/10\/311774418_2252875761558727_3897277518996259474_n-773x1030.jpeg 773w, https:\/\/www.fondationassistanceauxanimaux.org\/actu\/wp-content\/uploads\/2022\/10\/311774418_2252875761558727_3897277518996259474_n-225x300.jpeg 225w, https:\/\/www.fondationassistanceauxanimaux.org\/actu\/wp-content\/uploads\/2022\/10\/311774418_2252875761558727_3897277518996259474_n-768x1024.jpeg 768w, https:\/\/www.fondationassistanceauxanimaux.org\/actu\/wp-content\/uploads\/2022\/10\/311774418_2252875761558727_3897277518996259474_n-1152x1536.jpeg 1152w, https:\/\/www.fondationassistanceauxanimaux.org\/actu\/wp-content\/uploads\/2022\/10\/311774418_2252875761558727_3897277518996259474_n-1125x1500.jpeg 1125w, https:\/\/www.fondationassistanceauxanimaux.org\/actu\/wp-content\/uploads\/2022\/10\/311774418_2252875761558727_3897277518996259474_n-529x705.jpeg 529w, https:\/\/www.fondationassistanceauxanimaux.org\/actu\/wp-content\/uploads\/2022\/10\/311774418_2252875761558727_3897277518996259474_n.jpeg 1536w\" sizes=\"auto, (max-width: 773px) 100vw, 773px\" \/><figcaption class=\"blocks-gallery-item__caption\">ROCKY<br>N\u00e9 en 2015<\/figcaption><\/figure><\/li><li class=\"blocks-gallery-item\"><figure><img loading=\"lazy\" decoding=\"async\" width=\"734\" height=\"1030\" src=\"https:\/\/www.fondationassistanceauxanimaux.org\/actu\/wp-content\/uploads\/2022\/10\/311715318_2252875684892068_4592401226597388390_n-734x1030.jpeg\" alt=\"\" data-id=\"16322\" data-full-url=\"https:\/\/www.fondationassistanceauxanimaux.org\/actu\/wp-content\/uploads\/2022\/10\/311715318_2252875684892068_4592401226597388390_n.jpeg\" data-link=\"https:\/\/www.fondationassistanceauxanimaux.org\/actu\/?attachment_id=16322\" class=\"wp-image-16322\" srcset=\"https:\/\/www.fondationassistanceauxanimaux.org\/actu\/wp-content\/uploads\/2022\/10\/311715318_2252875684892068_4592401226597388390_n-734x1030.jpeg 734w, https:\/\/www.fondationassistanceauxanimaux.org\/actu\/wp-content\/uploads\/2022\/10\/311715318_2252875684892068_4592401226597388390_n-214x300.jpeg 214w, https:\/\/www.fondationassistanceauxanimaux.org\/actu\/wp-content\/uploads\/2022\/10\/311715318_2252875684892068_4592401226597388390_n-768x1077.jpeg 768w, https:\/\/www.fondationassistanceauxanimaux.org\/actu\/wp-content\/uploads\/2022\/10\/311715318_2252875684892068_4592401226597388390_n-1095x1536.jpeg 1095w, https:\/\/www.fondationassistanceauxanimaux.org\/actu\/wp-content\/uploads\/2022\/10\/311715318_2252875684892068_4592401226597388390_n-1069x1500.jpeg 1069w, https:\/\/www.fondationassistanceauxanimaux.org\/actu\/wp-content\/uploads\/2022\/10\/311715318_2252875684892068_4592401226597388390_n-503x705.jpeg 503w, https:\/\/www.fondationassistanceauxanimaux.org\/actu\/wp-content\/uploads\/2022\/10\/311715318_2252875684892068_4592401226597388390_n.jpeg 1460w\" sizes=\"auto, (max-width: 734px) 100vw, 734px\" \/><figcaption class=\"blocks-gallery-item__caption\">NOBEL<br>N\u00e9 le 01\/04\/2017<\/figcaption><\/figure><\/li><li class=\"blocks-gallery-item\"><figure><img loading=\"lazy\" decoding=\"async\" width=\"901\" height=\"1030\" src=\"https:\/\/www.fondationassistanceauxanimaux.org\/actu\/wp-content\/uploads\/2022\/10\/311698847_2252875361558767_8898496898655730779_n-901x1030.jpeg\" alt=\"\" data-id=\"16320\" data-full-url=\"https:\/\/www.fondationassistanceauxanimaux.org\/actu\/wp-content\/uploads\/2022\/10\/311698847_2252875361558767_8898496898655730779_n.jpeg\" data-link=\"https:\/\/www.fondationassistanceauxanimaux.org\/actu\/?attachment_id=16320\" class=\"wp-image-16320\" srcset=\"https:\/\/www.fondationassistanceauxanimaux.org\/actu\/wp-content\/uploads\/2022\/10\/311698847_2252875361558767_8898496898655730779_n-901x1030.jpeg 901w, https:\/\/www.fondationassistanceauxanimaux.org\/actu\/wp-content\/uploads\/2022\/10\/311698847_2252875361558767_8898496898655730779_n-263x300.jpeg 263w, https:\/\/www.fondationassistanceauxanimaux.org\/actu\/wp-content\/uploads\/2022\/10\/311698847_2252875361558767_8898496898655730779_n-768x878.jpeg 768w, https:\/\/www.fondationassistanceauxanimaux.org\/actu\/wp-content\/uploads\/2022\/10\/311698847_2252875361558767_8898496898655730779_n-1344x1536.jpeg 1344w, https:\/\/www.fondationassistanceauxanimaux.org\/actu\/wp-content\/uploads\/2022\/10\/311698847_2252875361558767_8898496898655730779_n-1313x1500.jpeg 1313w, https:\/\/www.fondationassistanceauxanimaux.org\/actu\/wp-content\/uploads\/2022\/10\/311698847_2252875361558767_8898496898655730779_n-617x705.jpeg 617w, https:\/\/www.fondationassistanceauxanimaux.org\/actu\/wp-content\/uploads\/2022\/10\/311698847_2252875361558767_8898496898655730779_n.jpeg 1792w\" sizes=\"auto, (max-width: 901px) 100vw, 901px\" \/><figcaption class=\"blocks-gallery-item__caption\">IDYLLE<br>N\u00e9e le 16\/06\/2013<\/figcaption><\/figure><\/li><li class=\"blocks-gallery-item\"><figure><img loading=\"lazy\" decoding=\"async\" width=\"744\" height=\"1030\" src=\"https:\/\/www.fondationassistanceauxanimaux.org\/actu\/wp-content\/uploads\/2022\/10\/311740833_2252875651558738_3569140098575498275_n-744x1030.jpeg\" alt=\"\" data-id=\"16323\" data-full-url=\"https:\/\/www.fondationassistanceauxanimaux.org\/actu\/wp-content\/uploads\/2022\/10\/311740833_2252875651558738_3569140098575498275_n.jpeg\" data-link=\"https:\/\/www.fondationassistanceauxanimaux.org\/actu\/?attachment_id=16323\" class=\"wp-image-16323\" srcset=\"https:\/\/www.fondationassistanceauxanimaux.org\/actu\/wp-content\/uploads\/2022\/10\/311740833_2252875651558738_3569140098575498275_n-744x1030.jpeg 744w, https:\/\/www.fondationassistanceauxanimaux.org\/actu\/wp-content\/uploads\/2022\/10\/311740833_2252875651558738_3569140098575498275_n-217x300.jpeg 217w, https:\/\/www.fondationassistanceauxanimaux.org\/actu\/wp-content\/uploads\/2022\/10\/311740833_2252875651558738_3569140098575498275_n-768x1063.jpeg 768w, https:\/\/www.fondationassistanceauxanimaux.org\/actu\/wp-content\/uploads\/2022\/10\/311740833_2252875651558738_3569140098575498275_n-1110x1536.jpeg 1110w, https:\/\/www.fondationassistanceauxanimaux.org\/actu\/wp-content\/uploads\/2022\/10\/311740833_2252875651558738_3569140098575498275_n-1084x1500.jpeg 1084w, https:\/\/www.fondationassistanceauxanimaux.org\/actu\/wp-content\/uploads\/2022\/10\/311740833_2252875651558738_3569140098575498275_n-509x705.jpeg 509w, https:\/\/www.fondationassistanceauxanimaux.org\/actu\/wp-content\/uploads\/2022\/10\/311740833_2252875651558738_3569140098575498275_n.jpeg 1480w\" sizes=\"auto, (max-width: 744px) 100vw, 744px\" \/><figcaption class=\"blocks-gallery-item__caption\">LEIKO<br>N\u00e9 le 23\/01\/2015<\/figcaption><\/figure><\/li><li class=\"blocks-gallery-item\"><figure><img loading=\"lazy\" decoding=\"async\" width=\"773\" height=\"1030\" src=\"https:\/\/www.fondationassistanceauxanimaux.org\/actu\/wp-content\/uploads\/2022\/10\/311819179_2252875721558731_7225545361745243657_n-773x1030.jpeg\" alt=\"\" data-id=\"16325\" data-full-url=\"https:\/\/www.fondationassistanceauxanimaux.org\/actu\/wp-content\/uploads\/2022\/10\/311819179_2252875721558731_7225545361745243657_n.jpeg\" data-link=\"https:\/\/www.fondationassistanceauxanimaux.org\/actu\/?attachment_id=16325\" class=\"wp-image-16325\" srcset=\"https:\/\/www.fondationassistanceauxanimaux.org\/actu\/wp-content\/uploads\/2022\/10\/311819179_2252875721558731_7225545361745243657_n-773x1030.jpeg 773w, https:\/\/www.fondationassistanceauxanimaux.org\/actu\/wp-content\/uploads\/2022\/10\/311819179_2252875721558731_7225545361745243657_n-225x300.jpeg 225w, https:\/\/www.fondationassistanceauxanimaux.org\/actu\/wp-content\/uploads\/2022\/10\/311819179_2252875721558731_7225545361745243657_n-768x1024.jpeg 768w, https:\/\/www.fondationassistanceauxanimaux.org\/actu\/wp-content\/uploads\/2022\/10\/311819179_2252875721558731_7225545361745243657_n-1152x1536.jpeg 1152w, https:\/\/www.fondationassistanceauxanimaux.org\/actu\/wp-content\/uploads\/2022\/10\/311819179_2252875721558731_7225545361745243657_n-1125x1500.jpeg 1125w, https:\/\/www.fondationassistanceauxanimaux.org\/actu\/wp-content\/uploads\/2022\/10\/311819179_2252875721558731_7225545361745243657_n-529x705.jpeg 529w, https:\/\/www.fondationassistanceauxanimaux.org\/actu\/wp-content\/uploads\/2022\/10\/311819179_2252875721558731_7225545361745243657_n.jpeg 1536w\" sizes=\"auto, (max-width: 773px) 100vw, 773px\" \/><figcaption class=\"blocks-gallery-item__caption\">AZZARO<br>N\u00e9 le 20\/09\/2015<\/figcaption><\/figure><\/li><\/ul><\/figure>\n\n\n\n<blockquote class=\"wp-block-quote is-layout-flow wp-block-quote-is-layout-flow\"><p><strong>Nous remercions vivement celles et ceux qui nous contactent dans une d\u00e9marche sinc\u00e8re et motiv\u00e9e par l\u2019amour des animaux. Nous comprenons vos motivations d\u2019adopter et si votre projet d\u2019adoption est m\u00fbrement r\u00e9fl\u00e9chi, et accept\u00e9 de tous les membres de votre foyer, sachez que vous aurez la possibilit\u00e9 de venir dans nos refuges. Vous pourrez venir en famille, et m\u00eame amener votre autre chien, si vous en poss\u00e9dez d\u00e9j\u00e0, afin de vous conforter dans l\u2019entente des diff\u00e9rents animaux.<\/strong><\/p><\/blockquote>\n\n\n\n<blockquote class=\"wp-block-quote is-layout-flow wp-block-quote-is-layout-flow\"><p><strong>Nous tenons \u00e0 le rappeler, tous nos pensionnaires se portent bien, ils re\u00e7oivent quotidiennement attentions et soins. Nos \u00e9quipes, qui travaillent dans l\u2019ombre, effectuent un travail remarquable dans un contexte \u00e0 risque.<\/strong><\/p><\/blockquote>\n","protected":false},"excerpt":{"rendered":"<p>Nous vous pr\u00e9sentons quelques petits prot\u00e9g\u00e9s chiens de notre refuge des Alpes-Maritimes. Aujourd\u2019hui, La Fondation Assistance aux Animaux, c\u2019est plus de 2000 animaux et autant de gamelles quotidiennes. Chaque animal y est soign\u00e9, identifi\u00e9, st\u00e9rilis\u00e9, et vaccin\u00e9. La Fondation Assistance aux Animaux ne pratique pas l\u2019euthanasie de convenance. En venant adopter dans une de nos [&hellip;]<\/p>\n","protected":false},"author":3,"featured_media":16319,"comment_status":"closed","ping_status":"closed","sticky":false,"template":"","format":"standard","meta":{"footnotes":""},"categories":[17],"tags":[],"class_list":["post-16315","post","type-post","status-publish","format-standard","has-post-thumbnail","hentry","category-refuge-de-carros"],"yoast_head":"<!-- This site is optimized with the Yoast SEO plugin v24.5 - https:\/\/yoast.com\/wordpress\/plugins\/seo\/ -->\n<title>Ils ne demandent qu&#039;\u00e0 \u00eatre adopt\u00e9s ! - Fondation Assistance aux Animaux - Actualit\u00e9s<\/title>\n<meta name=\"robots\" content=\"index, follow, max-snippet:-1, max-image-preview:large, max-video-preview:-1\" \/>\n<link rel=\"canonical\" href=\"https:\/\/www.fondationassistanceauxanimaux.org\/actu\/adoptez-refuge-chien-carros-16315\/\" \/>\n<meta property=\"og:locale\" content=\"fr_FR\" \/>\n<meta property=\"og:type\" content=\"article\" \/>\n<meta property=\"og:title\" content=\"Ils ne demandent qu&#039;\u00e0 \u00eatre adopt\u00e9s ! - Fondation Assistance aux Animaux - Actualit\u00e9s\" \/>\n<meta property=\"og:description\" content=\"Nous vous pr\u00e9sentons quelques petits prot\u00e9g\u00e9s chiens de notre refuge des Alpes-Maritimes. Aujourd\u2019hui, La Fondation Assistance aux Animaux, c\u2019est plus de 2000 animaux et autant de gamelles quotidiennes. Chaque animal y est soign\u00e9, identifi\u00e9, st\u00e9rilis\u00e9, et vaccin\u00e9. La Fondation Assistance aux Animaux ne pratique pas l\u2019euthanasie de convenance. En venant adopter dans une de nos [&hellip;]\" \/>\n<meta property=\"og:url\" content=\"https:\/\/www.fondationassistanceauxanimaux.org\/actu\/adoptez-refuge-chien-carros-16315\/\" \/>\n<meta property=\"og:site_name\" content=\"Fondation Assistance aux Animaux - Actualit\u00e9s\" \/>\n<meta property=\"article:published_time\" content=\"2022-10-20T22:48:07+00:00\" \/>\n<meta property=\"og:image\" content=\"https:\/\/www.fondationassistanceauxanimaux.org\/actu\/wp-content\/uploads\/2022\/10\/311698488_2252875791558724_4986366872612074571_n.jpeg\" \/>\n\t<meta property=\"og:image:width\" content=\"1709\" \/>\n\t<meta property=\"og:image:height\" content=\"1769\" \/>\n\t<meta property=\"og:image:type\" content=\"image\/jpeg\" \/>\n<meta name=\"author\" content=\"No\u00e9\" \/>\n<meta name=\"twitter:card\" content=\"summary_large_image\" \/>\n<meta name=\"twitter:label1\" content=\"\u00c9crit par\" \/>\n\t<meta name=\"twitter:data1\" content=\"No\u00e9\" \/>\n\t<meta name=\"twitter:label2\" content=\"Dur\u00e9e de lecture estim\u00e9e\" \/>\n\t<meta name=\"twitter:data2\" content=\"1 minute\" \/>\n<script type=\"application\/ld+json\" class=\"yoast-schema-graph\">{\"@context\":\"https:\/\/schema.org\",\"@graph\":[{\"@type\":\"WebPage\",\"@id\":\"https:\/\/www.fondationassistanceauxanimaux.org\/actu\/adoptez-refuge-chien-carros-16315\/\",\"url\":\"https:\/\/www.fondationassistanceauxanimaux.org\/actu\/adoptez-refuge-chien-carros-16315\/\",\"name\":\"Ils ne demandent qu'\u00e0 \u00eatre adopt\u00e9s ! - Fondation Assistance aux Animaux - Actualit\u00e9s\",\"isPartOf\":{\"@id\":\"https:\/\/www.fondationassistanceauxanimaux.org\/actu\/#website\"},\"primaryImageOfPage\":{\"@id\":\"https:\/\/www.fondationassistanceauxanimaux.org\/actu\/adoptez-refuge-chien-carros-16315\/#primaryimage\"},\"image\":{\"@id\":\"https:\/\/www.fondationassistanceauxanimaux.org\/actu\/adoptez-refuge-chien-carros-16315\/#primaryimage\"},\"thumbnailUrl\":\"https:\/\/www.fondationassistanceauxanimaux.org\/actu\/wp-content\/uploads\/2022\/10\/311698488_2252875791558724_4986366872612074571_n.jpeg\",\"datePublished\":\"2022-10-20T22:48:07+00:00\",\"author\":{\"@id\":\"https:\/\/www.fondationassistanceauxanimaux.org\/actu\/#\/schema\/person\/71a8476d98daaea0d71a965c5603e10b\"},\"breadcrumb\":{\"@id\":\"https:\/\/www.fondationassistanceauxanimaux.org\/actu\/adoptez-refuge-chien-carros-16315\/#breadcrumb\"},\"inLanguage\":\"fr-FR\",\"potentialAction\":[{\"@type\":\"ReadAction\",\"target\":[\"https:\/\/www.fondationassistanceauxanimaux.org\/actu\/adoptez-refuge-chien-carros-16315\/\"]}]},{\"@type\":\"ImageObject\",\"inLanguage\":\"fr-FR\",\"@id\":\"https:\/\/www.fondationassistanceauxanimaux.org\/actu\/adoptez-refuge-chien-carros-16315\/#primaryimage\",\"url\":\"https:\/\/www.fondationassistanceauxanimaux.org\/actu\/wp-content\/uploads\/2022\/10\/311698488_2252875791558724_4986366872612074571_n.jpeg\",\"contentUrl\":\"https:\/\/www.fondationassistanceauxanimaux.org\/actu\/wp-content\/uploads\/2022\/10\/311698488_2252875791558724_4986366872612074571_n.jpeg\",\"width\":1709,\"height\":1769},{\"@type\":\"BreadcrumbList\",\"@id\":\"https:\/\/www.fondationassistanceauxanimaux.org\/actu\/adoptez-refuge-chien-carros-16315\/#breadcrumb\",\"itemListElement\":[{\"@type\":\"ListItem\",\"position\":1,\"name\":\"Accueil\",\"item\":\"https:\/\/www.fondationassistanceauxanimaux.org\/actu\/\"},{\"@type\":\"ListItem\",\"position\":2,\"name\":\"Ils ne demandent qu&rsquo;\u00e0 \u00eatre adopt\u00e9s !\"}]},{\"@type\":\"WebSite\",\"@id\":\"https:\/\/www.fondationassistanceauxanimaux.org\/actu\/#website\",\"url\":\"https:\/\/www.fondationassistanceauxanimaux.org\/actu\/\",\"name\":\"Fondation Assistance aux Animaux - Actualit\u00e9s\",\"description\":\"Depuis 1930 la Fondation Assistance aux Animaux pour la d\u00e9fense et la protection des animaux maltrait\u00e9s et abandonn\u00e9s\",\"potentialAction\":[{\"@type\":\"SearchAction\",\"target\":{\"@type\":\"EntryPoint\",\"urlTemplate\":\"https:\/\/www.fondationassistanceauxanimaux.org\/actu\/?s={search_term_string}\"},\"query-input\":{\"@type\":\"PropertyValueSpecification\",\"valueRequired\":true,\"valueName\":\"search_term_string\"}}],\"inLanguage\":\"fr-FR\"},{\"@type\":\"Person\",\"@id\":\"https:\/\/www.fondationassistanceauxanimaux.org\/actu\/#\/schema\/person\/71a8476d98daaea0d71a965c5603e10b\",\"name\":\"No\u00e9\",\"image\":{\"@type\":\"ImageObject\",\"inLanguage\":\"fr-FR\",\"@id\":\"https:\/\/www.fondationassistanceauxanimaux.org\/actu\/#\/schema\/person\/image\/\",\"url\":\"https:\/\/secure.gravatar.com\/avatar\/d34cf6c6bd22b3db9c932bc580c4d1ba93c0cda7588a41b59078888ab1e5f007?s=96&d=mm&r=g\",\"contentUrl\":\"https:\/\/secure.gravatar.com\/avatar\/d34cf6c6bd22b3db9c932bc580c4d1ba93c0cda7588a41b59078888ab1e5f007?s=96&d=mm&r=g\",\"caption\":\"No\u00e9\"},\"url\":\"https:\/\/www.fondationassistanceauxanimaux.org\/actu\/author\/anne\/\"}]}<\/script>\n<!-- \/ Yoast SEO plugin. -->","yoast_head_json":{"title":"Ils ne demandent qu'\u00e0 \u00eatre adopt\u00e9s ! - Fondation Assistance aux Animaux - Actualit\u00e9s","robots":{"index":"index","follow":"follow","max-snippet":"max-snippet:-1","max-image-preview":"max-image-preview:large","max-video-preview":"max-video-preview:-1"},"canonical":"https:\/\/www.fondationassistanceauxanimaux.org\/actu\/adoptez-refuge-chien-carros-16315\/","og_locale":"fr_FR","og_type":"article","og_title":"Ils ne demandent qu'\u00e0 \u00eatre adopt\u00e9s ! - Fondation Assistance aux Animaux - Actualit\u00e9s","og_description":"Nous vous pr\u00e9sentons quelques petits prot\u00e9g\u00e9s chiens de notre refuge des Alpes-Maritimes. Aujourd\u2019hui, La Fondation Assistance aux Animaux, c\u2019est plus de 2000 animaux et autant de gamelles quotidiennes. Chaque animal y est soign\u00e9, identifi\u00e9, st\u00e9rilis\u00e9, et vaccin\u00e9. La Fondation Assistance aux Animaux ne pratique pas l\u2019euthanasie de convenance. En venant adopter dans une de nos [&hellip;]","og_url":"https:\/\/www.fondationassistanceauxanimaux.org\/actu\/adoptez-refuge-chien-carros-16315\/","og_site_name":"Fondation Assistance aux Animaux - Actualit\u00e9s","article_published_time":"2022-10-20T22:48:07+00:00","og_image":[{"width":1709,"height":1769,"url":"https:\/\/www.fondationassistanceauxanimaux.org\/actu\/wp-content\/uploads\/2022\/10\/311698488_2252875791558724_4986366872612074571_n.jpeg","type":"image\/jpeg"}],"author":"No\u00e9","twitter_card":"summary_large_image","twitter_misc":{"\u00c9crit par":"No\u00e9","Dur\u00e9e de lecture estim\u00e9e":"1 minute"},"schema":{"@context":"https:\/\/schema.org","@graph":[{"@type":"WebPage","@id":"https:\/\/www.fondationassistanceauxanimaux.org\/actu\/adoptez-refuge-chien-carros-16315\/","url":"https:\/\/www.fondationassistanceauxanimaux.org\/actu\/adoptez-refuge-chien-carros-16315\/","name":"Ils ne demandent qu'\u00e0 \u00eatre adopt\u00e9s ! - Fondation Assistance aux Animaux - Actualit\u00e9s","isPartOf":{"@id":"https:\/\/www.fondationassistanceauxanimaux.org\/actu\/#website"},"primaryImageOfPage":{"@id":"https:\/\/www.fondationassistanceauxanimaux.org\/actu\/adoptez-refuge-chien-carros-16315\/#primaryimage"},"image":{"@id":"https:\/\/www.fondationassistanceauxanimaux.org\/actu\/adoptez-refuge-chien-carros-16315\/#primaryimage"},"thumbnailUrl":"https:\/\/www.fondationassistanceauxanimaux.org\/actu\/wp-content\/uploads\/2022\/10\/311698488_2252875791558724_4986366872612074571_n.jpeg","datePublished":"2022-10-20T22:48:07+00:00","author":{"@id":"https:\/\/www.fondationassistanceauxanimaux.org\/actu\/#\/schema\/person\/71a8476d98daaea0d71a965c5603e10b"},"breadcrumb":{"@id":"https:\/\/www.fondationassistanceauxanimaux.org\/actu\/adoptez-refuge-chien-carros-16315\/#breadcrumb"},"inLanguage":"fr-FR","potentialAction":[{"@type":"ReadAction","target":["https:\/\/www.fondationassistanceauxanimaux.org\/actu\/adoptez-refuge-chien-carros-16315\/"]}]},{"@type":"ImageObject","inLanguage":"fr-FR","@id":"https:\/\/www.fondationassistanceauxanimaux.org\/actu\/adoptez-refuge-chien-carros-16315\/#primaryimage","url":"https:\/\/www.fondationassistanceauxanimaux.org\/actu\/wp-content\/uploads\/2022\/10\/311698488_2252875791558724_4986366872612074571_n.jpeg","contentUrl":"https:\/\/www.fondationassistanceauxanimaux.org\/actu\/wp-content\/uploads\/2022\/10\/311698488_2252875791558724_4986366872612074571_n.jpeg","width":1709,"height":1769},{"@type":"BreadcrumbList","@id":"https:\/\/www.fondationassistanceauxanimaux.org\/actu\/adoptez-refuge-chien-carros-16315\/#breadcrumb","itemListElement":[{"@type":"ListItem","position":1,"name":"Accueil","item":"https:\/\/www.fondationassistanceauxanimaux.org\/actu\/"},{"@type":"ListItem","position":2,"name":"Ils ne demandent qu&rsquo;\u00e0 \u00eatre adopt\u00e9s !"}]},{"@type":"WebSite","@id":"https:\/\/www.fondationassistanceauxanimaux.org\/actu\/#website","url":"https:\/\/www.fondationassistanceauxanimaux.org\/actu\/","name":"Fondation Assistance aux Animaux - Actualit\u00e9s","description":"Depuis 1930 la Fondation Assistance aux Animaux pour la d\u00e9fense et la protection des animaux maltrait\u00e9s et abandonn\u00e9s","potentialAction":[{"@type":"SearchAction","target":{"@type":"EntryPoint","urlTemplate":"https:\/\/www.fondationassistanceauxanimaux.org\/actu\/?s={search_term_string}"},"query-input":{"@type":"PropertyValueSpecification","valueRequired":true,"valueName":"search_term_string"}}],"inLanguage":"fr-FR"},{"@type":"Person","@id":"https:\/\/www.fondationassistanceauxanimaux.org\/actu\/#\/schema\/person\/71a8476d98daaea0d71a965c5603e10b","name":"No\u00e9","image":{"@type":"ImageObject","inLanguage":"fr-FR","@id":"https:\/\/www.fondationassistanceauxanimaux.org\/actu\/#\/schema\/person\/image\/","url":"https:\/\/secure.gravatar.com\/avatar\/d34cf6c6bd22b3db9c932bc580c4d1ba93c0cda7588a41b59078888ab1e5f007?s=96&d=mm&r=g","contentUrl":"https:\/\/secure.gravatar.com\/avatar\/d34cf6c6bd22b3db9c932bc580c4d1ba93c0cda7588a41b59078888ab1e5f007?s=96&d=mm&r=g","caption":"No\u00e9"},"url":"https:\/\/www.fondationassistanceauxanimaux.org\/actu\/author\/anne\/"}]}},"_links":{"self":[{"href":"https:\/\/www.fondationassistanceauxanimaux.org\/actu\/wp-json\/wp\/v2\/posts\/16315","targetHints":{"allow":["GET"]}}],"collection":[{"href":"https:\/\/www.fondationassistanceauxanimaux.org\/actu\/wp-json\/wp\/v2\/posts"}],"about":[{"href":"https:\/\/www.fondationassistanceauxanimaux.org\/actu\/wp-json\/wp\/v2\/types\/post"}],"author":[{"embeddable":true,"href":"https:\/\/www.fondationassistanceauxanimaux.org\/actu\/wp-json\/wp\/v2\/users\/3"}],"replies":[{"embeddable":true,"href":"https:\/\/www.fondationassistanceauxanimaux.org\/actu\/wp-json\/wp\/v2\/comments?post=16315"}],"version-history":[{"count":1,"href":"https:\/\/www.fondationassistanceauxanimaux.org\/actu\/wp-json\/wp\/v2\/posts\/16315\/revisions"}],"predecessor-version":[{"id":16326,"href":"https:\/\/www.fondationassistanceauxanimaux.org\/actu\/wp-json\/wp\/v2\/posts\/16315\/revisions\/16326"}],"wp:featuredmedia":[{"embeddable":true,"href":"https:\/\/www.fondationassistanceauxanimaux.org\/actu\/wp-json\/wp\/v2\/media\/16319"}],"wp:attachment":[{"href":"https:\/\/www.fondationassistanceauxanimaux.org\/actu\/wp-json\/wp\/v2\/media?parent=16315"}],"wp:term":[{"taxonomy":"category","embeddable":true,"href":"https:\/\/www.fondationassistanceauxanimaux.org\/actu\/wp-json\/wp\/v2\/categories?post=16315"},{"taxonomy":"post_tag","embeddable":true,"href":"https:\/\/www.fondationassistanceauxanimaux.org\/actu\/wp-json\/wp\/v2\/tags?post=16315"}],"curies":[{"name":"wp","href":"https:\/\/api.w.org\/{rel}","templated":true}]}}