{"id":15973,"date":"2022-09-11T08:41:06","date_gmt":"2022-09-11T06:41:06","guid":{"rendered":"https:\/\/www.fondationassistanceauxanimaux.org\/actu\/?p=15973"},"modified":"2022-09-11T08:43:26","modified_gmt":"2022-09-11T06:43:26","slug":"ile-de-france-sdf-compagnon","status":"publish","type":"post","link":"https:\/\/www.fondationassistanceauxanimaux.org\/actu\/ile-de-france-sdf-compagnon-15973\/","title":{"rendered":"\u00cele-de-France : les sans domicile fixe peuvent d\u00e9sormais \u00eatre accueillis avec leur compagnon \u00e0 quatre pattes !"},"content":{"rendered":"\n<p><strong>Depuis d\u00e9but septembre, les sans domicile fixe peuvent d\u00e9sormais \u00eatre accueillis avec leur compagnon \u00e0 quatre pattes au centre d&rsquo;h\u00e9bergement et de r\u00e9insertion sociale (CHRS) Le Sentier \u00e0 Melun en Seine-et-Marne.<\/strong><\/p>\n\n\n\n<p><strong>C&rsquo;est une premi\u00e8re en Ile-de France !<\/strong><\/p>\n\n\n\n<p><strong>Les ma\u00eetres pourront d\u00e9sormais se doucher, manger, b\u00e9n\u00e9ficier d&rsquo;aide pour leur d\u00e9marches administratives pendant que leur animal sera gard\u00e9 dans un box.<\/strong><\/p>\n\n\n\n<p><strong>Pour l&rsquo;instant, la structure dispose de 3 box et est en attente de dons de nourriture, de museli\u00e8res, de laisses et de gamelles, car aucune aide financi\u00e8re publique n&rsquo;est en place pour ce dispositif. L\u2019\u00e9quipe du CHRS cherche \u00e9galement \u00e0 cr\u00e9er des partenariats avec des v\u00e9t\u00e9rinaires dans le but de proposer des consultations pour les animaux.<\/strong><\/p>\n\n\n\n<div class=\"wp-block-image\"><figure class=\"aligncenter size-large\"><img loading=\"lazy\" decoding=\"async\" width=\"780\" height=\"160\" src=\"https:\/\/www.fondationassistanceauxanimaux.org\/actu\/wp-content\/uploads\/2022\/09\/214.jpeg\" alt=\"\" class=\"wp-image-15974\" srcset=\"https:\/\/www.fondationassistanceauxanimaux.org\/actu\/wp-content\/uploads\/2022\/09\/214.jpeg 780w, https:\/\/www.fondationassistanceauxanimaux.org\/actu\/wp-content\/uploads\/2022\/09\/214-300x62.jpeg 300w, https:\/\/www.fondationassistanceauxanimaux.org\/actu\/wp-content\/uploads\/2022\/09\/214-768x158.jpeg 768w, https:\/\/www.fondationassistanceauxanimaux.org\/actu\/wp-content\/uploads\/2022\/09\/214-705x145.jpeg 705w\" sizes=\"auto, (max-width: 780px) 100vw, 780px\" \/><\/figure><\/div>\n\n\n\n<p><strong>Les&nbsp;Centres d&rsquo;H\u00e9bergement et de R\u00e9insertion Sociale (CHRS)&nbsp;ont pour mission d&rsquo;assurer l&rsquo;accueil, le logement, l&rsquo;accompagnement et l&rsquo;insertion sociale des personnes ou familles connaissant de graves difficult\u00e9s en vue de les aider \u00e0 acc\u00e9der ou \u00e0 recouvrer leur autonomie personnelle et sociale.<\/strong><\/p>\n\n\n\n<blockquote class=\"wp-block-quote is-layout-flow wp-block-quote-is-layout-flow\"><p><strong>La Fondation rappelle qu&rsquo;elle dispose de 7 dispensaires et centre de st\u00e9rilisation r\u00e9partis sur toute la France offrant la gratuit\u00e9 des soins et r\u00e9serv\u00e9s principalement aux personnes les plus d\u00e9munies.<\/strong><\/p><\/blockquote>\n\n\n\n<p><strong>Parce qu\u2019il est anormal que, par manque d\u2019argent, des personnes se trouvent devant la triste alternative de voir souffrir leur animal sans pouvoir le soulager ou bien de l\u2019abandonner en esp\u00e9rant que d\u2019autres pourraient mieux le soigner, la Fondation Assistance Aux Animaux a ouvert des dispensaires de soins pour les animaux des plus d\u00e9munis.<\/strong><\/p>\n\n\n\n<p><strong>Dot\u00e9s d\u2019un mat\u00e9riel moderne, ces dispensaires emploient des v\u00e9t\u00e9rinaires, des assistants et des aides-soignants. Ils assurent au quotidien les consultations, \u00e9chographies, vaccinations et op\u00e9rations chirurgicales de plus de 20 000 animaux malades chaque ann\u00e9e contre le seul remboursement des frais de fonctionnement.<\/strong><\/p>\n\n\n\n<h3 class=\"wp-block-heading\">PARTOUT EN FRANCE<\/h3>\n\n\n\n<ul class=\"wp-block-list\"><li><a href=\"https:\/\/www.fondationassistanceauxanimaux.org\/dispensaire-animaux-paris\/\">Dispensaire de Paris<\/a><\/li><li><a href=\"https:\/\/www.fondationassistanceauxanimaux.org\/dispensaire-animaux-bordeaux\/\">Dispensaire de Bordeaux<\/a><\/li><li><a href=\"https:\/\/www.fondationassistanceauxanimaux.org\/dispensaire-animaux-marseille\/\">Dispensaire de Marseille<\/a><\/li><li><a href=\"https:\/\/www.fondationassistanceauxanimaux.org\/dispensaire-animaux-nice\/\">Dispensaire de Nice<\/a><\/li><li><a href=\"https:\/\/www.fondationassistanceauxanimaux.org\/dispensaire-animaux-toulon\/\">Dispensaire de Toulon<\/a><\/li><li><a href=\"https:\/\/www.fondationassistanceauxanimaux.org\/dispensaire-animaux-strasbourg\/\">Dispensaire de Strasbourg<\/a><\/li><li><a href=\"https:\/\/www.fondationassistanceauxanimaux.org\/dispensaire-animaux-brest\/\">Dispensaire de Brest<\/a><\/li><\/ul>\n","protected":false},"excerpt":{"rendered":"<p>Depuis d\u00e9but septembre, les sans domicile fixe peuvent d\u00e9sormais \u00eatre accueillis avec leur compagnon \u00e0 quatre pattes au centre d&rsquo;h\u00e9bergement et de r\u00e9insertion sociale (CHRS) Le Sentier \u00e0 Melun en Seine-et-Marne. C&rsquo;est une premi\u00e8re en Ile-de France ! Les ma\u00eetres pourront d\u00e9sormais se doucher, manger, b\u00e9n\u00e9ficier d&rsquo;aide pour leur d\u00e9marches administratives pendant que leur animal [&hellip;]<\/p>\n","protected":false},"author":3,"featured_media":15976,"comment_status":"closed","ping_status":"closed","sticky":false,"template":"","format":"standard","meta":{"footnotes":""},"categories":[21],"tags":[],"class_list":["post-15973","post","type-post","status-publish","format-standard","has-post-thumbnail","hentry","category-fondation-assistance-aux-animaux"],"yoast_head":"<!-- This site is optimized with the Yoast SEO plugin v24.5 - https:\/\/yoast.com\/wordpress\/plugins\/seo\/ -->\n<title>\u00cele-de-France : les sans domicile fixe peuvent d\u00e9sormais \u00eatre accueillis avec leur compagnon \u00e0 quatre pattes ! - Fondation Assistance aux Animaux - Actualit\u00e9s<\/title>\n<meta name=\"robots\" content=\"index, follow, max-snippet:-1, max-image-preview:large, max-video-preview:-1\" \/>\n<link rel=\"canonical\" href=\"https:\/\/www.fondationassistanceauxanimaux.org\/actu\/ile-de-france-sdf-compagnon-15973\/\" \/>\n<meta property=\"og:locale\" content=\"fr_FR\" \/>\n<meta property=\"og:type\" content=\"article\" \/>\n<meta property=\"og:title\" content=\"\u00cele-de-France : les sans domicile fixe peuvent d\u00e9sormais \u00eatre accueillis avec leur compagnon \u00e0 quatre pattes ! - Fondation Assistance aux Animaux - Actualit\u00e9s\" \/>\n<meta property=\"og:description\" content=\"Depuis d\u00e9but septembre, les sans domicile fixe peuvent d\u00e9sormais \u00eatre accueillis avec leur compagnon \u00e0 quatre pattes au centre d&rsquo;h\u00e9bergement et de r\u00e9insertion sociale (CHRS) Le Sentier \u00e0 Melun en Seine-et-Marne. C&rsquo;est une premi\u00e8re en Ile-de France ! Les ma\u00eetres pourront d\u00e9sormais se doucher, manger, b\u00e9n\u00e9ficier d&rsquo;aide pour leur d\u00e9marches administratives pendant que leur animal [&hellip;]\" \/>\n<meta property=\"og:url\" content=\"https:\/\/www.fondationassistanceauxanimaux.org\/actu\/ile-de-france-sdf-compagnon-15973\/\" \/>\n<meta property=\"og:site_name\" content=\"Fondation Assistance aux Animaux - Actualit\u00e9s\" \/>\n<meta property=\"article:published_time\" content=\"2022-09-11T06:41:06+00:00\" \/>\n<meta property=\"article:modified_time\" content=\"2022-09-11T06:43:26+00:00\" \/>\n<meta property=\"og:image\" content=\"https:\/\/www.fondationassistanceauxanimaux.org\/actu\/wp-content\/uploads\/2022\/09\/I3OHSCLG3JDM3FKTRTTGHIBWXU.jpeg\" \/>\n\t<meta property=\"og:image:width\" content=\"940\" \/>\n\t<meta property=\"og:image:height\" content=\"470\" \/>\n\t<meta property=\"og:image:type\" content=\"image\/jpeg\" \/>\n<meta name=\"author\" content=\"No\u00e9\" \/>\n<meta name=\"twitter:card\" content=\"summary_large_image\" \/>\n<meta name=\"twitter:label1\" content=\"\u00c9crit par\" \/>\n\t<meta name=\"twitter:data1\" content=\"No\u00e9\" \/>\n\t<meta name=\"twitter:label2\" content=\"Dur\u00e9e de lecture estim\u00e9e\" \/>\n\t<meta name=\"twitter:data2\" content=\"2 minutes\" \/>\n<script type=\"application\/ld+json\" class=\"yoast-schema-graph\">{\"@context\":\"https:\/\/schema.org\",\"@graph\":[{\"@type\":\"WebPage\",\"@id\":\"https:\/\/www.fondationassistanceauxanimaux.org\/actu\/ile-de-france-sdf-compagnon-15973\/\",\"url\":\"https:\/\/www.fondationassistanceauxanimaux.org\/actu\/ile-de-france-sdf-compagnon-15973\/\",\"name\":\"\u00cele-de-France : les sans domicile fixe peuvent d\u00e9sormais \u00eatre accueillis avec leur compagnon \u00e0 quatre pattes ! - Fondation Assistance aux Animaux - Actualit\u00e9s\",\"isPartOf\":{\"@id\":\"https:\/\/www.fondationassistanceauxanimaux.org\/actu\/#website\"},\"primaryImageOfPage\":{\"@id\":\"https:\/\/www.fondationassistanceauxanimaux.org\/actu\/ile-de-france-sdf-compagnon-15973\/#primaryimage\"},\"image\":{\"@id\":\"https:\/\/www.fondationassistanceauxanimaux.org\/actu\/ile-de-france-sdf-compagnon-15973\/#primaryimage\"},\"thumbnailUrl\":\"https:\/\/www.fondationassistanceauxanimaux.org\/actu\/wp-content\/uploads\/2022\/09\/I3OHSCLG3JDM3FKTRTTGHIBWXU.jpeg\",\"datePublished\":\"2022-09-11T06:41:06+00:00\",\"dateModified\":\"2022-09-11T06:43:26+00:00\",\"author\":{\"@id\":\"https:\/\/www.fondationassistanceauxanimaux.org\/actu\/#\/schema\/person\/71a8476d98daaea0d71a965c5603e10b\"},\"breadcrumb\":{\"@id\":\"https:\/\/www.fondationassistanceauxanimaux.org\/actu\/ile-de-france-sdf-compagnon-15973\/#breadcrumb\"},\"inLanguage\":\"fr-FR\",\"potentialAction\":[{\"@type\":\"ReadAction\",\"target\":[\"https:\/\/www.fondationassistanceauxanimaux.org\/actu\/ile-de-france-sdf-compagnon-15973\/\"]}]},{\"@type\":\"ImageObject\",\"inLanguage\":\"fr-FR\",\"@id\":\"https:\/\/www.fondationassistanceauxanimaux.org\/actu\/ile-de-france-sdf-compagnon-15973\/#primaryimage\",\"url\":\"https:\/\/www.fondationassistanceauxanimaux.org\/actu\/wp-content\/uploads\/2022\/09\/I3OHSCLG3JDM3FKTRTTGHIBWXU.jpeg\",\"contentUrl\":\"https:\/\/www.fondationassistanceauxanimaux.org\/actu\/wp-content\/uploads\/2022\/09\/I3OHSCLG3JDM3FKTRTTGHIBWXU.jpeg\",\"width\":940,\"height\":470},{\"@type\":\"BreadcrumbList\",\"@id\":\"https:\/\/www.fondationassistanceauxanimaux.org\/actu\/ile-de-france-sdf-compagnon-15973\/#breadcrumb\",\"itemListElement\":[{\"@type\":\"ListItem\",\"position\":1,\"name\":\"Accueil\",\"item\":\"https:\/\/www.fondationassistanceauxanimaux.org\/actu\/\"},{\"@type\":\"ListItem\",\"position\":2,\"name\":\"\u00cele-de-France : les sans domicile fixe peuvent d\u00e9sormais \u00eatre accueillis avec leur compagnon \u00e0 quatre pattes !\"}]},{\"@type\":\"WebSite\",\"@id\":\"https:\/\/www.fondationassistanceauxanimaux.org\/actu\/#website\",\"url\":\"https:\/\/www.fondationassistanceauxanimaux.org\/actu\/\",\"name\":\"Fondation Assistance aux Animaux - Actualit\u00e9s\",\"description\":\"Depuis 1930 la Fondation Assistance aux Animaux pour la d\u00e9fense et la protection des animaux maltrait\u00e9s et abandonn\u00e9s\",\"potentialAction\":[{\"@type\":\"SearchAction\",\"target\":{\"@type\":\"EntryPoint\",\"urlTemplate\":\"https:\/\/www.fondationassistanceauxanimaux.org\/actu\/?s={search_term_string}\"},\"query-input\":{\"@type\":\"PropertyValueSpecification\",\"valueRequired\":true,\"valueName\":\"search_term_string\"}}],\"inLanguage\":\"fr-FR\"},{\"@type\":\"Person\",\"@id\":\"https:\/\/www.fondationassistanceauxanimaux.org\/actu\/#\/schema\/person\/71a8476d98daaea0d71a965c5603e10b\",\"name\":\"No\u00e9\",\"image\":{\"@type\":\"ImageObject\",\"inLanguage\":\"fr-FR\",\"@id\":\"https:\/\/www.fondationassistanceauxanimaux.org\/actu\/#\/schema\/person\/image\/\",\"url\":\"https:\/\/secure.gravatar.com\/avatar\/d34cf6c6bd22b3db9c932bc580c4d1ba93c0cda7588a41b59078888ab1e5f007?s=96&d=mm&r=g\",\"contentUrl\":\"https:\/\/secure.gravatar.com\/avatar\/d34cf6c6bd22b3db9c932bc580c4d1ba93c0cda7588a41b59078888ab1e5f007?s=96&d=mm&r=g\",\"caption\":\"No\u00e9\"},\"url\":\"https:\/\/www.fondationassistanceauxanimaux.org\/actu\/author\/anne\/\"}]}<\/script>\n<!-- \/ Yoast SEO plugin. -->","yoast_head_json":{"title":"\u00cele-de-France : les sans domicile fixe peuvent d\u00e9sormais \u00eatre accueillis avec leur compagnon \u00e0 quatre pattes ! - Fondation Assistance aux Animaux - Actualit\u00e9s","robots":{"index":"index","follow":"follow","max-snippet":"max-snippet:-1","max-image-preview":"max-image-preview:large","max-video-preview":"max-video-preview:-1"},"canonical":"https:\/\/www.fondationassistanceauxanimaux.org\/actu\/ile-de-france-sdf-compagnon-15973\/","og_locale":"fr_FR","og_type":"article","og_title":"\u00cele-de-France : les sans domicile fixe peuvent d\u00e9sormais \u00eatre accueillis avec leur compagnon \u00e0 quatre pattes ! - Fondation Assistance aux Animaux - Actualit\u00e9s","og_description":"Depuis d\u00e9but septembre, les sans domicile fixe peuvent d\u00e9sormais \u00eatre accueillis avec leur compagnon \u00e0 quatre pattes au centre d&rsquo;h\u00e9bergement et de r\u00e9insertion sociale (CHRS) Le Sentier \u00e0 Melun en Seine-et-Marne. C&rsquo;est une premi\u00e8re en Ile-de France ! Les ma\u00eetres pourront d\u00e9sormais se doucher, manger, b\u00e9n\u00e9ficier d&rsquo;aide pour leur d\u00e9marches administratives pendant que leur animal [&hellip;]","og_url":"https:\/\/www.fondationassistanceauxanimaux.org\/actu\/ile-de-france-sdf-compagnon-15973\/","og_site_name":"Fondation Assistance aux Animaux - Actualit\u00e9s","article_published_time":"2022-09-11T06:41:06+00:00","article_modified_time":"2022-09-11T06:43:26+00:00","og_image":[{"width":940,"height":470,"url":"https:\/\/www.fondationassistanceauxanimaux.org\/actu\/wp-content\/uploads\/2022\/09\/I3OHSCLG3JDM3FKTRTTGHIBWXU.jpeg","type":"image\/jpeg"}],"author":"No\u00e9","twitter_card":"summary_large_image","twitter_misc":{"\u00c9crit par":"No\u00e9","Dur\u00e9e de lecture estim\u00e9e":"2 minutes"},"schema":{"@context":"https:\/\/schema.org","@graph":[{"@type":"WebPage","@id":"https:\/\/www.fondationassistanceauxanimaux.org\/actu\/ile-de-france-sdf-compagnon-15973\/","url":"https:\/\/www.fondationassistanceauxanimaux.org\/actu\/ile-de-france-sdf-compagnon-15973\/","name":"\u00cele-de-France : les sans domicile fixe peuvent d\u00e9sormais \u00eatre accueillis avec leur compagnon \u00e0 quatre pattes ! - Fondation Assistance aux Animaux - Actualit\u00e9s","isPartOf":{"@id":"https:\/\/www.fondationassistanceauxanimaux.org\/actu\/#website"},"primaryImageOfPage":{"@id":"https:\/\/www.fondationassistanceauxanimaux.org\/actu\/ile-de-france-sdf-compagnon-15973\/#primaryimage"},"image":{"@id":"https:\/\/www.fondationassistanceauxanimaux.org\/actu\/ile-de-france-sdf-compagnon-15973\/#primaryimage"},"thumbnailUrl":"https:\/\/www.fondationassistanceauxanimaux.org\/actu\/wp-content\/uploads\/2022\/09\/I3OHSCLG3JDM3FKTRTTGHIBWXU.jpeg","datePublished":"2022-09-11T06:41:06+00:00","dateModified":"2022-09-11T06:43:26+00:00","author":{"@id":"https:\/\/www.fondationassistanceauxanimaux.org\/actu\/#\/schema\/person\/71a8476d98daaea0d71a965c5603e10b"},"breadcrumb":{"@id":"https:\/\/www.fondationassistanceauxanimaux.org\/actu\/ile-de-france-sdf-compagnon-15973\/#breadcrumb"},"inLanguage":"fr-FR","potentialAction":[{"@type":"ReadAction","target":["https:\/\/www.fondationassistanceauxanimaux.org\/actu\/ile-de-france-sdf-compagnon-15973\/"]}]},{"@type":"ImageObject","inLanguage":"fr-FR","@id":"https:\/\/www.fondationassistanceauxanimaux.org\/actu\/ile-de-france-sdf-compagnon-15973\/#primaryimage","url":"https:\/\/www.fondationassistanceauxanimaux.org\/actu\/wp-content\/uploads\/2022\/09\/I3OHSCLG3JDM3FKTRTTGHIBWXU.jpeg","contentUrl":"https:\/\/www.fondationassistanceauxanimaux.org\/actu\/wp-content\/uploads\/2022\/09\/I3OHSCLG3JDM3FKTRTTGHIBWXU.jpeg","width":940,"height":470},{"@type":"BreadcrumbList","@id":"https:\/\/www.fondationassistanceauxanimaux.org\/actu\/ile-de-france-sdf-compagnon-15973\/#breadcrumb","itemListElement":[{"@type":"ListItem","position":1,"name":"Accueil","item":"https:\/\/www.fondationassistanceauxanimaux.org\/actu\/"},{"@type":"ListItem","position":2,"name":"\u00cele-de-France : les sans domicile fixe peuvent d\u00e9sormais \u00eatre accueillis avec leur compagnon \u00e0 quatre pattes !"}]},{"@type":"WebSite","@id":"https:\/\/www.fondationassistanceauxanimaux.org\/actu\/#website","url":"https:\/\/www.fondationassistanceauxanimaux.org\/actu\/","name":"Fondation Assistance aux Animaux - Actualit\u00e9s","description":"Depuis 1930 la Fondation Assistance aux Animaux pour la d\u00e9fense et la protection des animaux maltrait\u00e9s et abandonn\u00e9s","potentialAction":[{"@type":"SearchAction","target":{"@type":"EntryPoint","urlTemplate":"https:\/\/www.fondationassistanceauxanimaux.org\/actu\/?s={search_term_string}"},"query-input":{"@type":"PropertyValueSpecification","valueRequired":true,"valueName":"search_term_string"}}],"inLanguage":"fr-FR"},{"@type":"Person","@id":"https:\/\/www.fondationassistanceauxanimaux.org\/actu\/#\/schema\/person\/71a8476d98daaea0d71a965c5603e10b","name":"No\u00e9","image":{"@type":"ImageObject","inLanguage":"fr-FR","@id":"https:\/\/www.fondationassistanceauxanimaux.org\/actu\/#\/schema\/person\/image\/","url":"https:\/\/secure.gravatar.com\/avatar\/d34cf6c6bd22b3db9c932bc580c4d1ba93c0cda7588a41b59078888ab1e5f007?s=96&d=mm&r=g","contentUrl":"https:\/\/secure.gravatar.com\/avatar\/d34cf6c6bd22b3db9c932bc580c4d1ba93c0cda7588a41b59078888ab1e5f007?s=96&d=mm&r=g","caption":"No\u00e9"},"url":"https:\/\/www.fondationassistanceauxanimaux.org\/actu\/author\/anne\/"}]}},"_links":{"self":[{"href":"https:\/\/www.fondationassistanceauxanimaux.org\/actu\/wp-json\/wp\/v2\/posts\/15973","targetHints":{"allow":["GET"]}}],"collection":[{"href":"https:\/\/www.fondationassistanceauxanimaux.org\/actu\/wp-json\/wp\/v2\/posts"}],"about":[{"href":"https:\/\/www.fondationassistanceauxanimaux.org\/actu\/wp-json\/wp\/v2\/types\/post"}],"author":[{"embeddable":true,"href":"https:\/\/www.fondationassistanceauxanimaux.org\/actu\/wp-json\/wp\/v2\/users\/3"}],"replies":[{"embeddable":true,"href":"https:\/\/www.fondationassistanceauxanimaux.org\/actu\/wp-json\/wp\/v2\/comments?post=15973"}],"version-history":[{"count":2,"href":"https:\/\/www.fondationassistanceauxanimaux.org\/actu\/wp-json\/wp\/v2\/posts\/15973\/revisions"}],"predecessor-version":[{"id":15977,"href":"https:\/\/www.fondationassistanceauxanimaux.org\/actu\/wp-json\/wp\/v2\/posts\/15973\/revisions\/15977"}],"wp:featuredmedia":[{"embeddable":true,"href":"https:\/\/www.fondationassistanceauxanimaux.org\/actu\/wp-json\/wp\/v2\/media\/15976"}],"wp:attachment":[{"href":"https:\/\/www.fondationassistanceauxanimaux.org\/actu\/wp-json\/wp\/v2\/media?parent=15973"}],"wp:term":[{"taxonomy":"category","embeddable":true,"href":"https:\/\/www.fondationassistanceauxanimaux.org\/actu\/wp-json\/wp\/v2\/categories?post=15973"},{"taxonomy":"post_tag","embeddable":true,"href":"https:\/\/www.fondationassistanceauxanimaux.org\/actu\/wp-json\/wp\/v2\/tags?post=15973"}],"curies":[{"name":"wp","href":"https:\/\/api.w.org\/{rel}","templated":true}]}}