{"id":1416,"date":"2017-10-19T11:59:19","date_gmt":"2017-10-19T09:59:19","guid":{"rendered":"http:\/\/www.fondationassistanceauxanimaux.org\/actu\/?p=1416"},"modified":"2018-11-07T12:04:56","modified_gmt":"2018-11-07T11:04:56","slug":"noel-des-betes-abandonnees-2017","status":"publish","type":"post","link":"https:\/\/www.fondationassistanceauxanimaux.org\/actu\/noel-des-betes-abandonnees-2017-1416\/","title":{"rendered":"No\u00ebl des B\u00eates Abandonn\u00e9es 2017"},"content":{"rendered":"<p>&nbsp;<\/p>\n<h2 style=\"text-align: center;\">Les 25 et 26 novembre \u00e0 Paris.<\/h2>\n<h3 style=\"text-align: center;\">Un \u00e9v\u00e8nement \u00e0 ne pas rater !<\/h3>\n<p>&nbsp;<\/p>\n<p>Cette ann\u00e9e, comme chaque ann\u00e9e depuis plus de 50 ans, la Fondation Assistance aux Animaux organise son traditionnel No\u00ebl des B\u00eates Abandonn\u00e9es <strong>les 25 et 26 novembre, au Paris Event Center, Porte de la Villette .<\/strong><\/p>\n<blockquote><p><strong>Pr\u00e8s de 400 chiens et chats, tous issus des refuges de la Fondation, seront pr\u00e9sent\u00e9s \u00e0 l&rsquo;adoption durant ce week-end, dans l\u2019espoir d\u2019une seconde chance.<\/strong><\/p><\/blockquote>\n<p>Jeunes et vieux, grands et petits, abandonn\u00e9s, maltrait\u00e9s ou laiss\u00e9s pour compte, certains attendent une famille depuis bien trop longtemps et cet \u00e9v\u00e9nement est parfois leur unique chance d&rsquo;\u00eatre enfin remarqu\u00e9 et de trouver leur foyer.<\/p>\n<p>Ils seront nombreux, remplis d&rsquo;espoir, et port\u00e9s par l&rsquo;affection des soigneurs de la Fondation Assistance aux Animaux, \u00e0 attendre un chaleureux foyer et une famille aimante. Vaccin\u00e9s, tatou\u00e9s, st\u00e9rilis\u00e9s, ils n\u2019esp\u00e8rent qu\u2019une seule chose\u00a0: un chez eux chez vous !<\/p>\n<blockquote><p><strong>Aidez-nous \u00e0 leur faire le plus beau des cadeaux, venez les adopter<\/strong>.<\/p><\/blockquote>\n<p>&nbsp;<\/p>\n<p><img loading=\"lazy\" decoding=\"async\" class=\"aligncenter wp-image-2864\" src=\"https:\/\/www.fondationassistanceauxanimaux.org\/actu\/wp-content\/uploads\/2018\/11\/NDB2018-957x1030.jpg\" alt=\"\" width=\"386\" height=\"416\" srcset=\"https:\/\/www.fondationassistanceauxanimaux.org\/actu\/wp-content\/uploads\/2018\/11\/NDB2018-957x1030.jpg 957w, https:\/\/www.fondationassistanceauxanimaux.org\/actu\/wp-content\/uploads\/2018\/11\/NDB2018-279x300.jpg 279w, https:\/\/www.fondationassistanceauxanimaux.org\/actu\/wp-content\/uploads\/2018\/11\/NDB2018-768x827.jpg 768w, https:\/\/www.fondationassistanceauxanimaux.org\/actu\/wp-content\/uploads\/2018\/11\/NDB2018-1393x1500.jpg 1393w, https:\/\/www.fondationassistanceauxanimaux.org\/actu\/wp-content\/uploads\/2018\/11\/NDB2018-655x705.jpg 655w, https:\/\/www.fondationassistanceauxanimaux.org\/actu\/wp-content\/uploads\/2018\/11\/NDB2018-450x485.jpg 450w\" sizes=\"auto, (max-width: 386px) 100vw, 386px\" \/><\/p>\n<p>&nbsp;<\/p>\n<h5><strong>INFOS PRATIQUES :<\/strong><\/h5>\n<p>Entr\u00e9e libre \u2013 Parking payant<\/p>\n<p><strong><em>Dates<\/em><\/strong>\u00a0: Samedi 25 et dimanche 26 novembre 2017, de 10h \u00e0 18h.<\/p>\n<p><strong><em>Lieu<\/em><\/strong>\u00a0: Porte de la villette\u00a0&#8211; Paris Event Center, Hall B<\/p>\n<p><em><strong>Tel<\/strong><\/em>\u00a0: 01 39 49 18 18<\/p>\n<p><strong><em>Web<\/em><\/strong>\u00a0: https:\/\/www.fondationassistanceauxanimaux.org\/<\/p>\n<p>&nbsp;<\/p>\n<p>\n<style type=\"text\/css\" data-created_by=\"avia_inline_auto\" id=\"style-css-av-4hlxjc-16e94259507ba4821abff1b991a9f865\">\n.av_font_icon.av-4hlxjc-16e94259507ba4821abff1b991a9f865 .av-icon-char{\nfont-size:40px;\nline-height:40px;\n}\n<\/style>\n<span  class='av_font_icon av-4hlxjc-16e94259507ba4821abff1b991a9f865 avia_animate_when_visible av-icon-style- avia-icon-pos-left avia-iconfont avia-font-faaa av-no-color avia-icon-animate'><span class='av-icon-char' data-av_icon='\ue820' data-av_iconfont='faaa' aria-hidden=\"true\" ><\/span><\/span><strong>Attention :\u00a0<\/strong><em>L\u2019adoption est un acte qui doit \u00eatre m\u00fbrement r\u00e9fl\u00e9chi. En ouvrant votre foyer \u00e0 un animal, vous vous engagez pour de longues (et belles) ann\u00e9es. <\/em><\/p>\n<p>\n<style type=\"text\/css\" data-created_by=\"avia_inline_auto\" id=\"style-css-av-38ok88-59fdd99d6ca61db0f89fba4f0143b78c\">\n.av_font_icon.av-38ok88-59fdd99d6ca61db0f89fba4f0143b78c .av-icon-char{\nfont-size:40px;\nline-height:40px;\n}\n<\/style>\n<span  class='av_font_icon av-38ok88-59fdd99d6ca61db0f89fba4f0143b78c avia_animate_when_visible av-icon-style- avia-icon-pos-left avia-iconfont avia-font-faaa av-no-color avia-icon-animate'><span class='av-icon-char' data-av_icon='\ue818' data-av_iconfont='faaa' aria-hidden=\"true\" ><\/span><\/span><strong>Formalit\u00e9s\u00a0:\u00a0<\/strong><em>Pour le placement de ses prot\u00e9g\u00e9s, la Fondation Assistance aux Animaux demande <strong>une pi\u00e8ce d&rsquo;identit\u00e9<\/strong>, <strong>un justificatif de domicile<\/strong> ainsi qu&rsquo;<strong>une participation aux frais de st\u00e9rilisation et de vaccination<\/strong>.<\/em><\/p>\n<p>&nbsp;<\/p>\n","protected":false},"excerpt":{"rendered":"<p>&nbsp; Les 25 et 26 novembre \u00e0 Paris. Un \u00e9v\u00e8nement \u00e0 ne pas rater ! &nbsp; Cette ann\u00e9e, comme chaque ann\u00e9e depuis plus de 50 ans, la Fondation Assistance aux Animaux organise son traditionnel No\u00ebl des B\u00eates Abandonn\u00e9es les 25 et 26 novembre, au Paris Event Center, Porte de la Villette . Pr\u00e8s de 400 [&hellip;]<\/p>\n","protected":false},"author":3,"featured_media":2867,"comment_status":"closed","ping_status":"closed","sticky":false,"template":"","format":"standard","meta":{"footnotes":""},"categories":[21],"tags":[25,28,44],"class_list":["post-1416","post","type-post","status-publish","format-standard","has-post-thumbnail","hentry","category-fondation-assistance-aux-animaux","tag-adoption","tag-chats","tag-chiens"],"yoast_head":"<!-- This site is optimized with the Yoast SEO plugin v24.5 - https:\/\/yoast.com\/wordpress\/plugins\/seo\/ -->\n<title>No\u00ebl des B\u00eates Abandonn\u00e9es 2017 - Fondation Assistance aux Animaux - Actualit\u00e9s<\/title>\n<meta name=\"description\" content=\"La Fondation Assistance aux Animaux organise son traditionnel No\u00ebl des B\u00eates Abandonn\u00e9es les 25 et 26 novembre 2017 \u00e0 Paris. Un \u00e9v\u00e8nement \u00e0 ne pas rater !\" \/>\n<meta name=\"robots\" content=\"index, follow, max-snippet:-1, max-image-preview:large, max-video-preview:-1\" \/>\n<link rel=\"canonical\" href=\"https:\/\/www.fondationassistanceauxanimaux.org\/actu\/noel-des-betes-abandonnees-2017-1416\/\" \/>\n<meta property=\"og:locale\" content=\"fr_FR\" \/>\n<meta property=\"og:type\" content=\"article\" \/>\n<meta property=\"og:title\" content=\"No\u00ebl des B\u00eates Abandonn\u00e9es - 25 et 26 novembre\" \/>\n<meta property=\"og:description\" content=\"La Fondation Assistance aux Animaux organise son traditionnel No\u00ebl des B\u00eates Abandonn\u00e9es les 25 et 26 novembre 2017 \u00e0 Paris Porte de la Villette. Un \u00e9v\u00e8nement \u00e0 ne pas rater !\" \/>\n<meta property=\"og:url\" content=\"https:\/\/www.fondationassistanceauxanimaux.org\/actu\/noel-des-betes-abandonnees-2017-1416\/\" \/>\n<meta property=\"og:site_name\" content=\"Fondation Assistance aux Animaux - Actualit\u00e9s\" \/>\n<meta property=\"article:published_time\" content=\"2017-10-19T09:59:19+00:00\" \/>\n<meta property=\"article:modified_time\" content=\"2018-11-07T11:04:56+00:00\" \/>\n<meta property=\"og:image\" content=\"https:\/\/www.fondationassistanceauxanimaux.org\/actu\/wp-content\/uploads\/2017\/10\/noel-horizontale-01.jpg\" \/>\n\t<meta property=\"og:image:width\" content=\"1000\" \/>\n\t<meta property=\"og:image:height\" content=\"696\" \/>\n\t<meta property=\"og:image:type\" content=\"image\/jpeg\" \/>\n<meta name=\"author\" content=\"No\u00e9\" \/>\n<meta name=\"twitter:card\" content=\"summary_large_image\" \/>\n<meta name=\"twitter:label1\" content=\"\u00c9crit par\" \/>\n\t<meta name=\"twitter:data1\" content=\"No\u00e9\" \/>\n\t<meta name=\"twitter:label2\" content=\"Dur\u00e9e de lecture estim\u00e9e\" \/>\n\t<meta name=\"twitter:data2\" content=\"2 minutes\" \/>\n<script type=\"application\/ld+json\" class=\"yoast-schema-graph\">{\"@context\":\"https:\/\/schema.org\",\"@graph\":[{\"@type\":\"WebPage\",\"@id\":\"https:\/\/www.fondationassistanceauxanimaux.org\/actu\/noel-des-betes-abandonnees-2017-1416\/\",\"url\":\"https:\/\/www.fondationassistanceauxanimaux.org\/actu\/noel-des-betes-abandonnees-2017-1416\/\",\"name\":\"No\u00ebl des B\u00eates Abandonn\u00e9es 2017 - Fondation Assistance aux Animaux - Actualit\u00e9s\",\"isPartOf\":{\"@id\":\"https:\/\/www.fondationassistanceauxanimaux.org\/actu\/#website\"},\"primaryImageOfPage\":{\"@id\":\"https:\/\/www.fondationassistanceauxanimaux.org\/actu\/noel-des-betes-abandonnees-2017-1416\/#primaryimage\"},\"image\":{\"@id\":\"https:\/\/www.fondationassistanceauxanimaux.org\/actu\/noel-des-betes-abandonnees-2017-1416\/#primaryimage\"},\"thumbnailUrl\":\"https:\/\/www.fondationassistanceauxanimaux.org\/actu\/wp-content\/uploads\/2018\/11\/Capture-d\u2019e\u0301cran-2018-11-07-a\u0300-11.22.52.png\",\"datePublished\":\"2017-10-19T09:59:19+00:00\",\"dateModified\":\"2018-11-07T11:04:56+00:00\",\"author\":{\"@id\":\"https:\/\/www.fondationassistanceauxanimaux.org\/actu\/#\/schema\/person\/71a8476d98daaea0d71a965c5603e10b\"},\"description\":\"La Fondation Assistance aux Animaux organise son traditionnel No\u00ebl des B\u00eates Abandonn\u00e9es les 25 et 26 novembre 2017 \u00e0 Paris. Un \u00e9v\u00e8nement \u00e0 ne pas rater !\",\"breadcrumb\":{\"@id\":\"https:\/\/www.fondationassistanceauxanimaux.org\/actu\/noel-des-betes-abandonnees-2017-1416\/#breadcrumb\"},\"inLanguage\":\"fr-FR\",\"potentialAction\":[{\"@type\":\"ReadAction\",\"target\":[\"https:\/\/www.fondationassistanceauxanimaux.org\/actu\/noel-des-betes-abandonnees-2017-1416\/\"]}]},{\"@type\":\"ImageObject\",\"inLanguage\":\"fr-FR\",\"@id\":\"https:\/\/www.fondationassistanceauxanimaux.org\/actu\/noel-des-betes-abandonnees-2017-1416\/#primaryimage\",\"url\":\"https:\/\/www.fondationassistanceauxanimaux.org\/actu\/wp-content\/uploads\/2018\/11\/Capture-d\u2019e\u0301cran-2018-11-07-a\u0300-11.22.52.png\",\"contentUrl\":\"https:\/\/www.fondationassistanceauxanimaux.org\/actu\/wp-content\/uploads\/2018\/11\/Capture-d\u2019e\u0301cran-2018-11-07-a\u0300-11.22.52.png\",\"width\":780,\"height\":824},{\"@type\":\"BreadcrumbList\",\"@id\":\"https:\/\/www.fondationassistanceauxanimaux.org\/actu\/noel-des-betes-abandonnees-2017-1416\/#breadcrumb\",\"itemListElement\":[{\"@type\":\"ListItem\",\"position\":1,\"name\":\"Accueil\",\"item\":\"https:\/\/www.fondationassistanceauxanimaux.org\/actu\/\"},{\"@type\":\"ListItem\",\"position\":2,\"name\":\"No\u00ebl des B\u00eates Abandonn\u00e9es 2017\"}]},{\"@type\":\"WebSite\",\"@id\":\"https:\/\/www.fondationassistanceauxanimaux.org\/actu\/#website\",\"url\":\"https:\/\/www.fondationassistanceauxanimaux.org\/actu\/\",\"name\":\"Fondation Assistance aux Animaux - Actualit\u00e9s\",\"description\":\"Depuis 1930 la Fondation Assistance aux Animaux pour la d\u00e9fense et la protection des animaux maltrait\u00e9s et abandonn\u00e9s\",\"potentialAction\":[{\"@type\":\"SearchAction\",\"target\":{\"@type\":\"EntryPoint\",\"urlTemplate\":\"https:\/\/www.fondationassistanceauxanimaux.org\/actu\/?s={search_term_string}\"},\"query-input\":{\"@type\":\"PropertyValueSpecification\",\"valueRequired\":true,\"valueName\":\"search_term_string\"}}],\"inLanguage\":\"fr-FR\"},{\"@type\":\"Person\",\"@id\":\"https:\/\/www.fondationassistanceauxanimaux.org\/actu\/#\/schema\/person\/71a8476d98daaea0d71a965c5603e10b\",\"name\":\"No\u00e9\",\"image\":{\"@type\":\"ImageObject\",\"inLanguage\":\"fr-FR\",\"@id\":\"https:\/\/www.fondationassistanceauxanimaux.org\/actu\/#\/schema\/person\/image\/\",\"url\":\"https:\/\/secure.gravatar.com\/avatar\/d34cf6c6bd22b3db9c932bc580c4d1ba93c0cda7588a41b59078888ab1e5f007?s=96&d=mm&r=g\",\"contentUrl\":\"https:\/\/secure.gravatar.com\/avatar\/d34cf6c6bd22b3db9c932bc580c4d1ba93c0cda7588a41b59078888ab1e5f007?s=96&d=mm&r=g\",\"caption\":\"No\u00e9\"},\"url\":\"https:\/\/www.fondationassistanceauxanimaux.org\/actu\/author\/anne\/\"}]}<\/script>\n<!-- \/ Yoast SEO plugin. -->","yoast_head_json":{"title":"No\u00ebl des B\u00eates Abandonn\u00e9es 2017 - Fondation Assistance aux Animaux - Actualit\u00e9s","description":"La Fondation Assistance aux Animaux organise son traditionnel No\u00ebl des B\u00eates Abandonn\u00e9es les 25 et 26 novembre 2017 \u00e0 Paris. Un \u00e9v\u00e8nement \u00e0 ne pas rater !","robots":{"index":"index","follow":"follow","max-snippet":"max-snippet:-1","max-image-preview":"max-image-preview:large","max-video-preview":"max-video-preview:-1"},"canonical":"https:\/\/www.fondationassistanceauxanimaux.org\/actu\/noel-des-betes-abandonnees-2017-1416\/","og_locale":"fr_FR","og_type":"article","og_title":"No\u00ebl des B\u00eates Abandonn\u00e9es - 25 et 26 novembre","og_description":"La Fondation Assistance aux Animaux organise son traditionnel No\u00ebl des B\u00eates Abandonn\u00e9es les 25 et 26 novembre 2017 \u00e0 Paris Porte de la Villette. Un \u00e9v\u00e8nement \u00e0 ne pas rater !","og_url":"https:\/\/www.fondationassistanceauxanimaux.org\/actu\/noel-des-betes-abandonnees-2017-1416\/","og_site_name":"Fondation Assistance aux Animaux - Actualit\u00e9s","article_published_time":"2017-10-19T09:59:19+00:00","article_modified_time":"2018-11-07T11:04:56+00:00","og_image":[{"width":1000,"height":696,"url":"https:\/\/www.fondationassistanceauxanimaux.org\/actu\/wp-content\/uploads\/2017\/10\/noel-horizontale-01.jpg","type":"image\/jpeg"}],"author":"No\u00e9","twitter_card":"summary_large_image","twitter_misc":{"\u00c9crit par":"No\u00e9","Dur\u00e9e de lecture estim\u00e9e":"2 minutes"},"schema":{"@context":"https:\/\/schema.org","@graph":[{"@type":"WebPage","@id":"https:\/\/www.fondationassistanceauxanimaux.org\/actu\/noel-des-betes-abandonnees-2017-1416\/","url":"https:\/\/www.fondationassistanceauxanimaux.org\/actu\/noel-des-betes-abandonnees-2017-1416\/","name":"No\u00ebl des B\u00eates Abandonn\u00e9es 2017 - Fondation Assistance aux Animaux - Actualit\u00e9s","isPartOf":{"@id":"https:\/\/www.fondationassistanceauxanimaux.org\/actu\/#website"},"primaryImageOfPage":{"@id":"https:\/\/www.fondationassistanceauxanimaux.org\/actu\/noel-des-betes-abandonnees-2017-1416\/#primaryimage"},"image":{"@id":"https:\/\/www.fondationassistanceauxanimaux.org\/actu\/noel-des-betes-abandonnees-2017-1416\/#primaryimage"},"thumbnailUrl":"https:\/\/www.fondationassistanceauxanimaux.org\/actu\/wp-content\/uploads\/2018\/11\/Capture-d\u2019e\u0301cran-2018-11-07-a\u0300-11.22.52.png","datePublished":"2017-10-19T09:59:19+00:00","dateModified":"2018-11-07T11:04:56+00:00","author":{"@id":"https:\/\/www.fondationassistanceauxanimaux.org\/actu\/#\/schema\/person\/71a8476d98daaea0d71a965c5603e10b"},"description":"La Fondation Assistance aux Animaux organise son traditionnel No\u00ebl des B\u00eates Abandonn\u00e9es les 25 et 26 novembre 2017 \u00e0 Paris. Un \u00e9v\u00e8nement \u00e0 ne pas rater !","breadcrumb":{"@id":"https:\/\/www.fondationassistanceauxanimaux.org\/actu\/noel-des-betes-abandonnees-2017-1416\/#breadcrumb"},"inLanguage":"fr-FR","potentialAction":[{"@type":"ReadAction","target":["https:\/\/www.fondationassistanceauxanimaux.org\/actu\/noel-des-betes-abandonnees-2017-1416\/"]}]},{"@type":"ImageObject","inLanguage":"fr-FR","@id":"https:\/\/www.fondationassistanceauxanimaux.org\/actu\/noel-des-betes-abandonnees-2017-1416\/#primaryimage","url":"https:\/\/www.fondationassistanceauxanimaux.org\/actu\/wp-content\/uploads\/2018\/11\/Capture-d\u2019e\u0301cran-2018-11-07-a\u0300-11.22.52.png","contentUrl":"https:\/\/www.fondationassistanceauxanimaux.org\/actu\/wp-content\/uploads\/2018\/11\/Capture-d\u2019e\u0301cran-2018-11-07-a\u0300-11.22.52.png","width":780,"height":824},{"@type":"BreadcrumbList","@id":"https:\/\/www.fondationassistanceauxanimaux.org\/actu\/noel-des-betes-abandonnees-2017-1416\/#breadcrumb","itemListElement":[{"@type":"ListItem","position":1,"name":"Accueil","item":"https:\/\/www.fondationassistanceauxanimaux.org\/actu\/"},{"@type":"ListItem","position":2,"name":"No\u00ebl des B\u00eates Abandonn\u00e9es 2017"}]},{"@type":"WebSite","@id":"https:\/\/www.fondationassistanceauxanimaux.org\/actu\/#website","url":"https:\/\/www.fondationassistanceauxanimaux.org\/actu\/","name":"Fondation Assistance aux Animaux - Actualit\u00e9s","description":"Depuis 1930 la Fondation Assistance aux Animaux pour la d\u00e9fense et la protection des animaux maltrait\u00e9s et abandonn\u00e9s","potentialAction":[{"@type":"SearchAction","target":{"@type":"EntryPoint","urlTemplate":"https:\/\/www.fondationassistanceauxanimaux.org\/actu\/?s={search_term_string}"},"query-input":{"@type":"PropertyValueSpecification","valueRequired":true,"valueName":"search_term_string"}}],"inLanguage":"fr-FR"},{"@type":"Person","@id":"https:\/\/www.fondationassistanceauxanimaux.org\/actu\/#\/schema\/person\/71a8476d98daaea0d71a965c5603e10b","name":"No\u00e9","image":{"@type":"ImageObject","inLanguage":"fr-FR","@id":"https:\/\/www.fondationassistanceauxanimaux.org\/actu\/#\/schema\/person\/image\/","url":"https:\/\/secure.gravatar.com\/avatar\/d34cf6c6bd22b3db9c932bc580c4d1ba93c0cda7588a41b59078888ab1e5f007?s=96&d=mm&r=g","contentUrl":"https:\/\/secure.gravatar.com\/avatar\/d34cf6c6bd22b3db9c932bc580c4d1ba93c0cda7588a41b59078888ab1e5f007?s=96&d=mm&r=g","caption":"No\u00e9"},"url":"https:\/\/www.fondationassistanceauxanimaux.org\/actu\/author\/anne\/"}]}},"_links":{"self":[{"href":"https:\/\/www.fondationassistanceauxanimaux.org\/actu\/wp-json\/wp\/v2\/posts\/1416","targetHints":{"allow":["GET"]}}],"collection":[{"href":"https:\/\/www.fondationassistanceauxanimaux.org\/actu\/wp-json\/wp\/v2\/posts"}],"about":[{"href":"https:\/\/www.fondationassistanceauxanimaux.org\/actu\/wp-json\/wp\/v2\/types\/post"}],"author":[{"embeddable":true,"href":"https:\/\/www.fondationassistanceauxanimaux.org\/actu\/wp-json\/wp\/v2\/users\/3"}],"replies":[{"embeddable":true,"href":"https:\/\/www.fondationassistanceauxanimaux.org\/actu\/wp-json\/wp\/v2\/comments?post=1416"}],"version-history":[{"count":80,"href":"https:\/\/www.fondationassistanceauxanimaux.org\/actu\/wp-json\/wp\/v2\/posts\/1416\/revisions"}],"predecessor-version":[{"id":2894,"href":"https:\/\/www.fondationassistanceauxanimaux.org\/actu\/wp-json\/wp\/v2\/posts\/1416\/revisions\/2894"}],"wp:featuredmedia":[{"embeddable":true,"href":"https:\/\/www.fondationassistanceauxanimaux.org\/actu\/wp-json\/wp\/v2\/media\/2867"}],"wp:attachment":[{"href":"https:\/\/www.fondationassistanceauxanimaux.org\/actu\/wp-json\/wp\/v2\/media?parent=1416"}],"wp:term":[{"taxonomy":"category","embeddable":true,"href":"https:\/\/www.fondationassistanceauxanimaux.org\/actu\/wp-json\/wp\/v2\/categories?post=1416"},{"taxonomy":"post_tag","embeddable":true,"href":"https:\/\/www.fondationassistanceauxanimaux.org\/actu\/wp-json\/wp\/v2\/tags?post=1416"}],"curies":[{"name":"wp","href":"https:\/\/api.w.org\/{rel}","templated":true}]}}