{"id":1390,"date":"2017-10-12T11:29:00","date_gmt":"2017-10-12T09:29:00","guid":{"rendered":"http:\/\/www.fondationassistanceauxanimaux.org\/actu\/?p=1390"},"modified":"2018-08-22T23:46:26","modified_gmt":"2018-08-22T21:46:26","slug":"nenette-princesse-cochonnettes","status":"publish","type":"post","link":"https:\/\/www.fondationassistanceauxanimaux.org\/actu\/nenette-princesse-cochonnettes-1390\/","title":{"rendered":"N\u00e9nette princesse des cochonnettes"},"content":{"rendered":"\n<style type=\"text\/css\" data-created_by=\"avia_inline_auto\" id=\"style-css-av-2ylwni-c6c676a7e90768cf350b62ad2ab78bd6\">\n.avia-image-container.av-2ylwni-c6c676a7e90768cf350b62ad2ab78bd6 img.avia_image{\nbox-shadow:none;\n}\n.avia-image-container.av-2ylwni-c6c676a7e90768cf350b62ad2ab78bd6 .av-image-caption-overlay-center{\ncolor:#ffffff;\n}\n<\/style>\n<div  class='avia-image-container av-2ylwni-c6c676a7e90768cf350b62ad2ab78bd6 av-styling- avia-align-center  avia-builder-el-0  avia-builder-el-no-sibling '   itemprop=\"image\" itemscope=\"itemscope\" itemtype=\"https:\/\/schema.org\/ImageObject\" ><div class=\"avia-image-container-inner\"><div class=\"avia-image-overlay-wrap\"><img decoding=\"async\" fetchpriority=\"high\" class='wp-image-1391 avia-img-lazy-loading-not-1391 avia_image ' src=\"https:\/\/www.fondationassistanceauxanimaux.org\/actu\/wp-content\/uploads\/2017\/10\/Nenette.jpeg\" alt='' title='Nenette'  height=\"768\" width=\"1024\"  itemprop=\"thumbnailUrl\" srcset=\"https:\/\/www.fondationassistanceauxanimaux.org\/actu\/wp-content\/uploads\/2017\/10\/Nenette.jpeg 1024w, https:\/\/www.fondationassistanceauxanimaux.org\/actu\/wp-content\/uploads\/2017\/10\/Nenette-300x225.jpeg 300w, https:\/\/www.fondationassistanceauxanimaux.org\/actu\/wp-content\/uploads\/2017\/10\/Nenette-768x576.jpeg 768w, https:\/\/www.fondationassistanceauxanimaux.org\/actu\/wp-content\/uploads\/2017\/10\/Nenette-705x529.jpeg 705w, https:\/\/www.fondationassistanceauxanimaux.org\/actu\/wp-content\/uploads\/2017\/10\/Nenette-450x338.jpeg 450w\" sizes=\"(max-width: 1024px) 100vw, 1024px\" \/><\/div><\/div><\/div>\n<p>La Doyenne de nos animaux\u00a0et la reine de notre c\u0153ur s&rsquo;est endormie aujourd&rsquo;hui. Apr\u00e8s plus de 17 ans pass\u00e9s aupr\u00e8s de nous. Elle a surv\u00e9cu \u00e0 l&rsquo;enfer des abattoirs qui \u00e9taient sa destin\u00e9e tandis que les siens y ont \u00e9t\u00e9 condamn\u00e9s sans autre forme de proc\u00e8s.<\/p>\n<h3>Hommage \u00e0 N\u00e9nette, reine de la ferme de Versailles :<\/h3>\n<p>De la ferme la doyenne, de notre c\u0153ur la reine, N\u00e9nette, princesse des cochonnettes, nous avons eu l\u2019honneur de t\u2019avoir connue, le bonheur de t\u2019avoir aim\u00e9e et soutenue. D\u2019avoir re\u00e7u ton amour en retour fut un cadeau inesp\u00e9r\u00e9 \u2013 ton c\u0153ur, ce joyau de v\u00e9rit\u00e9, tout l\u2019or du monde entier ne pourrait l\u2019\u00e9galer car tu nous as tant apport\u00e9\u00a0!<\/p>\n<p>De tes petites pattes potel\u00e9es, je me souviendrai\u00a0; de ton groin tendre et amus\u00e9, je ne cesserai d\u2019y repenser. Toi qui aimais \u00ab\u00a0siester\u00a0\u00bb, ton repos \u00e9ternel m\u00e9rit\u00e9, malgr\u00e9 nos sanglots irrit\u00e9s, je sais que la terre d\u2019accueil qui t\u2019attend au ciel est encore plus belle qu\u2019imagin\u00e9e\u00a0! Ton esprit si singulier combla de bonheur notre quotidien. Tu nous as fait prendre conscience d\u2019appr\u00e9cier les petits riens, et red\u00e9fini le sens des besoins essentiels\u00a0\u2026<\/p>\n<p>Ton \u00eatre exceptionnel demeure \u00e0 tout jamais\u00a0; nous te pleurons d\u00e9sormais, mais tu nous auras fait tant rire par le pass\u00e9 ! Le respect mutuel nous a offert un lien particulier\u00a0; Je sais que tu pars l\u2019esprit tranquille et sans souffrance, mais c\u2019est un manque immense que tu vas nous laisser.<\/p>\n<blockquote><p><strong>Tu as surv\u00e9cu \u00e0 l\u2019enfer de ta destin\u00e9e, celle que les humains pr\u00e9voient pour les tiens, mal vus et condamn\u00e9s \u2013 ton c\u0153ur est pourtant si pur et attentionn\u00e9\u00a0!<\/strong><\/p><\/blockquote>\n<p>Tu as atterri dans notre paradis, et tu as fait devenir notre vie ainsi. Pas radine de c\u00e2lins, tu nous as attendris, comme lorsque tu calais ton groin entre nos mains\u2026<\/p>\n<p>Je me souviens du temps o\u00f9 la vieillesse n\u2019\u00e9tait pas encore maitresse de tes gestes, de ta silhouette au gros bidon bien rond \u2013 loin d\u2019\u00eatre svelte, tu d\u00e9filais doucement entre les hautes herbes\u00a0; puis, humant l\u2019air du vent en toute s\u00e9r\u00e9nit\u00e9, tu t\u2019arr\u00eatais&#8230; Entour\u00e9e d\u2019une l\u00e9g\u00e8re nappe de brume, tu avais l\u2019air de penser, prenant ce qu\u2019offre le temps, immobile et paisible comme si tu m\u00e9ditais sur le sens cach\u00e9 de la vie\u2026 Mais tu avais d\u00e9j\u00e0 tout compris, ma N\u00e9nette, car tu n\u2019avais besoin de rien, \u00e0 part d\u2019\u00eatre \u00e0 nos c\u00f4t\u00e9s et ceux de tes copains, \u00e0 qui tu vas aussi manquer, car, \u00e0 l\u2019avenir, sur quel fessier Doudou pourra-t-elle se coucher\u00a0?<\/p>\n<p>Se dire qu\u2019il est temps de se quitter est une \u00e9preuve \u00e0 surmonter. Tu es la preuve que l\u2019amour fait tomber le barrage du langage, car chacun de tes dires, je les comprenais\u00a0; mes pleurs, tu les s\u00e9chais, et mes rires, tu les d\u00e9clenchais\u00a0!<\/p>\n<p>Ton \u00e2me est mont\u00e9e et nos larmes ont coul\u00e9, mais tu ne seras jamais oubli\u00e9e.<\/p>\n<blockquote><p><strong>De l\u00e0-haut, contemple ton domaine, car tu y restes la reine\u00a0!<\/strong><\/p><\/blockquote>\n<p>Ma derni\u00e8re \u00e9treinte contre toi m\u2019a noy\u00e9e de chagrin, mais quoi qu\u2019il advienne, ton empreinte ne sera jamais \u00e9teinte\u2026<\/p>\n","protected":false},"excerpt":{"rendered":"<p>La Doyenne de nos animaux\u00a0et la reine de notre c\u0153ur s&rsquo;est endormie aujourd&rsquo;hui. Apr\u00e8s plus de 17 ans pass\u00e9s aupr\u00e8s de nous. Elle a surv\u00e9cu \u00e0 l&rsquo;enfer des abattoirs qui \u00e9taient sa destin\u00e9e tandis que les siens y ont \u00e9t\u00e9 condamn\u00e9s sans autre forme de proc\u00e8s. Hommage \u00e0 N\u00e9nette, reine de la ferme de Versailles [&hellip;]<\/p>\n","protected":false},"author":3,"featured_media":1391,"comment_status":"closed","ping_status":"closed","sticky":false,"template":"","format":"standard","meta":{"footnotes":""},"categories":[3],"tags":[97],"class_list":["post-1390","post","type-post","status-publish","format-standard","has-post-thumbnail","hentry","category-ferme-pedagogique-de-versailles","tag-cochon-animal-ferme"],"yoast_head":"<!-- This site is optimized with the Yoast SEO plugin v24.5 - https:\/\/yoast.com\/wordpress\/plugins\/seo\/ -->\n<title>N\u00e9nette princesse des cochonnettes - Fondation Assistance aux Animaux - Actualit\u00e9s<\/title>\n<meta name=\"robots\" content=\"index, follow, max-snippet:-1, max-image-preview:large, max-video-preview:-1\" \/>\n<link rel=\"canonical\" href=\"https:\/\/www.fondationassistanceauxanimaux.org\/actu\/nenette-princesse-cochonnettes-1390\/\" \/>\n<meta property=\"og:locale\" content=\"fr_FR\" \/>\n<meta property=\"og:type\" content=\"article\" \/>\n<meta property=\"og:title\" content=\"N\u00e9nette princesse des cochonnettes - Fondation Assistance aux Animaux - Actualit\u00e9s\" \/>\n<meta property=\"og:description\" content=\"La Doyenne de nos animaux\u00a0et la reine de notre c\u0153ur s&rsquo;est endormie aujourd&rsquo;hui. Apr\u00e8s plus de 17 ans pass\u00e9s aupr\u00e8s de nous. Elle a surv\u00e9cu \u00e0 l&rsquo;enfer des abattoirs qui \u00e9taient sa destin\u00e9e tandis que les siens y ont \u00e9t\u00e9 condamn\u00e9s sans autre forme de proc\u00e8s. Hommage \u00e0 N\u00e9nette, reine de la ferme de Versailles [&hellip;]\" \/>\n<meta property=\"og:url\" content=\"https:\/\/www.fondationassistanceauxanimaux.org\/actu\/nenette-princesse-cochonnettes-1390\/\" \/>\n<meta property=\"og:site_name\" content=\"Fondation Assistance aux Animaux - Actualit\u00e9s\" \/>\n<meta property=\"article:published_time\" content=\"2017-10-12T09:29:00+00:00\" \/>\n<meta property=\"article:modified_time\" content=\"2018-08-22T21:46:26+00:00\" \/>\n<meta property=\"og:image\" content=\"https:\/\/www.fondationassistanceauxanimaux.org\/actu\/wp-content\/uploads\/2017\/10\/Nenette.jpeg\" \/>\n\t<meta property=\"og:image:width\" content=\"1024\" \/>\n\t<meta property=\"og:image:height\" content=\"768\" \/>\n\t<meta property=\"og:image:type\" content=\"image\/jpeg\" \/>\n<meta name=\"author\" content=\"No\u00e9\" \/>\n<meta name=\"twitter:card\" content=\"summary_large_image\" \/>\n<meta name=\"twitter:label1\" content=\"\u00c9crit par\" \/>\n\t<meta name=\"twitter:data1\" content=\"No\u00e9\" \/>\n\t<meta name=\"twitter:label2\" content=\"Dur\u00e9e de lecture estim\u00e9e\" \/>\n\t<meta name=\"twitter:data2\" content=\"3 minutes\" \/>\n<script type=\"application\/ld+json\" class=\"yoast-schema-graph\">{\"@context\":\"https:\/\/schema.org\",\"@graph\":[{\"@type\":\"WebPage\",\"@id\":\"https:\/\/www.fondationassistanceauxanimaux.org\/actu\/nenette-princesse-cochonnettes-1390\/\",\"url\":\"https:\/\/www.fondationassistanceauxanimaux.org\/actu\/nenette-princesse-cochonnettes-1390\/\",\"name\":\"N\u00e9nette princesse des cochonnettes - Fondation Assistance aux Animaux - Actualit\u00e9s\",\"isPartOf\":{\"@id\":\"https:\/\/www.fondationassistanceauxanimaux.org\/actu\/#website\"},\"primaryImageOfPage\":{\"@id\":\"https:\/\/www.fondationassistanceauxanimaux.org\/actu\/nenette-princesse-cochonnettes-1390\/#primaryimage\"},\"image\":{\"@id\":\"https:\/\/www.fondationassistanceauxanimaux.org\/actu\/nenette-princesse-cochonnettes-1390\/#primaryimage\"},\"thumbnailUrl\":\"https:\/\/www.fondationassistanceauxanimaux.org\/actu\/wp-content\/uploads\/2017\/10\/Nenette.jpeg\",\"datePublished\":\"2017-10-12T09:29:00+00:00\",\"dateModified\":\"2018-08-22T21:46:26+00:00\",\"author\":{\"@id\":\"https:\/\/www.fondationassistanceauxanimaux.org\/actu\/#\/schema\/person\/71a8476d98daaea0d71a965c5603e10b\"},\"breadcrumb\":{\"@id\":\"https:\/\/www.fondationassistanceauxanimaux.org\/actu\/nenette-princesse-cochonnettes-1390\/#breadcrumb\"},\"inLanguage\":\"fr-FR\",\"potentialAction\":[{\"@type\":\"ReadAction\",\"target\":[\"https:\/\/www.fondationassistanceauxanimaux.org\/actu\/nenette-princesse-cochonnettes-1390\/\"]}]},{\"@type\":\"ImageObject\",\"inLanguage\":\"fr-FR\",\"@id\":\"https:\/\/www.fondationassistanceauxanimaux.org\/actu\/nenette-princesse-cochonnettes-1390\/#primaryimage\",\"url\":\"https:\/\/www.fondationassistanceauxanimaux.org\/actu\/wp-content\/uploads\/2017\/10\/Nenette.jpeg\",\"contentUrl\":\"https:\/\/www.fondationassistanceauxanimaux.org\/actu\/wp-content\/uploads\/2017\/10\/Nenette.jpeg\",\"width\":1024,\"height\":768},{\"@type\":\"BreadcrumbList\",\"@id\":\"https:\/\/www.fondationassistanceauxanimaux.org\/actu\/nenette-princesse-cochonnettes-1390\/#breadcrumb\",\"itemListElement\":[{\"@type\":\"ListItem\",\"position\":1,\"name\":\"Accueil\",\"item\":\"https:\/\/www.fondationassistanceauxanimaux.org\/actu\/\"},{\"@type\":\"ListItem\",\"position\":2,\"name\":\"N\u00e9nette princesse des cochonnettes\"}]},{\"@type\":\"WebSite\",\"@id\":\"https:\/\/www.fondationassistanceauxanimaux.org\/actu\/#website\",\"url\":\"https:\/\/www.fondationassistanceauxanimaux.org\/actu\/\",\"name\":\"Fondation Assistance aux Animaux - Actualit\u00e9s\",\"description\":\"Depuis 1930 la Fondation Assistance aux Animaux pour la d\u00e9fense et la protection des animaux maltrait\u00e9s et abandonn\u00e9s\",\"potentialAction\":[{\"@type\":\"SearchAction\",\"target\":{\"@type\":\"EntryPoint\",\"urlTemplate\":\"https:\/\/www.fondationassistanceauxanimaux.org\/actu\/?s={search_term_string}\"},\"query-input\":{\"@type\":\"PropertyValueSpecification\",\"valueRequired\":true,\"valueName\":\"search_term_string\"}}],\"inLanguage\":\"fr-FR\"},{\"@type\":\"Person\",\"@id\":\"https:\/\/www.fondationassistanceauxanimaux.org\/actu\/#\/schema\/person\/71a8476d98daaea0d71a965c5603e10b\",\"name\":\"No\u00e9\",\"image\":{\"@type\":\"ImageObject\",\"inLanguage\":\"fr-FR\",\"@id\":\"https:\/\/www.fondationassistanceauxanimaux.org\/actu\/#\/schema\/person\/image\/\",\"url\":\"https:\/\/secure.gravatar.com\/avatar\/d34cf6c6bd22b3db9c932bc580c4d1ba93c0cda7588a41b59078888ab1e5f007?s=96&d=mm&r=g\",\"contentUrl\":\"https:\/\/secure.gravatar.com\/avatar\/d34cf6c6bd22b3db9c932bc580c4d1ba93c0cda7588a41b59078888ab1e5f007?s=96&d=mm&r=g\",\"caption\":\"No\u00e9\"},\"url\":\"https:\/\/www.fondationassistanceauxanimaux.org\/actu\/author\/anne\/\"}]}<\/script>\n<!-- \/ Yoast SEO plugin. -->","yoast_head_json":{"title":"N\u00e9nette princesse des cochonnettes - Fondation Assistance aux Animaux - Actualit\u00e9s","robots":{"index":"index","follow":"follow","max-snippet":"max-snippet:-1","max-image-preview":"max-image-preview:large","max-video-preview":"max-video-preview:-1"},"canonical":"https:\/\/www.fondationassistanceauxanimaux.org\/actu\/nenette-princesse-cochonnettes-1390\/","og_locale":"fr_FR","og_type":"article","og_title":"N\u00e9nette princesse des cochonnettes - Fondation Assistance aux Animaux - Actualit\u00e9s","og_description":"La Doyenne de nos animaux\u00a0et la reine de notre c\u0153ur s&rsquo;est endormie aujourd&rsquo;hui. Apr\u00e8s plus de 17 ans pass\u00e9s aupr\u00e8s de nous. Elle a surv\u00e9cu \u00e0 l&rsquo;enfer des abattoirs qui \u00e9taient sa destin\u00e9e tandis que les siens y ont \u00e9t\u00e9 condamn\u00e9s sans autre forme de proc\u00e8s. Hommage \u00e0 N\u00e9nette, reine de la ferme de Versailles [&hellip;]","og_url":"https:\/\/www.fondationassistanceauxanimaux.org\/actu\/nenette-princesse-cochonnettes-1390\/","og_site_name":"Fondation Assistance aux Animaux - Actualit\u00e9s","article_published_time":"2017-10-12T09:29:00+00:00","article_modified_time":"2018-08-22T21:46:26+00:00","og_image":[{"width":1024,"height":768,"url":"https:\/\/www.fondationassistanceauxanimaux.org\/actu\/wp-content\/uploads\/2017\/10\/Nenette.jpeg","type":"image\/jpeg"}],"author":"No\u00e9","twitter_card":"summary_large_image","twitter_misc":{"\u00c9crit par":"No\u00e9","Dur\u00e9e de lecture estim\u00e9e":"3 minutes"},"schema":{"@context":"https:\/\/schema.org","@graph":[{"@type":"WebPage","@id":"https:\/\/www.fondationassistanceauxanimaux.org\/actu\/nenette-princesse-cochonnettes-1390\/","url":"https:\/\/www.fondationassistanceauxanimaux.org\/actu\/nenette-princesse-cochonnettes-1390\/","name":"N\u00e9nette princesse des cochonnettes - Fondation Assistance aux Animaux - Actualit\u00e9s","isPartOf":{"@id":"https:\/\/www.fondationassistanceauxanimaux.org\/actu\/#website"},"primaryImageOfPage":{"@id":"https:\/\/www.fondationassistanceauxanimaux.org\/actu\/nenette-princesse-cochonnettes-1390\/#primaryimage"},"image":{"@id":"https:\/\/www.fondationassistanceauxanimaux.org\/actu\/nenette-princesse-cochonnettes-1390\/#primaryimage"},"thumbnailUrl":"https:\/\/www.fondationassistanceauxanimaux.org\/actu\/wp-content\/uploads\/2017\/10\/Nenette.jpeg","datePublished":"2017-10-12T09:29:00+00:00","dateModified":"2018-08-22T21:46:26+00:00","author":{"@id":"https:\/\/www.fondationassistanceauxanimaux.org\/actu\/#\/schema\/person\/71a8476d98daaea0d71a965c5603e10b"},"breadcrumb":{"@id":"https:\/\/www.fondationassistanceauxanimaux.org\/actu\/nenette-princesse-cochonnettes-1390\/#breadcrumb"},"inLanguage":"fr-FR","potentialAction":[{"@type":"ReadAction","target":["https:\/\/www.fondationassistanceauxanimaux.org\/actu\/nenette-princesse-cochonnettes-1390\/"]}]},{"@type":"ImageObject","inLanguage":"fr-FR","@id":"https:\/\/www.fondationassistanceauxanimaux.org\/actu\/nenette-princesse-cochonnettes-1390\/#primaryimage","url":"https:\/\/www.fondationassistanceauxanimaux.org\/actu\/wp-content\/uploads\/2017\/10\/Nenette.jpeg","contentUrl":"https:\/\/www.fondationassistanceauxanimaux.org\/actu\/wp-content\/uploads\/2017\/10\/Nenette.jpeg","width":1024,"height":768},{"@type":"BreadcrumbList","@id":"https:\/\/www.fondationassistanceauxanimaux.org\/actu\/nenette-princesse-cochonnettes-1390\/#breadcrumb","itemListElement":[{"@type":"ListItem","position":1,"name":"Accueil","item":"https:\/\/www.fondationassistanceauxanimaux.org\/actu\/"},{"@type":"ListItem","position":2,"name":"N\u00e9nette princesse des cochonnettes"}]},{"@type":"WebSite","@id":"https:\/\/www.fondationassistanceauxanimaux.org\/actu\/#website","url":"https:\/\/www.fondationassistanceauxanimaux.org\/actu\/","name":"Fondation Assistance aux Animaux - Actualit\u00e9s","description":"Depuis 1930 la Fondation Assistance aux Animaux pour la d\u00e9fense et la protection des animaux maltrait\u00e9s et abandonn\u00e9s","potentialAction":[{"@type":"SearchAction","target":{"@type":"EntryPoint","urlTemplate":"https:\/\/www.fondationassistanceauxanimaux.org\/actu\/?s={search_term_string}"},"query-input":{"@type":"PropertyValueSpecification","valueRequired":true,"valueName":"search_term_string"}}],"inLanguage":"fr-FR"},{"@type":"Person","@id":"https:\/\/www.fondationassistanceauxanimaux.org\/actu\/#\/schema\/person\/71a8476d98daaea0d71a965c5603e10b","name":"No\u00e9","image":{"@type":"ImageObject","inLanguage":"fr-FR","@id":"https:\/\/www.fondationassistanceauxanimaux.org\/actu\/#\/schema\/person\/image\/","url":"https:\/\/secure.gravatar.com\/avatar\/d34cf6c6bd22b3db9c932bc580c4d1ba93c0cda7588a41b59078888ab1e5f007?s=96&d=mm&r=g","contentUrl":"https:\/\/secure.gravatar.com\/avatar\/d34cf6c6bd22b3db9c932bc580c4d1ba93c0cda7588a41b59078888ab1e5f007?s=96&d=mm&r=g","caption":"No\u00e9"},"url":"https:\/\/www.fondationassistanceauxanimaux.org\/actu\/author\/anne\/"}]}},"_links":{"self":[{"href":"https:\/\/www.fondationassistanceauxanimaux.org\/actu\/wp-json\/wp\/v2\/posts\/1390","targetHints":{"allow":["GET"]}}],"collection":[{"href":"https:\/\/www.fondationassistanceauxanimaux.org\/actu\/wp-json\/wp\/v2\/posts"}],"about":[{"href":"https:\/\/www.fondationassistanceauxanimaux.org\/actu\/wp-json\/wp\/v2\/types\/post"}],"author":[{"embeddable":true,"href":"https:\/\/www.fondationassistanceauxanimaux.org\/actu\/wp-json\/wp\/v2\/users\/3"}],"replies":[{"embeddable":true,"href":"https:\/\/www.fondationassistanceauxanimaux.org\/actu\/wp-json\/wp\/v2\/comments?post=1390"}],"version-history":[{"count":23,"href":"https:\/\/www.fondationassistanceauxanimaux.org\/actu\/wp-json\/wp\/v2\/posts\/1390\/revisions"}],"predecessor-version":[{"id":2334,"href":"https:\/\/www.fondationassistanceauxanimaux.org\/actu\/wp-json\/wp\/v2\/posts\/1390\/revisions\/2334"}],"wp:featuredmedia":[{"embeddable":true,"href":"https:\/\/www.fondationassistanceauxanimaux.org\/actu\/wp-json\/wp\/v2\/media\/1391"}],"wp:attachment":[{"href":"https:\/\/www.fondationassistanceauxanimaux.org\/actu\/wp-json\/wp\/v2\/media?parent=1390"}],"wp:term":[{"taxonomy":"category","embeddable":true,"href":"https:\/\/www.fondationassistanceauxanimaux.org\/actu\/wp-json\/wp\/v2\/categories?post=1390"},{"taxonomy":"post_tag","embeddable":true,"href":"https:\/\/www.fondationassistanceauxanimaux.org\/actu\/wp-json\/wp\/v2\/tags?post=1390"}],"curies":[{"name":"wp","href":"https:\/\/api.w.org\/{rel}","templated":true}]}}