{"id":1325,"date":"2017-10-03T13:10:26","date_gmt":"2017-10-03T11:10:26","guid":{"rendered":"http:\/\/www.fondationassistanceauxanimaux.org\/actu\/?p=1325"},"modified":"2018-08-22T23:46:26","modified_gmt":"2018-08-22T21:46:26","slug":"elevage-clandestin-plus-de-60-chiens-secourus-appel-a-ladoption","status":"publish","type":"post","link":"https:\/\/www.fondationassistanceauxanimaux.org\/actu\/elevage-clandestin-plus-de-60-chiens-secourus-appel-a-ladoption-1325\/","title":{"rendered":"Elevage clandestin : plus de 60 chiens secourus. Appel \u00e0 l&rsquo;adoption !"},"content":{"rendered":"\n<style type=\"text\/css\" data-created_by=\"avia_inline_auto\" id=\"style-css-av-y03dp-b2f660ec6f751f1be8f218231b10b0fa\">\n.avia-image-container.av-y03dp-b2f660ec6f751f1be8f218231b10b0fa img.avia_image{\nbox-shadow:none;\n}\n.avia-image-container.av-y03dp-b2f660ec6f751f1be8f218231b10b0fa .av-image-caption-overlay-center{\ncolor:#ffffff;\n}\n<\/style>\n<div  class='avia-image-container av-y03dp-b2f660ec6f751f1be8f218231b10b0fa av-styling- avia-align-center  avia-builder-el-0  el_before_av_heading  avia-builder-el-first '   itemprop=\"image\" itemscope=\"itemscope\" itemtype=\"https:\/\/schema.org\/ImageObject\" ><div class=\"avia-image-container-inner\"><div class=\"avia-image-overlay-wrap\"><img decoding=\"async\" fetchpriority=\"high\" class='wp-image-1343 avia-img-lazy-loading-not-1343 avia_image ' src=\"https:\/\/www.fondationassistanceauxanimaux.org\/actu\/wp-content\/uploads\/2017\/10\/sauvetage-02.jpg\" alt='sauvetage adoption chien' title='sauvetage-02'  height=\"397\" width=\"600\"  itemprop=\"thumbnailUrl\" srcset=\"https:\/\/www.fondationassistanceauxanimaux.org\/actu\/wp-content\/uploads\/2017\/10\/sauvetage-02.jpg 600w, https:\/\/www.fondationassistanceauxanimaux.org\/actu\/wp-content\/uploads\/2017\/10\/sauvetage-02-300x199.jpg 300w, https:\/\/www.fondationassistanceauxanimaux.org\/actu\/wp-content\/uploads\/2017\/10\/sauvetage-02-450x298.jpg 450w\" sizes=\"(max-width: 600px) 100vw, 600px\" \/><\/div><\/div><\/div>\n\n<style type=\"text\/css\" data-created_by=\"avia_inline_auto\" id=\"style-css-av-80k6sd-9bae44dce919e9519d32b6b0e0772613\">\n#top .av-special-heading.av-80k6sd-9bae44dce919e9519d32b6b0e0772613{\npadding-bottom:10px;\n}\nbody .av-special-heading.av-80k6sd-9bae44dce919e9519d32b6b0e0772613 .av-special-heading-tag .heading-char{\nfont-size:25px;\n}\n.av-special-heading.av-80k6sd-9bae44dce919e9519d32b6b0e0772613 .av-subheading{\nfont-size:15px;\n}\n<\/style>\n<div  class='av-special-heading av-80k6sd-9bae44dce919e9519d32b6b0e0772613 av-special-heading-h3  avia-builder-el-1  el_after_av_image  el_before_av_gallery '><h3 class='av-special-heading-tag '  itemprop=\"headline\"  >60 chiens arriv\u00e9s dans nos refuge ce jeudi 28 septembre attendent une famille :<\/h3><div class=\"special-heading-border\"><div class=\"special-heading-inner-border\"><\/div><\/div><\/div>\n<p>La Fondation Assistance aux Animaux accompagn\u00e9e des services v\u00e9t\u00e9rinaires des deux s\u00e8vres est intervenue non loin de Bressuire (79) afin de prendre en charge plus de 60 chiens, des Setter et des Malinois, chez une \u00e9leveuse non d\u00e9clar\u00e9e du d\u00e9partement.<\/p>\n<p>D\u00e9tenus dans des conditions inadapt\u00e9es et sources de souffrance, les chiens \u00e9taient parqu\u00e9s en surnombre dans des espaces r\u00e9duits jonch\u00e9s d\u2019excr\u00e9ments o\u00f9 r\u00e9gnaient la loi du plus fort.\u00a0 Leur propri\u00e9taire s\u2019\u00e9tait compl\u00e8tement laiss\u00e9e d\u00e9passer par le nombre d\u2019animaux et ne maitrisait plus du tout son \u00e9levage.<\/p>\n<p>Ce sauvetage, qui a n\u00e9cessit\u00e9 la mise en \u0153uvre d\u2019importants moyens par la Fondation, s\u2019est d\u00e9roul\u00e9 jeudi dernier. Les membres de la Fondation ont d\u00fb user de patience et d\u2019endurance afin de pouvoir attraper et secourir ces animaux qui, pour la plupart, ne connaissaient pas vraiment l\u2019\u00eatre humain.<\/p>\n\n<style type=\"text\/css\" data-created_by=\"avia_inline_auto\" id=\"style-css-av-5ldwe5-1abd874421f797f95e77d610aa3c40a6\">\n#top .avia-gallery.av-5ldwe5-1abd874421f797f95e77d610aa3c40a6 .avia-gallery-thumb a{\nwidth:20%;\n}\n<\/style>\n<div  class='avia-gallery av-5ldwe5-1abd874421f797f95e77d610aa3c40a6 avia_animate_when_visible  avia-builder-el-2  el_after_av_heading  el_before_av_font_icon  avia_lazyload avia-gallery-animate avia-gallery-1'  itemprop=\"image\" itemscope=\"itemscope\" itemtype=\"https:\/\/schema.org\/ImageObject\" ><meta itemprop=\"contentURL\" content=\"https:\/\/www.fondationassistanceauxanimaux.org\/actu\/elevage-clandestin-plus-de-60-chiens-secourus-appel-a-ladoption-1325\/\"><div class='avia-gallery-thumb'><a href=\"https:\/\/www.fondationassistanceauxanimaux.org\/actu\/wp-content\/uploads\/2017\/10\/sauvetage-10.jpg\" data-srcset=\"https:\/\/www.fondationassistanceauxanimaux.org\/actu\/wp-content\/uploads\/2017\/10\/sauvetage-10.jpg 600w, https:\/\/www.fondationassistanceauxanimaux.org\/actu\/wp-content\/uploads\/2017\/10\/sauvetage-10-300x199.jpg 300w, https:\/\/www.fondationassistanceauxanimaux.org\/actu\/wp-content\/uploads\/2017\/10\/sauvetage-10-450x298.jpg 450w\" data-sizes=\"(max-width: 600px) 100vw, 600px\" data-rel='gallery-1' data-prev-img='https:\/\/www.fondationassistanceauxanimaux.org\/actu\/wp-content\/uploads\/2017\/10\/sauvetage-10-495x397.jpg' class='first_thumb lightbox ' data-onclick='1' title='sauvetage-10'  itemprop=\"thumbnailUrl\"  ><img decoding=\"async\" fetchpriority=\"high\" class=\"wp-image-1349 avia-img-lazy-loading-not-1349\"   src=\"https:\/\/www.fondationassistanceauxanimaux.org\/actu\/wp-content\/uploads\/2017\/10\/sauvetage-10-120x120.jpg\" width=\"120\" height=\"120\"  title='sauvetage-10' alt='' srcset=\"https:\/\/www.fondationassistanceauxanimaux.org\/actu\/wp-content\/uploads\/2017\/10\/sauvetage-10-120x120.jpg 120w, https:\/\/www.fondationassistanceauxanimaux.org\/actu\/wp-content\/uploads\/2017\/10\/sauvetage-10-80x80.jpg 80w, https:\/\/www.fondationassistanceauxanimaux.org\/actu\/wp-content\/uploads\/2017\/10\/sauvetage-10-36x36.jpg 36w, https:\/\/www.fondationassistanceauxanimaux.org\/actu\/wp-content\/uploads\/2017\/10\/sauvetage-10-180x180.jpg 180w\" sizes=\"(max-width: 120px) 100vw, 120px\" \/><div class='big-prev-fake'><img decoding=\"async\" loading=\"lazy\" class=\"wp-image-1349 avia-img-lazy-loading-1349\"  width=\"495\" height=\"397\" src=\"https:\/\/www.fondationassistanceauxanimaux.org\/actu\/wp-content\/uploads\/2017\/10\/sauvetage-10-495x397.jpg\" title='sauvetage-10' alt='' \/><\/div><\/a><a href=\"https:\/\/www.fondationassistanceauxanimaux.org\/actu\/wp-content\/uploads\/2017\/10\/sauvetage-08.jpg\" data-srcset=\"https:\/\/www.fondationassistanceauxanimaux.org\/actu\/wp-content\/uploads\/2017\/10\/sauvetage-08.jpg 600w, https:\/\/www.fondationassistanceauxanimaux.org\/actu\/wp-content\/uploads\/2017\/10\/sauvetage-08-300x199.jpg 300w, https:\/\/www.fondationassistanceauxanimaux.org\/actu\/wp-content\/uploads\/2017\/10\/sauvetage-08-450x298.jpg 450w\" data-sizes=\"(max-width: 600px) 100vw, 600px\" data-rel='gallery-1' data-prev-img='https:\/\/www.fondationassistanceauxanimaux.org\/actu\/wp-content\/uploads\/2017\/10\/sauvetage-08-495x397.jpg' class='lightbox ' data-onclick='2' title='sauvetage-08'  itemprop=\"thumbnailUrl\"  ><img decoding=\"async\" fetchpriority=\"high\" class=\"wp-image-1348 avia-img-lazy-loading-not-1348\"   src=\"https:\/\/www.fondationassistanceauxanimaux.org\/actu\/wp-content\/uploads\/2017\/10\/sauvetage-08-120x120.jpg\" width=\"120\" height=\"120\"  title='sauvetage-08' alt='' srcset=\"https:\/\/www.fondationassistanceauxanimaux.org\/actu\/wp-content\/uploads\/2017\/10\/sauvetage-08-120x120.jpg 120w, https:\/\/www.fondationassistanceauxanimaux.org\/actu\/wp-content\/uploads\/2017\/10\/sauvetage-08-80x80.jpg 80w, https:\/\/www.fondationassistanceauxanimaux.org\/actu\/wp-content\/uploads\/2017\/10\/sauvetage-08-36x36.jpg 36w, https:\/\/www.fondationassistanceauxanimaux.org\/actu\/wp-content\/uploads\/2017\/10\/sauvetage-08-180x180.jpg 180w\" sizes=\"(max-width: 120px) 100vw, 120px\" \/><div class='big-prev-fake'><img decoding=\"async\" loading=\"lazy\" class=\"wp-image-1348 avia-img-lazy-loading-1348\"  width=\"495\" height=\"397\" src=\"https:\/\/www.fondationassistanceauxanimaux.org\/actu\/wp-content\/uploads\/2017\/10\/sauvetage-08-495x397.jpg\" title='sauvetage-08' alt='' \/><\/div><\/a><a href=\"https:\/\/www.fondationassistanceauxanimaux.org\/actu\/wp-content\/uploads\/2017\/10\/sauvetage-07.jpg\" data-srcset=\"https:\/\/www.fondationassistanceauxanimaux.org\/actu\/wp-content\/uploads\/2017\/10\/sauvetage-07.jpg 600w, https:\/\/www.fondationassistanceauxanimaux.org\/actu\/wp-content\/uploads\/2017\/10\/sauvetage-07-300x199.jpg 300w, https:\/\/www.fondationassistanceauxanimaux.org\/actu\/wp-content\/uploads\/2017\/10\/sauvetage-07-450x298.jpg 450w\" data-sizes=\"(max-width: 600px) 100vw, 600px\" data-rel='gallery-1' data-prev-img='https:\/\/www.fondationassistanceauxanimaux.org\/actu\/wp-content\/uploads\/2017\/10\/sauvetage-07-495x397.jpg' class='lightbox ' data-onclick='3' title='sauvetage-07'  itemprop=\"thumbnailUrl\"  ><img decoding=\"async\" fetchpriority=\"high\" class=\"wp-image-1347 avia-img-lazy-loading-not-1347\"   src=\"https:\/\/www.fondationassistanceauxanimaux.org\/actu\/wp-content\/uploads\/2017\/10\/sauvetage-07-120x120.jpg\" width=\"120\" height=\"120\"  title='sauvetage-07' alt='' srcset=\"https:\/\/www.fondationassistanceauxanimaux.org\/actu\/wp-content\/uploads\/2017\/10\/sauvetage-07-120x120.jpg 120w, https:\/\/www.fondationassistanceauxanimaux.org\/actu\/wp-content\/uploads\/2017\/10\/sauvetage-07-80x80.jpg 80w, https:\/\/www.fondationassistanceauxanimaux.org\/actu\/wp-content\/uploads\/2017\/10\/sauvetage-07-36x36.jpg 36w, https:\/\/www.fondationassistanceauxanimaux.org\/actu\/wp-content\/uploads\/2017\/10\/sauvetage-07-180x180.jpg 180w\" sizes=\"(max-width: 120px) 100vw, 120px\" \/><div class='big-prev-fake'><img decoding=\"async\" loading=\"lazy\" class=\"wp-image-1347 avia-img-lazy-loading-1347\"  width=\"495\" height=\"397\" src=\"https:\/\/www.fondationassistanceauxanimaux.org\/actu\/wp-content\/uploads\/2017\/10\/sauvetage-07-495x397.jpg\" title='sauvetage-07' alt='' \/><\/div><\/a><a href=\"https:\/\/www.fondationassistanceauxanimaux.org\/actu\/wp-content\/uploads\/2017\/10\/sauvetage-06.jpg\" data-srcset=\"https:\/\/www.fondationassistanceauxanimaux.org\/actu\/wp-content\/uploads\/2017\/10\/sauvetage-06.jpg 600w, https:\/\/www.fondationassistanceauxanimaux.org\/actu\/wp-content\/uploads\/2017\/10\/sauvetage-06-300x199.jpg 300w, https:\/\/www.fondationassistanceauxanimaux.org\/actu\/wp-content\/uploads\/2017\/10\/sauvetage-06-450x298.jpg 450w\" data-sizes=\"(max-width: 600px) 100vw, 600px\" data-rel='gallery-1' data-prev-img='https:\/\/www.fondationassistanceauxanimaux.org\/actu\/wp-content\/uploads\/2017\/10\/sauvetage-06-495x397.jpg' class='lightbox ' data-onclick='4' title='sauvetage-06'  itemprop=\"thumbnailUrl\"  ><img decoding=\"async\" fetchpriority=\"high\" class=\"wp-image-1346 avia-img-lazy-loading-not-1346\"   src=\"https:\/\/www.fondationassistanceauxanimaux.org\/actu\/wp-content\/uploads\/2017\/10\/sauvetage-06-120x120.jpg\" width=\"120\" height=\"120\"  title='sauvetage-06' alt='' srcset=\"https:\/\/www.fondationassistanceauxanimaux.org\/actu\/wp-content\/uploads\/2017\/10\/sauvetage-06-120x120.jpg 120w, https:\/\/www.fondationassistanceauxanimaux.org\/actu\/wp-content\/uploads\/2017\/10\/sauvetage-06-80x80.jpg 80w, https:\/\/www.fondationassistanceauxanimaux.org\/actu\/wp-content\/uploads\/2017\/10\/sauvetage-06-36x36.jpg 36w, https:\/\/www.fondationassistanceauxanimaux.org\/actu\/wp-content\/uploads\/2017\/10\/sauvetage-06-180x180.jpg 180w\" sizes=\"(max-width: 120px) 100vw, 120px\" \/><div class='big-prev-fake'><img decoding=\"async\" loading=\"lazy\" class=\"wp-image-1346 avia-img-lazy-loading-1346\"  width=\"495\" height=\"397\" src=\"https:\/\/www.fondationassistanceauxanimaux.org\/actu\/wp-content\/uploads\/2017\/10\/sauvetage-06-495x397.jpg\" title='sauvetage-06' alt='' \/><\/div><\/a><a href=\"https:\/\/www.fondationassistanceauxanimaux.org\/actu\/wp-content\/uploads\/2017\/10\/sauvetage-05.jpg\" data-srcset=\"https:\/\/www.fondationassistanceauxanimaux.org\/actu\/wp-content\/uploads\/2017\/10\/sauvetage-05.jpg 600w, https:\/\/www.fondationassistanceauxanimaux.org\/actu\/wp-content\/uploads\/2017\/10\/sauvetage-05-199x300.jpg 199w, https:\/\/www.fondationassistanceauxanimaux.org\/actu\/wp-content\/uploads\/2017\/10\/sauvetage-05-467x705.jpg 467w, https:\/\/www.fondationassistanceauxanimaux.org\/actu\/wp-content\/uploads\/2017\/10\/sauvetage-05-450x680.jpg 450w\" data-sizes=\"(max-width: 600px) 100vw, 600px\" data-rel='gallery-1' data-prev-img='https:\/\/www.fondationassistanceauxanimaux.org\/actu\/wp-content\/uploads\/2017\/10\/sauvetage-05-495x400.jpg' class='lightbox ' data-onclick='5' title='sauvetage-05'  itemprop=\"thumbnailUrl\"  ><img decoding=\"async\" fetchpriority=\"high\" class=\"wp-image-1345 avia-img-lazy-loading-not-1345\"   src=\"https:\/\/www.fondationassistanceauxanimaux.org\/actu\/wp-content\/uploads\/2017\/10\/sauvetage-05-120x120.jpg\" width=\"120\" height=\"120\"  title='sauvetage-05' alt='adoption sauvetage chiens' srcset=\"https:\/\/www.fondationassistanceauxanimaux.org\/actu\/wp-content\/uploads\/2017\/10\/sauvetage-05-120x120.jpg 120w, https:\/\/www.fondationassistanceauxanimaux.org\/actu\/wp-content\/uploads\/2017\/10\/sauvetage-05-80x80.jpg 80w, https:\/\/www.fondationassistanceauxanimaux.org\/actu\/wp-content\/uploads\/2017\/10\/sauvetage-05-36x36.jpg 36w, https:\/\/www.fondationassistanceauxanimaux.org\/actu\/wp-content\/uploads\/2017\/10\/sauvetage-05-180x180.jpg 180w, https:\/\/www.fondationassistanceauxanimaux.org\/actu\/wp-content\/uploads\/2017\/10\/sauvetage-05-450x450.jpg 450w\" sizes=\"(max-width: 120px) 100vw, 120px\" \/><div class='big-prev-fake'><img decoding=\"async\" loading=\"lazy\" class=\"wp-image-1345 avia-img-lazy-loading-1345\"  width=\"495\" height=\"400\" src=\"https:\/\/www.fondationassistanceauxanimaux.org\/actu\/wp-content\/uploads\/2017\/10\/sauvetage-05-495x400.jpg\" title='sauvetage-05' alt='adoption sauvetage chiens' \/><\/div><\/a><a href=\"https:\/\/www.fondationassistanceauxanimaux.org\/actu\/wp-content\/uploads\/2017\/10\/sauvetage-04.jpg\" data-srcset=\"https:\/\/www.fondationassistanceauxanimaux.org\/actu\/wp-content\/uploads\/2017\/10\/sauvetage-04.jpg 600w, https:\/\/www.fondationassistanceauxanimaux.org\/actu\/wp-content\/uploads\/2017\/10\/sauvetage-04-300x199.jpg 300w, https:\/\/www.fondationassistanceauxanimaux.org\/actu\/wp-content\/uploads\/2017\/10\/sauvetage-04-450x298.jpg 450w\" data-sizes=\"(max-width: 600px) 100vw, 600px\" data-rel='gallery-1' data-prev-img='https:\/\/www.fondationassistanceauxanimaux.org\/actu\/wp-content\/uploads\/2017\/10\/sauvetage-04-495x397.jpg' class='first_thumb lightbox ' data-onclick='6' title='sauvetage-04'  itemprop=\"thumbnailUrl\"  ><img decoding=\"async\" fetchpriority=\"high\" class=\"wp-image-1344 avia-img-lazy-loading-not-1344\"   src=\"https:\/\/www.fondationassistanceauxanimaux.org\/actu\/wp-content\/uploads\/2017\/10\/sauvetage-04-120x120.jpg\" width=\"120\" height=\"120\"  title='sauvetage-04' alt='' srcset=\"https:\/\/www.fondationassistanceauxanimaux.org\/actu\/wp-content\/uploads\/2017\/10\/sauvetage-04-120x120.jpg 120w, https:\/\/www.fondationassistanceauxanimaux.org\/actu\/wp-content\/uploads\/2017\/10\/sauvetage-04-80x80.jpg 80w, https:\/\/www.fondationassistanceauxanimaux.org\/actu\/wp-content\/uploads\/2017\/10\/sauvetage-04-36x36.jpg 36w, https:\/\/www.fondationassistanceauxanimaux.org\/actu\/wp-content\/uploads\/2017\/10\/sauvetage-04-180x180.jpg 180w\" sizes=\"(max-width: 120px) 100vw, 120px\" \/><div class='big-prev-fake'><img decoding=\"async\" loading=\"lazy\" class=\"wp-image-1344 avia-img-lazy-loading-1344\"  width=\"495\" height=\"397\" src=\"https:\/\/www.fondationassistanceauxanimaux.org\/actu\/wp-content\/uploads\/2017\/10\/sauvetage-04-495x397.jpg\" title='sauvetage-04' alt='' \/><\/div><\/a><a href=\"https:\/\/www.fondationassistanceauxanimaux.org\/actu\/wp-content\/uploads\/2017\/10\/sauvetage-01.jpg\" data-srcset=\"https:\/\/www.fondationassistanceauxanimaux.org\/actu\/wp-content\/uploads\/2017\/10\/sauvetage-01.jpg 600w, https:\/\/www.fondationassistanceauxanimaux.org\/actu\/wp-content\/uploads\/2017\/10\/sauvetage-01-300x199.jpg 300w, https:\/\/www.fondationassistanceauxanimaux.org\/actu\/wp-content\/uploads\/2017\/10\/sauvetage-01-450x298.jpg 450w\" data-sizes=\"(max-width: 600px) 100vw, 600px\" data-rel='gallery-1' data-prev-img='https:\/\/www.fondationassistanceauxanimaux.org\/actu\/wp-content\/uploads\/2017\/10\/sauvetage-01-495x397.jpg' class='lightbox ' data-onclick='7' title='sauvetage-01'  itemprop=\"thumbnailUrl\"  ><img decoding=\"async\" fetchpriority=\"high\" class=\"wp-image-1342 avia-img-lazy-loading-not-1342\"   src=\"https:\/\/www.fondationassistanceauxanimaux.org\/actu\/wp-content\/uploads\/2017\/10\/sauvetage-01-120x120.jpg\" width=\"120\" height=\"120\"  title='sauvetage-01' alt='' srcset=\"https:\/\/www.fondationassistanceauxanimaux.org\/actu\/wp-content\/uploads\/2017\/10\/sauvetage-01-120x120.jpg 120w, https:\/\/www.fondationassistanceauxanimaux.org\/actu\/wp-content\/uploads\/2017\/10\/sauvetage-01-80x80.jpg 80w, https:\/\/www.fondationassistanceauxanimaux.org\/actu\/wp-content\/uploads\/2017\/10\/sauvetage-01-36x36.jpg 36w, https:\/\/www.fondationassistanceauxanimaux.org\/actu\/wp-content\/uploads\/2017\/10\/sauvetage-01-180x180.jpg 180w\" sizes=\"(max-width: 120px) 100vw, 120px\" \/><div class='big-prev-fake'><img decoding=\"async\" loading=\"lazy\" class=\"wp-image-1342 avia-img-lazy-loading-1342\"  width=\"495\" height=\"397\" src=\"https:\/\/www.fondationassistanceauxanimaux.org\/actu\/wp-content\/uploads\/2017\/10\/sauvetage-01-495x397.jpg\" title='sauvetage-01' alt='' \/><\/div><\/a><a href=\"https:\/\/www.fondationassistanceauxanimaux.org\/actu\/wp-content\/uploads\/2017\/10\/sauveatge-09.jpg\" data-srcset=\"https:\/\/www.fondationassistanceauxanimaux.org\/actu\/wp-content\/uploads\/2017\/10\/sauveatge-09.jpg 600w, https:\/\/www.fondationassistanceauxanimaux.org\/actu\/wp-content\/uploads\/2017\/10\/sauveatge-09-300x199.jpg 300w, https:\/\/www.fondationassistanceauxanimaux.org\/actu\/wp-content\/uploads\/2017\/10\/sauveatge-09-450x298.jpg 450w\" data-sizes=\"(max-width: 600px) 100vw, 600px\" data-rel='gallery-1' data-prev-img='https:\/\/www.fondationassistanceauxanimaux.org\/actu\/wp-content\/uploads\/2017\/10\/sauveatge-09-495x397.jpg' class='lightbox ' data-onclick='8' title='sauveatge-09'  itemprop=\"thumbnailUrl\"  ><img decoding=\"async\" fetchpriority=\"high\" class=\"wp-image-1341 avia-img-lazy-loading-not-1341\"   src=\"https:\/\/www.fondationassistanceauxanimaux.org\/actu\/wp-content\/uploads\/2017\/10\/sauveatge-09-120x120.jpg\" width=\"120\" height=\"120\"  title='sauveatge-09' alt='' srcset=\"https:\/\/www.fondationassistanceauxanimaux.org\/actu\/wp-content\/uploads\/2017\/10\/sauveatge-09-120x120.jpg 120w, https:\/\/www.fondationassistanceauxanimaux.org\/actu\/wp-content\/uploads\/2017\/10\/sauveatge-09-80x80.jpg 80w, https:\/\/www.fondationassistanceauxanimaux.org\/actu\/wp-content\/uploads\/2017\/10\/sauveatge-09-36x36.jpg 36w, https:\/\/www.fondationassistanceauxanimaux.org\/actu\/wp-content\/uploads\/2017\/10\/sauveatge-09-180x180.jpg 180w\" sizes=\"(max-width: 120px) 100vw, 120px\" \/><div class='big-prev-fake'><img decoding=\"async\" loading=\"lazy\" class=\"wp-image-1341 avia-img-lazy-loading-1341\"  width=\"495\" height=\"397\" src=\"https:\/\/www.fondationassistanceauxanimaux.org\/actu\/wp-content\/uploads\/2017\/10\/sauveatge-09-495x397.jpg\" title='sauveatge-09' alt='' \/><\/div><\/a><a href=\"https:\/\/www.fondationassistanceauxanimaux.org\/actu\/wp-content\/uploads\/2017\/10\/sauveatge-03.jpg\" data-srcset=\"https:\/\/www.fondationassistanceauxanimaux.org\/actu\/wp-content\/uploads\/2017\/10\/sauveatge-03.jpg 600w, https:\/\/www.fondationassistanceauxanimaux.org\/actu\/wp-content\/uploads\/2017\/10\/sauveatge-03-300x199.jpg 300w, https:\/\/www.fondationassistanceauxanimaux.org\/actu\/wp-content\/uploads\/2017\/10\/sauveatge-03-450x298.jpg 450w\" data-sizes=\"(max-width: 600px) 100vw, 600px\" data-rel='gallery-1' data-prev-img='https:\/\/www.fondationassistanceauxanimaux.org\/actu\/wp-content\/uploads\/2017\/10\/sauveatge-03-495x397.jpg' class='lightbox ' data-onclick='9' title='sauveatge-03'  itemprop=\"thumbnailUrl\"  ><img decoding=\"async\" fetchpriority=\"high\" class=\"wp-image-1340 avia-img-lazy-loading-not-1340\"   src=\"https:\/\/www.fondationassistanceauxanimaux.org\/actu\/wp-content\/uploads\/2017\/10\/sauveatge-03-120x120.jpg\" width=\"120\" height=\"120\"  title='sauveatge-03' alt='' srcset=\"https:\/\/www.fondationassistanceauxanimaux.org\/actu\/wp-content\/uploads\/2017\/10\/sauveatge-03-120x120.jpg 120w, https:\/\/www.fondationassistanceauxanimaux.org\/actu\/wp-content\/uploads\/2017\/10\/sauveatge-03-80x80.jpg 80w, https:\/\/www.fondationassistanceauxanimaux.org\/actu\/wp-content\/uploads\/2017\/10\/sauveatge-03-36x36.jpg 36w, https:\/\/www.fondationassistanceauxanimaux.org\/actu\/wp-content\/uploads\/2017\/10\/sauveatge-03-180x180.jpg 180w\" sizes=\"(max-width: 120px) 100vw, 120px\" \/><div class='big-prev-fake'><img decoding=\"async\" loading=\"lazy\" class=\"wp-image-1340 avia-img-lazy-loading-1340\"  width=\"495\" height=\"397\" src=\"https:\/\/www.fondationassistanceauxanimaux.org\/actu\/wp-content\/uploads\/2017\/10\/sauveatge-03-495x397.jpg\" title='sauveatge-03' alt='' \/><\/div><\/a><a href=\"https:\/\/www.fondationassistanceauxanimaux.org\/actu\/wp-content\/uploads\/2017\/10\/sauvetage-11.jpg\" data-srcset=\"https:\/\/www.fondationassistanceauxanimaux.org\/actu\/wp-content\/uploads\/2017\/10\/sauvetage-11.jpg 600w, https:\/\/www.fondationassistanceauxanimaux.org\/actu\/wp-content\/uploads\/2017\/10\/sauvetage-11-300x200.jpg 300w, https:\/\/www.fondationassistanceauxanimaux.org\/actu\/wp-content\/uploads\/2017\/10\/sauvetage-11-450x300.jpg 450w\" data-sizes=\"(max-width: 600px) 100vw, 600px\" data-rel='gallery-1' data-prev-img='https:\/\/www.fondationassistanceauxanimaux.org\/actu\/wp-content\/uploads\/2017\/10\/sauvetage-11-495x400.jpg' class='lightbox ' data-onclick='10' title='sauvetage-11'  itemprop=\"thumbnailUrl\"  ><img decoding=\"async\" fetchpriority=\"high\" class=\"wp-image-1350 avia-img-lazy-loading-not-1350\"   src=\"https:\/\/www.fondationassistanceauxanimaux.org\/actu\/wp-content\/uploads\/2017\/10\/sauvetage-11-120x120.jpg\" width=\"120\" height=\"120\"  title='sauvetage-11' alt='sauvetage chien' srcset=\"https:\/\/www.fondationassistanceauxanimaux.org\/actu\/wp-content\/uploads\/2017\/10\/sauvetage-11-120x120.jpg 120w, https:\/\/www.fondationassistanceauxanimaux.org\/actu\/wp-content\/uploads\/2017\/10\/sauvetage-11-80x80.jpg 80w, https:\/\/www.fondationassistanceauxanimaux.org\/actu\/wp-content\/uploads\/2017\/10\/sauvetage-11-36x36.jpg 36w, https:\/\/www.fondationassistanceauxanimaux.org\/actu\/wp-content\/uploads\/2017\/10\/sauvetage-11-180x180.jpg 180w\" sizes=\"(max-width: 120px) 100vw, 120px\" \/><div class='big-prev-fake'><img decoding=\"async\" loading=\"lazy\" class=\"wp-image-1350 avia-img-lazy-loading-1350\"  width=\"495\" height=\"400\" src=\"https:\/\/www.fondationassistanceauxanimaux.org\/actu\/wp-content\/uploads\/2017\/10\/sauvetage-11-495x400.jpg\" title='sauvetage-11' alt='sauvetage chien' \/><\/div><\/a><\/div><\/div>\n<p>Surnombre, absence d\u2019identification des animaux, d\u00e9faut de soin et d\u2019abreuvement, abris non conformes, sans hygi\u00e8ne, pas assez nourris\u2026\u00a0 les pauvres b\u00eates portent les stigmates des privations endur\u00e9es et certaines sont d\u2019une maigreur effroyable. De nombreux chiots \u00e9taient \u00e9galement pr\u00e9sents.<\/p>\n<p>La Fondation Assistance aux Animaux a pris en charge les soixante chiens et chiots dans ses<strong> refuges en ile de France <\/strong>o\u00f9 tous les soins que n\u00e9cessite leur \u00e9tat de sant\u00e9 leur seront prodigu\u00e9s. Apr\u00e8s quelques jours o\u00f9 ils ont pu se reposer et prendre leurs nouvelles marques, ils se portent d\u00e9j\u00e0 mieux et goutent au bonheur des gamelles pleine et des coussins propres et douillets. Les plus t\u00e9m\u00e9raires d\u2019entre eux d\u00e9couvrent les balles avec un int\u00e9r\u00eat qui laisse pr\u00e9sager des parties de jeux endiabl\u00e9es.<\/p>\n<p>La Fondation assistance aux animaux <strong>en appel au c\u0153ur de chacun afin de venir les adopter<\/strong>, et d\u00e9sengorger ses structures pour permettre l\u2019accueil d\u2019autres animaux dans le besoin. Gentils, affectueux et plein de vie, ils feront de formidables chiens de familles. Nous avons besoin de vous pour leur faire d\u00e9couvrir le bonheur exclusif de l\u2019amour d\u2019une famille, et leur permettre de tourner une nouvelle page dans l\u2019histoire de leur vie. Une histoire o\u00f9 le meilleur est \u00e0 venir.<\/p>\n<p>&nbsp;<\/p>\n<p><strong>Si vous souhaitez adopter l&rsquo;un de ses chiens, contactez nos 2 refuges en r\u00e9gion parisienne :<\/strong><\/p>\n<p>&nbsp;<\/p>\n\n<style type=\"text\/css\" data-created_by=\"avia_inline_auto\" id=\"style-css-av-d94y5-d055c2095029a57317b968e3e44e8374\">\n.av_font_icon.av-d94y5-d055c2095029a57317b968e3e44e8374 .av-icon-char{\nfont-size:40px;\nline-height:40px;\n}\n<\/style>\n<span  class='av_font_icon av-d94y5-d055c2095029a57317b968e3e44e8374 avia_animate_when_visible av-icon-style- avia-icon-pos-left avia-iconfont avia-font-faaa av-no-color avia-icon-animate'><span class='av-icon-char' data-av_icon='\ue815' data-av_iconfont='faaa' aria-hidden=\"true\" ><\/span><\/span>\n<p><a href=\"https:\/\/www.fondationassistanceauxanimaux.org\/refuge-animaux-villevaude\/\">Refuge de la Fondation Assistance Aux Animaux<\/a><\/p>\n<p>18 rue des plantes \u2013 77410 VILLEVAUDE \u2013 01 60 26 49 15<\/p>\n<p>&nbsp;<\/p>\n\n<style type=\"text\/css\" data-created_by=\"avia_inline_auto\" id=\"style-css-av-2xar2l-f1ffa8babfae52289a5aabf728db955b\">\n.av_font_icon.av-2xar2l-f1ffa8babfae52289a5aabf728db955b .av-icon-char{\nfont-size:40px;\nline-height:40px;\n}\n<\/style>\n<span  class='av_font_icon av-2xar2l-f1ffa8babfae52289a5aabf728db955b avia_animate_when_visible av-icon-style- avia-icon-pos-left avia-iconfont avia-font-faaa av-no-color avia-icon-animate'><span class='av-icon-char' data-av_icon='\ue815' data-av_iconfont='faaa' aria-hidden=\"true\" ><\/span><\/span>\n<p><a href=\"https:\/\/www.fondationassistanceauxanimaux.org\/refuge-animaux-morainvilliers\/\">Refuge de la Fondation Assistance Aux Animaux<\/a><\/p>\n<p>5042 Route de quarante sous \u2013 78630 MORAINVILLLIERS \u2013 01 39 08 00 87<\/p>\n","protected":false},"excerpt":{"rendered":"<p>La Fondation Assistance aux Animaux accompagn\u00e9e des services v\u00e9t\u00e9rinaires des deux s\u00e8vres est intervenue non loin de Bressuire (79) afin de prendre en charge plus de 60 chiens, des Setter et des Malinois, chez une \u00e9leveuse non d\u00e9clar\u00e9e du d\u00e9partement. D\u00e9tenus dans des conditions inadapt\u00e9es et sources de souffrance, les chiens \u00e9taient parqu\u00e9s en surnombre [&hellip;]<\/p>\n","protected":false},"author":3,"featured_media":1343,"comment_status":"closed","ping_status":"closed","sticky":false,"template":"","format":"standard","meta":{"footnotes":""},"categories":[19,20],"tags":[25,30,44,39,45],"class_list":["post-1325","post","type-post","status-publish","format-standard","has-post-thumbnail","hentry","category-refuge-de-morainvilliers","category-refuge-de-villevaude","tag-adoption","tag-animaux","tag-chiens","tag-refuge","tag-sauvetage"],"yoast_head":"<!-- This site is optimized with the Yoast SEO plugin v24.5 - https:\/\/yoast.com\/wordpress\/plugins\/seo\/ -->\n<title>Elevage clandestin : plus de 60 chiens secourus. Appel \u00e0 l&#039;adoption ! - Fondation Assistance aux Animaux - Actualit\u00e9s<\/title>\n<meta name=\"robots\" content=\"index, follow, max-snippet:-1, max-image-preview:large, max-video-preview:-1\" \/>\n<link rel=\"canonical\" href=\"https:\/\/www.fondationassistanceauxanimaux.org\/actu\/elevage-clandestin-plus-de-60-chiens-secourus-appel-a-ladoption-1325\/\" \/>\n<meta property=\"og:locale\" content=\"fr_FR\" \/>\n<meta property=\"og:type\" content=\"article\" \/>\n<meta property=\"og:title\" content=\"Elevage clandestin : plus de 60 chiens secourus. Appel \u00e0 l&#039;adoption ! - Fondation Assistance aux Animaux - Actualit\u00e9s\" \/>\n<meta property=\"og:description\" content=\"La Fondation Assistance aux Animaux accompagn\u00e9e des services v\u00e9t\u00e9rinaires des deux s\u00e8vres est intervenue non loin de Bressuire (79) afin de prendre en charge plus de 60 chiens, des Setter et des Malinois, chez une \u00e9leveuse non d\u00e9clar\u00e9e du d\u00e9partement. D\u00e9tenus dans des conditions inadapt\u00e9es et sources de souffrance, les chiens \u00e9taient parqu\u00e9s en surnombre [&hellip;]\" \/>\n<meta property=\"og:url\" content=\"https:\/\/www.fondationassistanceauxanimaux.org\/actu\/elevage-clandestin-plus-de-60-chiens-secourus-appel-a-ladoption-1325\/\" \/>\n<meta property=\"og:site_name\" content=\"Fondation Assistance aux Animaux - Actualit\u00e9s\" \/>\n<meta property=\"article:published_time\" content=\"2017-10-03T11:10:26+00:00\" \/>\n<meta property=\"article:modified_time\" content=\"2018-08-22T21:46:26+00:00\" \/>\n<meta property=\"og:image\" content=\"https:\/\/www.fondationassistanceauxanimaux.org\/actu\/wp-content\/uploads\/2017\/10\/sauvetage-02.jpg\" \/>\n\t<meta property=\"og:image:width\" content=\"600\" \/>\n\t<meta property=\"og:image:height\" content=\"397\" \/>\n\t<meta property=\"og:image:type\" content=\"image\/jpeg\" \/>\n<meta name=\"author\" content=\"No\u00e9\" \/>\n<meta name=\"twitter:card\" content=\"summary_large_image\" \/>\n<meta name=\"twitter:label1\" content=\"\u00c9crit par\" \/>\n\t<meta name=\"twitter:data1\" content=\"No\u00e9\" \/>\n\t<meta name=\"twitter:label2\" content=\"Dur\u00e9e de lecture estim\u00e9e\" \/>\n\t<meta name=\"twitter:data2\" content=\"3 minutes\" \/>\n<script type=\"application\/ld+json\" class=\"yoast-schema-graph\">{\"@context\":\"https:\/\/schema.org\",\"@graph\":[{\"@type\":\"WebPage\",\"@id\":\"https:\/\/www.fondationassistanceauxanimaux.org\/actu\/elevage-clandestin-plus-de-60-chiens-secourus-appel-a-ladoption-1325\/\",\"url\":\"https:\/\/www.fondationassistanceauxanimaux.org\/actu\/elevage-clandestin-plus-de-60-chiens-secourus-appel-a-ladoption-1325\/\",\"name\":\"Elevage clandestin : plus de 60 chiens secourus. Appel \u00e0 l'adoption ! - Fondation Assistance aux Animaux - Actualit\u00e9s\",\"isPartOf\":{\"@id\":\"https:\/\/www.fondationassistanceauxanimaux.org\/actu\/#website\"},\"primaryImageOfPage\":{\"@id\":\"https:\/\/www.fondationassistanceauxanimaux.org\/actu\/elevage-clandestin-plus-de-60-chiens-secourus-appel-a-ladoption-1325\/#primaryimage\"},\"image\":{\"@id\":\"https:\/\/www.fondationassistanceauxanimaux.org\/actu\/elevage-clandestin-plus-de-60-chiens-secourus-appel-a-ladoption-1325\/#primaryimage\"},\"thumbnailUrl\":\"https:\/\/www.fondationassistanceauxanimaux.org\/actu\/wp-content\/uploads\/2017\/10\/sauvetage-02.jpg\",\"datePublished\":\"2017-10-03T11:10:26+00:00\",\"dateModified\":\"2018-08-22T21:46:26+00:00\",\"author\":{\"@id\":\"https:\/\/www.fondationassistanceauxanimaux.org\/actu\/#\/schema\/person\/71a8476d98daaea0d71a965c5603e10b\"},\"breadcrumb\":{\"@id\":\"https:\/\/www.fondationassistanceauxanimaux.org\/actu\/elevage-clandestin-plus-de-60-chiens-secourus-appel-a-ladoption-1325\/#breadcrumb\"},\"inLanguage\":\"fr-FR\",\"potentialAction\":[{\"@type\":\"ReadAction\",\"target\":[\"https:\/\/www.fondationassistanceauxanimaux.org\/actu\/elevage-clandestin-plus-de-60-chiens-secourus-appel-a-ladoption-1325\/\"]}]},{\"@type\":\"ImageObject\",\"inLanguage\":\"fr-FR\",\"@id\":\"https:\/\/www.fondationassistanceauxanimaux.org\/actu\/elevage-clandestin-plus-de-60-chiens-secourus-appel-a-ladoption-1325\/#primaryimage\",\"url\":\"https:\/\/www.fondationassistanceauxanimaux.org\/actu\/wp-content\/uploads\/2017\/10\/sauvetage-02.jpg\",\"contentUrl\":\"https:\/\/www.fondationassistanceauxanimaux.org\/actu\/wp-content\/uploads\/2017\/10\/sauvetage-02.jpg\",\"width\":600,\"height\":397,\"caption\":\"sauvetage adoption chien\"},{\"@type\":\"BreadcrumbList\",\"@id\":\"https:\/\/www.fondationassistanceauxanimaux.org\/actu\/elevage-clandestin-plus-de-60-chiens-secourus-appel-a-ladoption-1325\/#breadcrumb\",\"itemListElement\":[{\"@type\":\"ListItem\",\"position\":1,\"name\":\"Accueil\",\"item\":\"https:\/\/www.fondationassistanceauxanimaux.org\/actu\/\"},{\"@type\":\"ListItem\",\"position\":2,\"name\":\"Elevage clandestin : plus de 60 chiens secourus. Appel \u00e0 l&rsquo;adoption !\"}]},{\"@type\":\"WebSite\",\"@id\":\"https:\/\/www.fondationassistanceauxanimaux.org\/actu\/#website\",\"url\":\"https:\/\/www.fondationassistanceauxanimaux.org\/actu\/\",\"name\":\"Fondation Assistance aux Animaux - Actualit\u00e9s\",\"description\":\"Depuis 1930 la Fondation Assistance aux Animaux pour la d\u00e9fense et la protection des animaux maltrait\u00e9s et abandonn\u00e9s\",\"potentialAction\":[{\"@type\":\"SearchAction\",\"target\":{\"@type\":\"EntryPoint\",\"urlTemplate\":\"https:\/\/www.fondationassistanceauxanimaux.org\/actu\/?s={search_term_string}\"},\"query-input\":{\"@type\":\"PropertyValueSpecification\",\"valueRequired\":true,\"valueName\":\"search_term_string\"}}],\"inLanguage\":\"fr-FR\"},{\"@type\":\"Person\",\"@id\":\"https:\/\/www.fondationassistanceauxanimaux.org\/actu\/#\/schema\/person\/71a8476d98daaea0d71a965c5603e10b\",\"name\":\"No\u00e9\",\"image\":{\"@type\":\"ImageObject\",\"inLanguage\":\"fr-FR\",\"@id\":\"https:\/\/www.fondationassistanceauxanimaux.org\/actu\/#\/schema\/person\/image\/\",\"url\":\"https:\/\/secure.gravatar.com\/avatar\/d34cf6c6bd22b3db9c932bc580c4d1ba93c0cda7588a41b59078888ab1e5f007?s=96&d=mm&r=g\",\"contentUrl\":\"https:\/\/secure.gravatar.com\/avatar\/d34cf6c6bd22b3db9c932bc580c4d1ba93c0cda7588a41b59078888ab1e5f007?s=96&d=mm&r=g\",\"caption\":\"No\u00e9\"},\"url\":\"https:\/\/www.fondationassistanceauxanimaux.org\/actu\/author\/anne\/\"}]}<\/script>\n<!-- \/ Yoast SEO plugin. -->","yoast_head_json":{"title":"Elevage clandestin : plus de 60 chiens secourus. Appel \u00e0 l'adoption ! - Fondation Assistance aux Animaux - Actualit\u00e9s","robots":{"index":"index","follow":"follow","max-snippet":"max-snippet:-1","max-image-preview":"max-image-preview:large","max-video-preview":"max-video-preview:-1"},"canonical":"https:\/\/www.fondationassistanceauxanimaux.org\/actu\/elevage-clandestin-plus-de-60-chiens-secourus-appel-a-ladoption-1325\/","og_locale":"fr_FR","og_type":"article","og_title":"Elevage clandestin : plus de 60 chiens secourus. Appel \u00e0 l'adoption ! - Fondation Assistance aux Animaux - Actualit\u00e9s","og_description":"La Fondation Assistance aux Animaux accompagn\u00e9e des services v\u00e9t\u00e9rinaires des deux s\u00e8vres est intervenue non loin de Bressuire (79) afin de prendre en charge plus de 60 chiens, des Setter et des Malinois, chez une \u00e9leveuse non d\u00e9clar\u00e9e du d\u00e9partement. D\u00e9tenus dans des conditions inadapt\u00e9es et sources de souffrance, les chiens \u00e9taient parqu\u00e9s en surnombre [&hellip;]","og_url":"https:\/\/www.fondationassistanceauxanimaux.org\/actu\/elevage-clandestin-plus-de-60-chiens-secourus-appel-a-ladoption-1325\/","og_site_name":"Fondation Assistance aux Animaux - Actualit\u00e9s","article_published_time":"2017-10-03T11:10:26+00:00","article_modified_time":"2018-08-22T21:46:26+00:00","og_image":[{"width":600,"height":397,"url":"https:\/\/www.fondationassistanceauxanimaux.org\/actu\/wp-content\/uploads\/2017\/10\/sauvetage-02.jpg","type":"image\/jpeg"}],"author":"No\u00e9","twitter_card":"summary_large_image","twitter_misc":{"\u00c9crit par":"No\u00e9","Dur\u00e9e de lecture estim\u00e9e":"3 minutes"},"schema":{"@context":"https:\/\/schema.org","@graph":[{"@type":"WebPage","@id":"https:\/\/www.fondationassistanceauxanimaux.org\/actu\/elevage-clandestin-plus-de-60-chiens-secourus-appel-a-ladoption-1325\/","url":"https:\/\/www.fondationassistanceauxanimaux.org\/actu\/elevage-clandestin-plus-de-60-chiens-secourus-appel-a-ladoption-1325\/","name":"Elevage clandestin : plus de 60 chiens secourus. Appel \u00e0 l'adoption ! - Fondation Assistance aux Animaux - Actualit\u00e9s","isPartOf":{"@id":"https:\/\/www.fondationassistanceauxanimaux.org\/actu\/#website"},"primaryImageOfPage":{"@id":"https:\/\/www.fondationassistanceauxanimaux.org\/actu\/elevage-clandestin-plus-de-60-chiens-secourus-appel-a-ladoption-1325\/#primaryimage"},"image":{"@id":"https:\/\/www.fondationassistanceauxanimaux.org\/actu\/elevage-clandestin-plus-de-60-chiens-secourus-appel-a-ladoption-1325\/#primaryimage"},"thumbnailUrl":"https:\/\/www.fondationassistanceauxanimaux.org\/actu\/wp-content\/uploads\/2017\/10\/sauvetage-02.jpg","datePublished":"2017-10-03T11:10:26+00:00","dateModified":"2018-08-22T21:46:26+00:00","author":{"@id":"https:\/\/www.fondationassistanceauxanimaux.org\/actu\/#\/schema\/person\/71a8476d98daaea0d71a965c5603e10b"},"breadcrumb":{"@id":"https:\/\/www.fondationassistanceauxanimaux.org\/actu\/elevage-clandestin-plus-de-60-chiens-secourus-appel-a-ladoption-1325\/#breadcrumb"},"inLanguage":"fr-FR","potentialAction":[{"@type":"ReadAction","target":["https:\/\/www.fondationassistanceauxanimaux.org\/actu\/elevage-clandestin-plus-de-60-chiens-secourus-appel-a-ladoption-1325\/"]}]},{"@type":"ImageObject","inLanguage":"fr-FR","@id":"https:\/\/www.fondationassistanceauxanimaux.org\/actu\/elevage-clandestin-plus-de-60-chiens-secourus-appel-a-ladoption-1325\/#primaryimage","url":"https:\/\/www.fondationassistanceauxanimaux.org\/actu\/wp-content\/uploads\/2017\/10\/sauvetage-02.jpg","contentUrl":"https:\/\/www.fondationassistanceauxanimaux.org\/actu\/wp-content\/uploads\/2017\/10\/sauvetage-02.jpg","width":600,"height":397,"caption":"sauvetage adoption chien"},{"@type":"BreadcrumbList","@id":"https:\/\/www.fondationassistanceauxanimaux.org\/actu\/elevage-clandestin-plus-de-60-chiens-secourus-appel-a-ladoption-1325\/#breadcrumb","itemListElement":[{"@type":"ListItem","position":1,"name":"Accueil","item":"https:\/\/www.fondationassistanceauxanimaux.org\/actu\/"},{"@type":"ListItem","position":2,"name":"Elevage clandestin : plus de 60 chiens secourus. Appel \u00e0 l&rsquo;adoption !"}]},{"@type":"WebSite","@id":"https:\/\/www.fondationassistanceauxanimaux.org\/actu\/#website","url":"https:\/\/www.fondationassistanceauxanimaux.org\/actu\/","name":"Fondation Assistance aux Animaux - Actualit\u00e9s","description":"Depuis 1930 la Fondation Assistance aux Animaux pour la d\u00e9fense et la protection des animaux maltrait\u00e9s et abandonn\u00e9s","potentialAction":[{"@type":"SearchAction","target":{"@type":"EntryPoint","urlTemplate":"https:\/\/www.fondationassistanceauxanimaux.org\/actu\/?s={search_term_string}"},"query-input":{"@type":"PropertyValueSpecification","valueRequired":true,"valueName":"search_term_string"}}],"inLanguage":"fr-FR"},{"@type":"Person","@id":"https:\/\/www.fondationassistanceauxanimaux.org\/actu\/#\/schema\/person\/71a8476d98daaea0d71a965c5603e10b","name":"No\u00e9","image":{"@type":"ImageObject","inLanguage":"fr-FR","@id":"https:\/\/www.fondationassistanceauxanimaux.org\/actu\/#\/schema\/person\/image\/","url":"https:\/\/secure.gravatar.com\/avatar\/d34cf6c6bd22b3db9c932bc580c4d1ba93c0cda7588a41b59078888ab1e5f007?s=96&d=mm&r=g","contentUrl":"https:\/\/secure.gravatar.com\/avatar\/d34cf6c6bd22b3db9c932bc580c4d1ba93c0cda7588a41b59078888ab1e5f007?s=96&d=mm&r=g","caption":"No\u00e9"},"url":"https:\/\/www.fondationassistanceauxanimaux.org\/actu\/author\/anne\/"}]}},"_links":{"self":[{"href":"https:\/\/www.fondationassistanceauxanimaux.org\/actu\/wp-json\/wp\/v2\/posts\/1325","targetHints":{"allow":["GET"]}}],"collection":[{"href":"https:\/\/www.fondationassistanceauxanimaux.org\/actu\/wp-json\/wp\/v2\/posts"}],"about":[{"href":"https:\/\/www.fondationassistanceauxanimaux.org\/actu\/wp-json\/wp\/v2\/types\/post"}],"author":[{"embeddable":true,"href":"https:\/\/www.fondationassistanceauxanimaux.org\/actu\/wp-json\/wp\/v2\/users\/3"}],"replies":[{"embeddable":true,"href":"https:\/\/www.fondationassistanceauxanimaux.org\/actu\/wp-json\/wp\/v2\/comments?post=1325"}],"version-history":[{"count":48,"href":"https:\/\/www.fondationassistanceauxanimaux.org\/actu\/wp-json\/wp\/v2\/posts\/1325\/revisions"}],"predecessor-version":[{"id":2335,"href":"https:\/\/www.fondationassistanceauxanimaux.org\/actu\/wp-json\/wp\/v2\/posts\/1325\/revisions\/2335"}],"wp:featuredmedia":[{"embeddable":true,"href":"https:\/\/www.fondationassistanceauxanimaux.org\/actu\/wp-json\/wp\/v2\/media\/1343"}],"wp:attachment":[{"href":"https:\/\/www.fondationassistanceauxanimaux.org\/actu\/wp-json\/wp\/v2\/media?parent=1325"}],"wp:term":[{"taxonomy":"category","embeddable":true,"href":"https:\/\/www.fondationassistanceauxanimaux.org\/actu\/wp-json\/wp\/v2\/categories?post=1325"},{"taxonomy":"post_tag","embeddable":true,"href":"https:\/\/www.fondationassistanceauxanimaux.org\/actu\/wp-json\/wp\/v2\/tags?post=1325"}],"curies":[{"name":"wp","href":"https:\/\/api.w.org\/{rel}","templated":true}]}}