{"id":12653,"date":"2021-07-14T10:04:55","date_gmt":"2021-07-14T08:04:55","guid":{"rendered":"https:\/\/www.fondationassistanceauxanimaux.org\/actu\/?p=12653"},"modified":"2021-07-14T10:04:57","modified_gmt":"2021-07-14T08:04:57","slug":"dernieres-adoptions-refuge-morainvilliers","status":"publish","type":"post","link":"https:\/\/www.fondationassistanceauxanimaux.org\/actu\/dernieres-adoptions-refuge-morainvilliers-12653\/","title":{"rendered":"Les trois derni\u00e8res adoptions du refuge de Morainvilliers"},"content":{"rendered":"\n<p><strong>Aujourd\u2019hui, La Fondation Assistance aux Animaux, c\u2019est plus de 2000 animaux et autant de gamelles quotidiennes. Chaque animal y est soign\u00e9, identifi\u00e9, st\u00e9rilis\u00e9, et vaccin\u00e9.<\/strong><\/p>\n\n\n\n<p><strong>La Fondation Assistance aux Animaux ne pratique pas l\u2019euthanasie de convenance. En venant adopter dans une de nos structures, vous faites donc deux bonnes actions : Le bonheur d\u2019un animal qui va pouvoir lib\u00e9rer une place pour un autre dans le besoin.<\/strong><\/p>\n\n\n\n<p><strong>\u00ab\u00a0Falco\u00a0\u00bb, \u00ab\u00a0Leia\u00a0\u00bb et \u00ab\u00a0Jack\u00a0\u00bb sont les trois derniers heureux adopt\u00e9s du refuge de Morainvilliers !<\/strong><\/p>\n\n\n\n<blockquote class=\"wp-block-quote is-layout-flow wp-block-quote-is-layout-flow\"><p><strong>Falco<\/strong><\/p><\/blockquote>\n\n\n\n<div class=\"wp-block-image\"><figure class=\"aligncenter\"><img loading=\"lazy\" decoding=\"async\" width=\"1030\" height=\"773\" src=\"https:\/\/www.fondationassistanceauxanimaux.org\/actu\/wp-content\/uploads\/2021\/07\/209674502_1905044253002950_3546631710817951572_n-1030x773.jpeg\" alt=\"\" class=\"wp-image-12654\" srcset=\"https:\/\/www.fondationassistanceauxanimaux.org\/actu\/wp-content\/uploads\/2021\/07\/209674502_1905044253002950_3546631710817951572_n-1030x773.jpeg 1030w, https:\/\/www.fondationassistanceauxanimaux.org\/actu\/wp-content\/uploads\/2021\/07\/209674502_1905044253002950_3546631710817951572_n-300x225.jpeg 300w, https:\/\/www.fondationassistanceauxanimaux.org\/actu\/wp-content\/uploads\/2021\/07\/209674502_1905044253002950_3546631710817951572_n-768x576.jpeg 768w, https:\/\/www.fondationassistanceauxanimaux.org\/actu\/wp-content\/uploads\/2021\/07\/209674502_1905044253002950_3546631710817951572_n-705x529.jpeg 705w, https:\/\/www.fondationassistanceauxanimaux.org\/actu\/wp-content\/uploads\/2021\/07\/209674502_1905044253002950_3546631710817951572_n.jpeg 1440w\" sizes=\"auto, (max-width: 1030px) 100vw, 1030px\" \/><\/figure><\/div>\n\n\n\n<blockquote class=\"wp-block-quote is-layout-flow wp-block-quote-is-layout-flow\"><p><strong>Leia<\/strong><\/p><\/blockquote>\n\n\n\n<div class=\"wp-block-image\"><figure class=\"aligncenter\"><img loading=\"lazy\" decoding=\"async\" width=\"1030\" height=\"773\" src=\"https:\/\/www.fondationassistanceauxanimaux.org\/actu\/wp-content\/uploads\/2021\/07\/213897955_1905847542922621_5483476451990675318_n-1030x773.jpeg\" alt=\"\" class=\"wp-image-12655\" srcset=\"https:\/\/www.fondationassistanceauxanimaux.org\/actu\/wp-content\/uploads\/2021\/07\/213897955_1905847542922621_5483476451990675318_n-1030x773.jpeg 1030w, https:\/\/www.fondationassistanceauxanimaux.org\/actu\/wp-content\/uploads\/2021\/07\/213897955_1905847542922621_5483476451990675318_n-300x225.jpeg 300w, https:\/\/www.fondationassistanceauxanimaux.org\/actu\/wp-content\/uploads\/2021\/07\/213897955_1905847542922621_5483476451990675318_n-768x576.jpeg 768w, https:\/\/www.fondationassistanceauxanimaux.org\/actu\/wp-content\/uploads\/2021\/07\/213897955_1905847542922621_5483476451990675318_n-705x529.jpeg 705w, https:\/\/www.fondationassistanceauxanimaux.org\/actu\/wp-content\/uploads\/2021\/07\/213897955_1905847542922621_5483476451990675318_n.jpeg 1440w\" sizes=\"auto, (max-width: 1030px) 100vw, 1030px\" \/><\/figure><\/div>\n\n\n\n<blockquote class=\"wp-block-quote is-layout-flow wp-block-quote-is-layout-flow\"><p><strong>Jack, 10 ans<\/strong><\/p><\/blockquote>\n\n\n\n<div class=\"wp-block-image\"><figure class=\"aligncenter\"><img loading=\"lazy\" decoding=\"async\" width=\"1030\" height=\"773\" src=\"https:\/\/www.fondationassistanceauxanimaux.org\/actu\/wp-content\/uploads\/2021\/07\/217668826_1910547715785937_4448970086919736507_n-1030x773.jpeg\" alt=\"\" class=\"wp-image-12656\" srcset=\"https:\/\/www.fondationassistanceauxanimaux.org\/actu\/wp-content\/uploads\/2021\/07\/217668826_1910547715785937_4448970086919736507_n-1030x773.jpeg 1030w, https:\/\/www.fondationassistanceauxanimaux.org\/actu\/wp-content\/uploads\/2021\/07\/217668826_1910547715785937_4448970086919736507_n-300x225.jpeg 300w, https:\/\/www.fondationassistanceauxanimaux.org\/actu\/wp-content\/uploads\/2021\/07\/217668826_1910547715785937_4448970086919736507_n-768x576.jpeg 768w, https:\/\/www.fondationassistanceauxanimaux.org\/actu\/wp-content\/uploads\/2021\/07\/217668826_1910547715785937_4448970086919736507_n-705x529.jpeg 705w, https:\/\/www.fondationassistanceauxanimaux.org\/actu\/wp-content\/uploads\/2021\/07\/217668826_1910547715785937_4448970086919736507_n.jpeg 1440w\" sizes=\"auto, (max-width: 1030px) 100vw, 1030px\" \/><\/figure><\/div>\n","protected":false},"excerpt":{"rendered":"<p>Aujourd\u2019hui, La Fondation Assistance aux Animaux, c\u2019est plus de 2000 animaux et autant de gamelles quotidiennes. Chaque animal y est soign\u00e9, identifi\u00e9, st\u00e9rilis\u00e9, et vaccin\u00e9. La Fondation Assistance aux Animaux ne pratique pas l\u2019euthanasie de convenance. En venant adopter dans une de nos structures, vous faites donc deux bonnes actions : Le bonheur d\u2019un animal [&hellip;]<\/p>\n","protected":false},"author":3,"featured_media":12654,"comment_status":"closed","ping_status":"closed","sticky":false,"template":"","format":"standard","meta":{"footnotes":""},"categories":[19],"tags":[],"class_list":["post-12653","post","type-post","status-publish","format-standard","has-post-thumbnail","hentry","category-refuge-de-morainvilliers"],"yoast_head":"<!-- This site is optimized with the Yoast SEO plugin v24.5 - https:\/\/yoast.com\/wordpress\/plugins\/seo\/ -->\n<title>Les trois derni\u00e8res adoptions du refuge de Morainvilliers - Fondation Assistance aux Animaux - Actualit\u00e9s<\/title>\n<meta name=\"robots\" content=\"index, follow, max-snippet:-1, max-image-preview:large, max-video-preview:-1\" \/>\n<link rel=\"canonical\" href=\"https:\/\/www.fondationassistanceauxanimaux.org\/actu\/dernieres-adoptions-refuge-morainvilliers-12653\/\" \/>\n<meta property=\"og:locale\" content=\"fr_FR\" \/>\n<meta property=\"og:type\" content=\"article\" \/>\n<meta property=\"og:title\" content=\"Les trois derni\u00e8res adoptions du refuge de Morainvilliers - Fondation Assistance aux Animaux - Actualit\u00e9s\" \/>\n<meta property=\"og:description\" content=\"Aujourd\u2019hui, La Fondation Assistance aux Animaux, c\u2019est plus de 2000 animaux et autant de gamelles quotidiennes. Chaque animal y est soign\u00e9, identifi\u00e9, st\u00e9rilis\u00e9, et vaccin\u00e9. La Fondation Assistance aux Animaux ne pratique pas l\u2019euthanasie de convenance. En venant adopter dans une de nos structures, vous faites donc deux bonnes actions : Le bonheur d\u2019un animal [&hellip;]\" \/>\n<meta property=\"og:url\" content=\"https:\/\/www.fondationassistanceauxanimaux.org\/actu\/dernieres-adoptions-refuge-morainvilliers-12653\/\" \/>\n<meta property=\"og:site_name\" content=\"Fondation Assistance aux Animaux - Actualit\u00e9s\" \/>\n<meta property=\"article:published_time\" content=\"2021-07-14T08:04:55+00:00\" \/>\n<meta property=\"article:modified_time\" content=\"2021-07-14T08:04:57+00:00\" \/>\n<meta property=\"og:image\" content=\"https:\/\/www.fondationassistanceauxanimaux.org\/actu\/wp-content\/uploads\/2021\/07\/209674502_1905044253002950_3546631710817951572_n.jpeg\" \/>\n\t<meta property=\"og:image:width\" content=\"1440\" \/>\n\t<meta property=\"og:image:height\" content=\"1080\" \/>\n\t<meta property=\"og:image:type\" content=\"image\/jpeg\" \/>\n<meta name=\"author\" content=\"No\u00e9\" \/>\n<meta name=\"twitter:card\" content=\"summary_large_image\" \/>\n<meta name=\"twitter:label1\" content=\"\u00c9crit par\" \/>\n\t<meta name=\"twitter:data1\" content=\"No\u00e9\" \/>\n<script type=\"application\/ld+json\" class=\"yoast-schema-graph\">{\"@context\":\"https:\/\/schema.org\",\"@graph\":[{\"@type\":\"WebPage\",\"@id\":\"https:\/\/www.fondationassistanceauxanimaux.org\/actu\/dernieres-adoptions-refuge-morainvilliers-12653\/\",\"url\":\"https:\/\/www.fondationassistanceauxanimaux.org\/actu\/dernieres-adoptions-refuge-morainvilliers-12653\/\",\"name\":\"Les trois derni\u00e8res adoptions du refuge de Morainvilliers - Fondation Assistance aux Animaux - Actualit\u00e9s\",\"isPartOf\":{\"@id\":\"https:\/\/www.fondationassistanceauxanimaux.org\/actu\/#website\"},\"primaryImageOfPage\":{\"@id\":\"https:\/\/www.fondationassistanceauxanimaux.org\/actu\/dernieres-adoptions-refuge-morainvilliers-12653\/#primaryimage\"},\"image\":{\"@id\":\"https:\/\/www.fondationassistanceauxanimaux.org\/actu\/dernieres-adoptions-refuge-morainvilliers-12653\/#primaryimage\"},\"thumbnailUrl\":\"https:\/\/www.fondationassistanceauxanimaux.org\/actu\/wp-content\/uploads\/2021\/07\/209674502_1905044253002950_3546631710817951572_n.jpeg\",\"datePublished\":\"2021-07-14T08:04:55+00:00\",\"dateModified\":\"2021-07-14T08:04:57+00:00\",\"author\":{\"@id\":\"https:\/\/www.fondationassistanceauxanimaux.org\/actu\/#\/schema\/person\/71a8476d98daaea0d71a965c5603e10b\"},\"breadcrumb\":{\"@id\":\"https:\/\/www.fondationassistanceauxanimaux.org\/actu\/dernieres-adoptions-refuge-morainvilliers-12653\/#breadcrumb\"},\"inLanguage\":\"fr-FR\",\"potentialAction\":[{\"@type\":\"ReadAction\",\"target\":[\"https:\/\/www.fondationassistanceauxanimaux.org\/actu\/dernieres-adoptions-refuge-morainvilliers-12653\/\"]}]},{\"@type\":\"ImageObject\",\"inLanguage\":\"fr-FR\",\"@id\":\"https:\/\/www.fondationassistanceauxanimaux.org\/actu\/dernieres-adoptions-refuge-morainvilliers-12653\/#primaryimage\",\"url\":\"https:\/\/www.fondationassistanceauxanimaux.org\/actu\/wp-content\/uploads\/2021\/07\/209674502_1905044253002950_3546631710817951572_n.jpeg\",\"contentUrl\":\"https:\/\/www.fondationassistanceauxanimaux.org\/actu\/wp-content\/uploads\/2021\/07\/209674502_1905044253002950_3546631710817951572_n.jpeg\",\"width\":1440,\"height\":1080},{\"@type\":\"BreadcrumbList\",\"@id\":\"https:\/\/www.fondationassistanceauxanimaux.org\/actu\/dernieres-adoptions-refuge-morainvilliers-12653\/#breadcrumb\",\"itemListElement\":[{\"@type\":\"ListItem\",\"position\":1,\"name\":\"Accueil\",\"item\":\"https:\/\/www.fondationassistanceauxanimaux.org\/actu\/\"},{\"@type\":\"ListItem\",\"position\":2,\"name\":\"Les trois derni\u00e8res adoptions du refuge de Morainvilliers\"}]},{\"@type\":\"WebSite\",\"@id\":\"https:\/\/www.fondationassistanceauxanimaux.org\/actu\/#website\",\"url\":\"https:\/\/www.fondationassistanceauxanimaux.org\/actu\/\",\"name\":\"Fondation Assistance aux Animaux - Actualit\u00e9s\",\"description\":\"Depuis 1930 la Fondation Assistance aux Animaux pour la d\u00e9fense et la protection des animaux maltrait\u00e9s et abandonn\u00e9s\",\"potentialAction\":[{\"@type\":\"SearchAction\",\"target\":{\"@type\":\"EntryPoint\",\"urlTemplate\":\"https:\/\/www.fondationassistanceauxanimaux.org\/actu\/?s={search_term_string}\"},\"query-input\":{\"@type\":\"PropertyValueSpecification\",\"valueRequired\":true,\"valueName\":\"search_term_string\"}}],\"inLanguage\":\"fr-FR\"},{\"@type\":\"Person\",\"@id\":\"https:\/\/www.fondationassistanceauxanimaux.org\/actu\/#\/schema\/person\/71a8476d98daaea0d71a965c5603e10b\",\"name\":\"No\u00e9\",\"image\":{\"@type\":\"ImageObject\",\"inLanguage\":\"fr-FR\",\"@id\":\"https:\/\/www.fondationassistanceauxanimaux.org\/actu\/#\/schema\/person\/image\/\",\"url\":\"https:\/\/secure.gravatar.com\/avatar\/d34cf6c6bd22b3db9c932bc580c4d1ba93c0cda7588a41b59078888ab1e5f007?s=96&d=mm&r=g\",\"contentUrl\":\"https:\/\/secure.gravatar.com\/avatar\/d34cf6c6bd22b3db9c932bc580c4d1ba93c0cda7588a41b59078888ab1e5f007?s=96&d=mm&r=g\",\"caption\":\"No\u00e9\"},\"url\":\"https:\/\/www.fondationassistanceauxanimaux.org\/actu\/author\/anne\/\"}]}<\/script>\n<!-- \/ Yoast SEO plugin. -->","yoast_head_json":{"title":"Les trois derni\u00e8res adoptions du refuge de Morainvilliers - Fondation Assistance aux Animaux - Actualit\u00e9s","robots":{"index":"index","follow":"follow","max-snippet":"max-snippet:-1","max-image-preview":"max-image-preview:large","max-video-preview":"max-video-preview:-1"},"canonical":"https:\/\/www.fondationassistanceauxanimaux.org\/actu\/dernieres-adoptions-refuge-morainvilliers-12653\/","og_locale":"fr_FR","og_type":"article","og_title":"Les trois derni\u00e8res adoptions du refuge de Morainvilliers - Fondation Assistance aux Animaux - Actualit\u00e9s","og_description":"Aujourd\u2019hui, La Fondation Assistance aux Animaux, c\u2019est plus de 2000 animaux et autant de gamelles quotidiennes. Chaque animal y est soign\u00e9, identifi\u00e9, st\u00e9rilis\u00e9, et vaccin\u00e9. La Fondation Assistance aux Animaux ne pratique pas l\u2019euthanasie de convenance. En venant adopter dans une de nos structures, vous faites donc deux bonnes actions : Le bonheur d\u2019un animal [&hellip;]","og_url":"https:\/\/www.fondationassistanceauxanimaux.org\/actu\/dernieres-adoptions-refuge-morainvilliers-12653\/","og_site_name":"Fondation Assistance aux Animaux - Actualit\u00e9s","article_published_time":"2021-07-14T08:04:55+00:00","article_modified_time":"2021-07-14T08:04:57+00:00","og_image":[{"width":1440,"height":1080,"url":"https:\/\/www.fondationassistanceauxanimaux.org\/actu\/wp-content\/uploads\/2021\/07\/209674502_1905044253002950_3546631710817951572_n.jpeg","type":"image\/jpeg"}],"author":"No\u00e9","twitter_card":"summary_large_image","twitter_misc":{"\u00c9crit par":"No\u00e9"},"schema":{"@context":"https:\/\/schema.org","@graph":[{"@type":"WebPage","@id":"https:\/\/www.fondationassistanceauxanimaux.org\/actu\/dernieres-adoptions-refuge-morainvilliers-12653\/","url":"https:\/\/www.fondationassistanceauxanimaux.org\/actu\/dernieres-adoptions-refuge-morainvilliers-12653\/","name":"Les trois derni\u00e8res adoptions du refuge de Morainvilliers - Fondation Assistance aux Animaux - Actualit\u00e9s","isPartOf":{"@id":"https:\/\/www.fondationassistanceauxanimaux.org\/actu\/#website"},"primaryImageOfPage":{"@id":"https:\/\/www.fondationassistanceauxanimaux.org\/actu\/dernieres-adoptions-refuge-morainvilliers-12653\/#primaryimage"},"image":{"@id":"https:\/\/www.fondationassistanceauxanimaux.org\/actu\/dernieres-adoptions-refuge-morainvilliers-12653\/#primaryimage"},"thumbnailUrl":"https:\/\/www.fondationassistanceauxanimaux.org\/actu\/wp-content\/uploads\/2021\/07\/209674502_1905044253002950_3546631710817951572_n.jpeg","datePublished":"2021-07-14T08:04:55+00:00","dateModified":"2021-07-14T08:04:57+00:00","author":{"@id":"https:\/\/www.fondationassistanceauxanimaux.org\/actu\/#\/schema\/person\/71a8476d98daaea0d71a965c5603e10b"},"breadcrumb":{"@id":"https:\/\/www.fondationassistanceauxanimaux.org\/actu\/dernieres-adoptions-refuge-morainvilliers-12653\/#breadcrumb"},"inLanguage":"fr-FR","potentialAction":[{"@type":"ReadAction","target":["https:\/\/www.fondationassistanceauxanimaux.org\/actu\/dernieres-adoptions-refuge-morainvilliers-12653\/"]}]},{"@type":"ImageObject","inLanguage":"fr-FR","@id":"https:\/\/www.fondationassistanceauxanimaux.org\/actu\/dernieres-adoptions-refuge-morainvilliers-12653\/#primaryimage","url":"https:\/\/www.fondationassistanceauxanimaux.org\/actu\/wp-content\/uploads\/2021\/07\/209674502_1905044253002950_3546631710817951572_n.jpeg","contentUrl":"https:\/\/www.fondationassistanceauxanimaux.org\/actu\/wp-content\/uploads\/2021\/07\/209674502_1905044253002950_3546631710817951572_n.jpeg","width":1440,"height":1080},{"@type":"BreadcrumbList","@id":"https:\/\/www.fondationassistanceauxanimaux.org\/actu\/dernieres-adoptions-refuge-morainvilliers-12653\/#breadcrumb","itemListElement":[{"@type":"ListItem","position":1,"name":"Accueil","item":"https:\/\/www.fondationassistanceauxanimaux.org\/actu\/"},{"@type":"ListItem","position":2,"name":"Les trois derni\u00e8res adoptions du refuge de Morainvilliers"}]},{"@type":"WebSite","@id":"https:\/\/www.fondationassistanceauxanimaux.org\/actu\/#website","url":"https:\/\/www.fondationassistanceauxanimaux.org\/actu\/","name":"Fondation Assistance aux Animaux - Actualit\u00e9s","description":"Depuis 1930 la Fondation Assistance aux Animaux pour la d\u00e9fense et la protection des animaux maltrait\u00e9s et abandonn\u00e9s","potentialAction":[{"@type":"SearchAction","target":{"@type":"EntryPoint","urlTemplate":"https:\/\/www.fondationassistanceauxanimaux.org\/actu\/?s={search_term_string}"},"query-input":{"@type":"PropertyValueSpecification","valueRequired":true,"valueName":"search_term_string"}}],"inLanguage":"fr-FR"},{"@type":"Person","@id":"https:\/\/www.fondationassistanceauxanimaux.org\/actu\/#\/schema\/person\/71a8476d98daaea0d71a965c5603e10b","name":"No\u00e9","image":{"@type":"ImageObject","inLanguage":"fr-FR","@id":"https:\/\/www.fondationassistanceauxanimaux.org\/actu\/#\/schema\/person\/image\/","url":"https:\/\/secure.gravatar.com\/avatar\/d34cf6c6bd22b3db9c932bc580c4d1ba93c0cda7588a41b59078888ab1e5f007?s=96&d=mm&r=g","contentUrl":"https:\/\/secure.gravatar.com\/avatar\/d34cf6c6bd22b3db9c932bc580c4d1ba93c0cda7588a41b59078888ab1e5f007?s=96&d=mm&r=g","caption":"No\u00e9"},"url":"https:\/\/www.fondationassistanceauxanimaux.org\/actu\/author\/anne\/"}]}},"_links":{"self":[{"href":"https:\/\/www.fondationassistanceauxanimaux.org\/actu\/wp-json\/wp\/v2\/posts\/12653","targetHints":{"allow":["GET"]}}],"collection":[{"href":"https:\/\/www.fondationassistanceauxanimaux.org\/actu\/wp-json\/wp\/v2\/posts"}],"about":[{"href":"https:\/\/www.fondationassistanceauxanimaux.org\/actu\/wp-json\/wp\/v2\/types\/post"}],"author":[{"embeddable":true,"href":"https:\/\/www.fondationassistanceauxanimaux.org\/actu\/wp-json\/wp\/v2\/users\/3"}],"replies":[{"embeddable":true,"href":"https:\/\/www.fondationassistanceauxanimaux.org\/actu\/wp-json\/wp\/v2\/comments?post=12653"}],"version-history":[{"count":2,"href":"https:\/\/www.fondationassistanceauxanimaux.org\/actu\/wp-json\/wp\/v2\/posts\/12653\/revisions"}],"predecessor-version":[{"id":12658,"href":"https:\/\/www.fondationassistanceauxanimaux.org\/actu\/wp-json\/wp\/v2\/posts\/12653\/revisions\/12658"}],"wp:featuredmedia":[{"embeddable":true,"href":"https:\/\/www.fondationassistanceauxanimaux.org\/actu\/wp-json\/wp\/v2\/media\/12654"}],"wp:attachment":[{"href":"https:\/\/www.fondationassistanceauxanimaux.org\/actu\/wp-json\/wp\/v2\/media?parent=12653"}],"wp:term":[{"taxonomy":"category","embeddable":true,"href":"https:\/\/www.fondationassistanceauxanimaux.org\/actu\/wp-json\/wp\/v2\/categories?post=12653"},{"taxonomy":"post_tag","embeddable":true,"href":"https:\/\/www.fondationassistanceauxanimaux.org\/actu\/wp-json\/wp\/v2\/tags?post=12653"}],"curies":[{"name":"wp","href":"https:\/\/api.w.org\/{rel}","templated":true}]}}