{"id":12344,"date":"2021-06-15T08:22:05","date_gmt":"2021-06-15T06:22:05","guid":{"rendered":"https:\/\/www.fondationassistanceauxanimaux.org\/actu\/?p=12344"},"modified":"2021-06-15T17:10:57","modified_gmt":"2021-06-15T15:10:57","slug":"video-niel-chien-refuge-toulon","status":"publish","type":"post","link":"https:\/\/www.fondationassistanceauxanimaux.org\/actu\/video-niel-chien-refuge-toulon-12344\/","title":{"rendered":"Pr\u00e9sentation de \u00ab\u00a0Niel\u00a0\u00bb, petit prot\u00e9g\u00e9 du refuge de Toulon"},"content":{"rendered":"\n<p><strong>\u00ab\u00a0Niel\u00a0\u00bb, petit prot\u00e9g\u00e9 du refuge Fondation Assistance aux Animaux de Toulon, a eu le droit \u00e0 son portrait vid\u00e9o !<\/strong><\/p>\n\n\n\n<p><strong>Pris en charge au refuge il y a quelques mois apr\u00e8s avoir \u00e9t\u00e9 abandonn\u00e9, cet adorable chien de 8 ans attend une famille pour la vie.<\/strong> <strong>Nathalie, animali\u00e8re salari\u00e9e de la Fondation Assistance aux Animaux, le pr\u00e9sente dans cette vid\u00e9o.<\/strong><\/p>\n\n\n\n<figure class=\"wp-block-embed-youtube wp-block-embed is-type-video is-provider-youtube wp-embed-aspect-16-9 wp-has-aspect-ratio\"><div class=\"wp-block-embed__wrapper\">\n<div class='avia-iframe-wrap'><iframe loading=\"lazy\" title=\"#Adopterunchien Visite au refuge Assistance aux Animaux de Toulon\" width=\"1500\" height=\"844\" src=\"https:\/\/www.youtube.com\/embed\/LTffNbqrYwo?feature=oembed\" frameborder=\"0\" allow=\"accelerometer; autoplay; clipboard-write; encrypted-media; gyroscope; picture-in-picture\" allowfullscreen><\/iframe><\/div>\n<\/div><\/figure>\n\n\n\n<blockquote class=\"wp-block-quote is-layout-flow wp-block-quote-is-layout-flow\"><p><strong>La Fondation Assistance aux Animaux ne pratique pas l\u2019euthanasie de convenance. En venant adopter dans une de nos structures, vous faites donc deux bonnes actions : le bonheur d\u2019un animal qui va pouvoir lib\u00e9rer une place pour un autre dans le besoin.<\/strong><\/p><\/blockquote>\n\n\n\n<h2 class=\"wp-block-heading\">Informations pratiques<\/h2>\n\n\n\n<p><strong>En raison de la crise sanitaire actuelle li\u00e9e \u00e0 la covid-19, les visites dans les refuges Fondation Assistance aux Animaux sont possibles uniquement sur rendez-vous. Nous vous invitons \u00e0 contacter nos \u00e9quipes par t\u00e9l\u00e9phone (num\u00e9ro du refuge de Toulon : 04 94 24 25 84).<\/strong><\/p>\n\n\n\n<h2 class=\"wp-block-heading\">Adresse<\/h2>\n\n\n\n<p><strong>Le Lagoubran<\/strong><br><strong>Avenue Aristide Briand 83200 Toulon<\/strong><\/p>\n\n\n\n<div class=\"wp-block-image\"><figure class=\"aligncenter size-large is-resized\"><img loading=\"lazy\" decoding=\"async\" src=\"https:\/\/www.fondationassistanceauxanimaux.org\/actu\/wp-content\/uploads\/2021\/06\/niel-868x1030.jpeg\" alt=\"\" class=\"wp-image-12347\" width=\"476\" height=\"566\" srcset=\"https:\/\/www.fondationassistanceauxanimaux.org\/actu\/wp-content\/uploads\/2021\/06\/niel-868x1030.jpeg 868w, https:\/\/www.fondationassistanceauxanimaux.org\/actu\/wp-content\/uploads\/2021\/06\/niel-253x300.jpeg 253w, https:\/\/www.fondationassistanceauxanimaux.org\/actu\/wp-content\/uploads\/2021\/06\/niel-768x911.jpeg 768w, https:\/\/www.fondationassistanceauxanimaux.org\/actu\/wp-content\/uploads\/2021\/06\/niel-1264x1500.jpeg 1264w, https:\/\/www.fondationassistanceauxanimaux.org\/actu\/wp-content\/uploads\/2021\/06\/niel-594x705.jpeg 594w, https:\/\/www.fondationassistanceauxanimaux.org\/actu\/wp-content\/uploads\/2021\/06\/niel.jpeg 1290w\" sizes=\"auto, (max-width: 476px) 100vw, 476px\" \/><\/figure><\/div>\n","protected":false},"excerpt":{"rendered":"<p>\u00ab\u00a0Niel\u00a0\u00bb, petit prot\u00e9g\u00e9 du refuge Fondation Assistance aux Animaux de Toulon, a eu le droit \u00e0 son portrait vid\u00e9o ! Pris en charge au refuge il y a quelques mois apr\u00e8s avoir \u00e9t\u00e9 abandonn\u00e9, cet adorable chien de 8 ans attend une famille pour la vie. Nathalie, animali\u00e8re salari\u00e9e de la Fondation Assistance aux Animaux, [&hellip;]<\/p>\n","protected":false},"author":3,"featured_media":12364,"comment_status":"closed","ping_status":"closed","sticky":false,"template":"","format":"standard","meta":{"footnotes":""},"categories":[15],"tags":[],"class_list":["post-12344","post","type-post","status-publish","format-standard","has-post-thumbnail","hentry","category-refuge-de-toulon"],"yoast_head":"<!-- This site is optimized with the Yoast SEO plugin v24.5 - https:\/\/yoast.com\/wordpress\/plugins\/seo\/ -->\n<title>Pr\u00e9sentation de &quot;Niel&quot;, petit prot\u00e9g\u00e9 du refuge de Toulon - Fondation Assistance aux Animaux - Actualit\u00e9s<\/title>\n<meta name=\"robots\" content=\"index, follow, max-snippet:-1, max-image-preview:large, max-video-preview:-1\" \/>\n<link rel=\"canonical\" href=\"https:\/\/www.fondationassistanceauxanimaux.org\/actu\/video-niel-chien-refuge-toulon-12344\/\" \/>\n<meta property=\"og:locale\" content=\"fr_FR\" \/>\n<meta property=\"og:type\" content=\"article\" \/>\n<meta property=\"og:title\" content=\"Pr\u00e9sentation de &quot;Niel&quot;, petit prot\u00e9g\u00e9 du refuge de Toulon - Fondation Assistance aux Animaux - Actualit\u00e9s\" \/>\n<meta property=\"og:description\" content=\"\u00ab\u00a0Niel\u00a0\u00bb, petit prot\u00e9g\u00e9 du refuge Fondation Assistance aux Animaux de Toulon, a eu le droit \u00e0 son portrait vid\u00e9o ! Pris en charge au refuge il y a quelques mois apr\u00e8s avoir \u00e9t\u00e9 abandonn\u00e9, cet adorable chien de 8 ans attend une famille pour la vie. Nathalie, animali\u00e8re salari\u00e9e de la Fondation Assistance aux Animaux, [&hellip;]\" \/>\n<meta property=\"og:url\" content=\"https:\/\/www.fondationassistanceauxanimaux.org\/actu\/video-niel-chien-refuge-toulon-12344\/\" \/>\n<meta property=\"og:site_name\" content=\"Fondation Assistance aux Animaux - Actualit\u00e9s\" \/>\n<meta property=\"article:published_time\" content=\"2021-06-15T06:22:05+00:00\" \/>\n<meta property=\"article:modified_time\" content=\"2021-06-15T15:10:57+00:00\" \/>\n<meta property=\"og:image\" content=\"https:\/\/www.fondationassistanceauxanimaux.org\/actu\/wp-content\/uploads\/2021\/06\/niel-1.jpeg\" \/>\n\t<meta property=\"og:image:width\" content=\"1231\" \/>\n\t<meta property=\"og:image:height\" content=\"1084\" \/>\n\t<meta property=\"og:image:type\" content=\"image\/jpeg\" \/>\n<meta name=\"author\" content=\"No\u00e9\" \/>\n<meta name=\"twitter:card\" content=\"summary_large_image\" \/>\n<meta name=\"twitter:label1\" content=\"\u00c9crit par\" \/>\n\t<meta name=\"twitter:data1\" content=\"No\u00e9\" \/>\n\t<meta name=\"twitter:label2\" content=\"Dur\u00e9e de lecture estim\u00e9e\" \/>\n\t<meta name=\"twitter:data2\" content=\"1 minute\" \/>\n<script type=\"application\/ld+json\" class=\"yoast-schema-graph\">{\"@context\":\"https:\/\/schema.org\",\"@graph\":[{\"@type\":\"WebPage\",\"@id\":\"https:\/\/www.fondationassistanceauxanimaux.org\/actu\/video-niel-chien-refuge-toulon-12344\/\",\"url\":\"https:\/\/www.fondationassistanceauxanimaux.org\/actu\/video-niel-chien-refuge-toulon-12344\/\",\"name\":\"Pr\u00e9sentation de \\\"Niel\\\", petit prot\u00e9g\u00e9 du refuge de Toulon - Fondation Assistance aux Animaux - Actualit\u00e9s\",\"isPartOf\":{\"@id\":\"https:\/\/www.fondationassistanceauxanimaux.org\/actu\/#website\"},\"primaryImageOfPage\":{\"@id\":\"https:\/\/www.fondationassistanceauxanimaux.org\/actu\/video-niel-chien-refuge-toulon-12344\/#primaryimage\"},\"image\":{\"@id\":\"https:\/\/www.fondationassistanceauxanimaux.org\/actu\/video-niel-chien-refuge-toulon-12344\/#primaryimage\"},\"thumbnailUrl\":\"https:\/\/www.fondationassistanceauxanimaux.org\/actu\/wp-content\/uploads\/2021\/06\/niel-1.jpeg\",\"datePublished\":\"2021-06-15T06:22:05+00:00\",\"dateModified\":\"2021-06-15T15:10:57+00:00\",\"author\":{\"@id\":\"https:\/\/www.fondationassistanceauxanimaux.org\/actu\/#\/schema\/person\/71a8476d98daaea0d71a965c5603e10b\"},\"breadcrumb\":{\"@id\":\"https:\/\/www.fondationassistanceauxanimaux.org\/actu\/video-niel-chien-refuge-toulon-12344\/#breadcrumb\"},\"inLanguage\":\"fr-FR\",\"potentialAction\":[{\"@type\":\"ReadAction\",\"target\":[\"https:\/\/www.fondationassistanceauxanimaux.org\/actu\/video-niel-chien-refuge-toulon-12344\/\"]}]},{\"@type\":\"ImageObject\",\"inLanguage\":\"fr-FR\",\"@id\":\"https:\/\/www.fondationassistanceauxanimaux.org\/actu\/video-niel-chien-refuge-toulon-12344\/#primaryimage\",\"url\":\"https:\/\/www.fondationassistanceauxanimaux.org\/actu\/wp-content\/uploads\/2021\/06\/niel-1.jpeg\",\"contentUrl\":\"https:\/\/www.fondationassistanceauxanimaux.org\/actu\/wp-content\/uploads\/2021\/06\/niel-1.jpeg\",\"width\":1231,\"height\":1084},{\"@type\":\"BreadcrumbList\",\"@id\":\"https:\/\/www.fondationassistanceauxanimaux.org\/actu\/video-niel-chien-refuge-toulon-12344\/#breadcrumb\",\"itemListElement\":[{\"@type\":\"ListItem\",\"position\":1,\"name\":\"Accueil\",\"item\":\"https:\/\/www.fondationassistanceauxanimaux.org\/actu\/\"},{\"@type\":\"ListItem\",\"position\":2,\"name\":\"Pr\u00e9sentation de \u00ab\u00a0Niel\u00a0\u00bb, petit prot\u00e9g\u00e9 du refuge de Toulon\"}]},{\"@type\":\"WebSite\",\"@id\":\"https:\/\/www.fondationassistanceauxanimaux.org\/actu\/#website\",\"url\":\"https:\/\/www.fondationassistanceauxanimaux.org\/actu\/\",\"name\":\"Fondation Assistance aux Animaux - Actualit\u00e9s\",\"description\":\"Depuis 1930 la Fondation Assistance aux Animaux pour la d\u00e9fense et la protection des animaux maltrait\u00e9s et abandonn\u00e9s\",\"potentialAction\":[{\"@type\":\"SearchAction\",\"target\":{\"@type\":\"EntryPoint\",\"urlTemplate\":\"https:\/\/www.fondationassistanceauxanimaux.org\/actu\/?s={search_term_string}\"},\"query-input\":{\"@type\":\"PropertyValueSpecification\",\"valueRequired\":true,\"valueName\":\"search_term_string\"}}],\"inLanguage\":\"fr-FR\"},{\"@type\":\"Person\",\"@id\":\"https:\/\/www.fondationassistanceauxanimaux.org\/actu\/#\/schema\/person\/71a8476d98daaea0d71a965c5603e10b\",\"name\":\"No\u00e9\",\"image\":{\"@type\":\"ImageObject\",\"inLanguage\":\"fr-FR\",\"@id\":\"https:\/\/www.fondationassistanceauxanimaux.org\/actu\/#\/schema\/person\/image\/\",\"url\":\"https:\/\/secure.gravatar.com\/avatar\/d34cf6c6bd22b3db9c932bc580c4d1ba93c0cda7588a41b59078888ab1e5f007?s=96&d=mm&r=g\",\"contentUrl\":\"https:\/\/secure.gravatar.com\/avatar\/d34cf6c6bd22b3db9c932bc580c4d1ba93c0cda7588a41b59078888ab1e5f007?s=96&d=mm&r=g\",\"caption\":\"No\u00e9\"},\"url\":\"https:\/\/www.fondationassistanceauxanimaux.org\/actu\/author\/anne\/\"}]}<\/script>\n<!-- \/ Yoast SEO plugin. -->","yoast_head_json":{"title":"Pr\u00e9sentation de \"Niel\", petit prot\u00e9g\u00e9 du refuge de Toulon - Fondation Assistance aux Animaux - Actualit\u00e9s","robots":{"index":"index","follow":"follow","max-snippet":"max-snippet:-1","max-image-preview":"max-image-preview:large","max-video-preview":"max-video-preview:-1"},"canonical":"https:\/\/www.fondationassistanceauxanimaux.org\/actu\/video-niel-chien-refuge-toulon-12344\/","og_locale":"fr_FR","og_type":"article","og_title":"Pr\u00e9sentation de \"Niel\", petit prot\u00e9g\u00e9 du refuge de Toulon - Fondation Assistance aux Animaux - Actualit\u00e9s","og_description":"\u00ab\u00a0Niel\u00a0\u00bb, petit prot\u00e9g\u00e9 du refuge Fondation Assistance aux Animaux de Toulon, a eu le droit \u00e0 son portrait vid\u00e9o ! Pris en charge au refuge il y a quelques mois apr\u00e8s avoir \u00e9t\u00e9 abandonn\u00e9, cet adorable chien de 8 ans attend une famille pour la vie. Nathalie, animali\u00e8re salari\u00e9e de la Fondation Assistance aux Animaux, [&hellip;]","og_url":"https:\/\/www.fondationassistanceauxanimaux.org\/actu\/video-niel-chien-refuge-toulon-12344\/","og_site_name":"Fondation Assistance aux Animaux - Actualit\u00e9s","article_published_time":"2021-06-15T06:22:05+00:00","article_modified_time":"2021-06-15T15:10:57+00:00","og_image":[{"width":1231,"height":1084,"url":"https:\/\/www.fondationassistanceauxanimaux.org\/actu\/wp-content\/uploads\/2021\/06\/niel-1.jpeg","type":"image\/jpeg"}],"author":"No\u00e9","twitter_card":"summary_large_image","twitter_misc":{"\u00c9crit par":"No\u00e9","Dur\u00e9e de lecture estim\u00e9e":"1 minute"},"schema":{"@context":"https:\/\/schema.org","@graph":[{"@type":"WebPage","@id":"https:\/\/www.fondationassistanceauxanimaux.org\/actu\/video-niel-chien-refuge-toulon-12344\/","url":"https:\/\/www.fondationassistanceauxanimaux.org\/actu\/video-niel-chien-refuge-toulon-12344\/","name":"Pr\u00e9sentation de \"Niel\", petit prot\u00e9g\u00e9 du refuge de Toulon - Fondation Assistance aux Animaux - Actualit\u00e9s","isPartOf":{"@id":"https:\/\/www.fondationassistanceauxanimaux.org\/actu\/#website"},"primaryImageOfPage":{"@id":"https:\/\/www.fondationassistanceauxanimaux.org\/actu\/video-niel-chien-refuge-toulon-12344\/#primaryimage"},"image":{"@id":"https:\/\/www.fondationassistanceauxanimaux.org\/actu\/video-niel-chien-refuge-toulon-12344\/#primaryimage"},"thumbnailUrl":"https:\/\/www.fondationassistanceauxanimaux.org\/actu\/wp-content\/uploads\/2021\/06\/niel-1.jpeg","datePublished":"2021-06-15T06:22:05+00:00","dateModified":"2021-06-15T15:10:57+00:00","author":{"@id":"https:\/\/www.fondationassistanceauxanimaux.org\/actu\/#\/schema\/person\/71a8476d98daaea0d71a965c5603e10b"},"breadcrumb":{"@id":"https:\/\/www.fondationassistanceauxanimaux.org\/actu\/video-niel-chien-refuge-toulon-12344\/#breadcrumb"},"inLanguage":"fr-FR","potentialAction":[{"@type":"ReadAction","target":["https:\/\/www.fondationassistanceauxanimaux.org\/actu\/video-niel-chien-refuge-toulon-12344\/"]}]},{"@type":"ImageObject","inLanguage":"fr-FR","@id":"https:\/\/www.fondationassistanceauxanimaux.org\/actu\/video-niel-chien-refuge-toulon-12344\/#primaryimage","url":"https:\/\/www.fondationassistanceauxanimaux.org\/actu\/wp-content\/uploads\/2021\/06\/niel-1.jpeg","contentUrl":"https:\/\/www.fondationassistanceauxanimaux.org\/actu\/wp-content\/uploads\/2021\/06\/niel-1.jpeg","width":1231,"height":1084},{"@type":"BreadcrumbList","@id":"https:\/\/www.fondationassistanceauxanimaux.org\/actu\/video-niel-chien-refuge-toulon-12344\/#breadcrumb","itemListElement":[{"@type":"ListItem","position":1,"name":"Accueil","item":"https:\/\/www.fondationassistanceauxanimaux.org\/actu\/"},{"@type":"ListItem","position":2,"name":"Pr\u00e9sentation de \u00ab\u00a0Niel\u00a0\u00bb, petit prot\u00e9g\u00e9 du refuge de Toulon"}]},{"@type":"WebSite","@id":"https:\/\/www.fondationassistanceauxanimaux.org\/actu\/#website","url":"https:\/\/www.fondationassistanceauxanimaux.org\/actu\/","name":"Fondation Assistance aux Animaux - Actualit\u00e9s","description":"Depuis 1930 la Fondation Assistance aux Animaux pour la d\u00e9fense et la protection des animaux maltrait\u00e9s et abandonn\u00e9s","potentialAction":[{"@type":"SearchAction","target":{"@type":"EntryPoint","urlTemplate":"https:\/\/www.fondationassistanceauxanimaux.org\/actu\/?s={search_term_string}"},"query-input":{"@type":"PropertyValueSpecification","valueRequired":true,"valueName":"search_term_string"}}],"inLanguage":"fr-FR"},{"@type":"Person","@id":"https:\/\/www.fondationassistanceauxanimaux.org\/actu\/#\/schema\/person\/71a8476d98daaea0d71a965c5603e10b","name":"No\u00e9","image":{"@type":"ImageObject","inLanguage":"fr-FR","@id":"https:\/\/www.fondationassistanceauxanimaux.org\/actu\/#\/schema\/person\/image\/","url":"https:\/\/secure.gravatar.com\/avatar\/d34cf6c6bd22b3db9c932bc580c4d1ba93c0cda7588a41b59078888ab1e5f007?s=96&d=mm&r=g","contentUrl":"https:\/\/secure.gravatar.com\/avatar\/d34cf6c6bd22b3db9c932bc580c4d1ba93c0cda7588a41b59078888ab1e5f007?s=96&d=mm&r=g","caption":"No\u00e9"},"url":"https:\/\/www.fondationassistanceauxanimaux.org\/actu\/author\/anne\/"}]}},"_links":{"self":[{"href":"https:\/\/www.fondationassistanceauxanimaux.org\/actu\/wp-json\/wp\/v2\/posts\/12344","targetHints":{"allow":["GET"]}}],"collection":[{"href":"https:\/\/www.fondationassistanceauxanimaux.org\/actu\/wp-json\/wp\/v2\/posts"}],"about":[{"href":"https:\/\/www.fondationassistanceauxanimaux.org\/actu\/wp-json\/wp\/v2\/types\/post"}],"author":[{"embeddable":true,"href":"https:\/\/www.fondationassistanceauxanimaux.org\/actu\/wp-json\/wp\/v2\/users\/3"}],"replies":[{"embeddable":true,"href":"https:\/\/www.fondationassistanceauxanimaux.org\/actu\/wp-json\/wp\/v2\/comments?post=12344"}],"version-history":[{"count":1,"href":"https:\/\/www.fondationassistanceauxanimaux.org\/actu\/wp-json\/wp\/v2\/posts\/12344\/revisions"}],"predecessor-version":[{"id":12348,"href":"https:\/\/www.fondationassistanceauxanimaux.org\/actu\/wp-json\/wp\/v2\/posts\/12344\/revisions\/12348"}],"wp:featuredmedia":[{"embeddable":true,"href":"https:\/\/www.fondationassistanceauxanimaux.org\/actu\/wp-json\/wp\/v2\/media\/12364"}],"wp:attachment":[{"href":"https:\/\/www.fondationassistanceauxanimaux.org\/actu\/wp-json\/wp\/v2\/media?parent=12344"}],"wp:term":[{"taxonomy":"category","embeddable":true,"href":"https:\/\/www.fondationassistanceauxanimaux.org\/actu\/wp-json\/wp\/v2\/categories?post=12344"},{"taxonomy":"post_tag","embeddable":true,"href":"https:\/\/www.fondationassistanceauxanimaux.org\/actu\/wp-json\/wp\/v2\/tags?post=12344"}],"curies":[{"name":"wp","href":"https:\/\/api.w.org\/{rel}","templated":true}]}}