{"id":11860,"date":"2021-04-28T08:32:12","date_gmt":"2021-04-28T06:32:12","guid":{"rendered":"https:\/\/www.fondationassistanceauxanimaux.org\/actu\/?p=11860"},"modified":"2021-04-28T08:33:43","modified_gmt":"2021-04-28T06:33:43","slug":"vanya-recherche-famille-refuge-carros","status":"publish","type":"post","link":"https:\/\/www.fondationassistanceauxanimaux.org\/actu\/vanya-recherche-famille-refuge-carros-11860\/","title":{"rendered":"\u00ab\u00a0Vanya\u00a0\u00bb recherche une famille qui prendra soin d&rsquo;elle !"},"content":{"rendered":"\n<p><strong>Elle s&rsquo;appelle \u00ab\u00a0Vanya\u00a0\u00bb et se trouve au refuge Fondation Assistance aux Animaux de Carros.<\/strong><\/p>\n\n\n\n<p><strong>Elle a \u00e9t\u00e9 d\u00e9pos\u00e9e au refuge lorsqu&rsquo;elle \u00e9tait toute jeune, avec toute la fratrie. La port\u00e9e de chatons avait \u00e9t\u00e9 trouv\u00e9e sur un balcon, livr\u00e9s \u00e0 eux-m\u00eames.<\/strong><\/p>\n\n\n\n<p><strong>N\u2019ayant jamais connu l\u2019humain, il a fallu un long travail de sociabilisation avant de leur trouver une famille. Ils \u00e9taient assez sauvages.<\/strong><\/p>\n\n\n\n<p><strong>Aujourd&rsquo;hui, il ne reste plus que la douce \u00ab\u00a0Vanya\u00a0\u00bb au refuge. <\/strong><\/p>\n\n\n\n<figure class=\"wp-block-gallery columns-2 is-cropped wp-block-gallery-1 is-layout-flex wp-block-gallery-is-layout-flex\"><ul class=\"blocks-gallery-grid\"><li class=\"blocks-gallery-item\"><figure><img loading=\"lazy\" decoding=\"async\" width=\"768\" height=\"1024\" src=\"https:\/\/www.fondationassistanceauxanimaux.org\/actu\/wp-content\/uploads\/2021\/04\/unnamed-11.jpg\" alt=\"\" data-id=\"11861\" data-full-url=\"https:\/\/www.fondationassistanceauxanimaux.org\/actu\/wp-content\/uploads\/2021\/04\/unnamed-11.jpg\" data-link=\"https:\/\/www.fondationassistanceauxanimaux.org\/actu\/?attachment_id=11861\" class=\"wp-image-11861\" srcset=\"https:\/\/www.fondationassistanceauxanimaux.org\/actu\/wp-content\/uploads\/2021\/04\/unnamed-11.jpg 768w, https:\/\/www.fondationassistanceauxanimaux.org\/actu\/wp-content\/uploads\/2021\/04\/unnamed-11-225x300.jpg 225w, https:\/\/www.fondationassistanceauxanimaux.org\/actu\/wp-content\/uploads\/2021\/04\/unnamed-11-529x705.jpg 529w\" sizes=\"auto, (max-width: 768px) 100vw, 768px\" \/><\/figure><\/li><li class=\"blocks-gallery-item\"><figure><img loading=\"lazy\" decoding=\"async\" width=\"1024\" height=\"768\" src=\"https:\/\/www.fondationassistanceauxanimaux.org\/actu\/wp-content\/uploads\/2021\/04\/unnamed-2-4.jpg\" alt=\"\" data-id=\"11863\" data-full-url=\"https:\/\/www.fondationassistanceauxanimaux.org\/actu\/wp-content\/uploads\/2021\/04\/unnamed-2-4.jpg\" data-link=\"https:\/\/www.fondationassistanceauxanimaux.org\/actu\/?attachment_id=11863\" class=\"wp-image-11863\" srcset=\"https:\/\/www.fondationassistanceauxanimaux.org\/actu\/wp-content\/uploads\/2021\/04\/unnamed-2-4.jpg 1024w, https:\/\/www.fondationassistanceauxanimaux.org\/actu\/wp-content\/uploads\/2021\/04\/unnamed-2-4-300x225.jpg 300w, https:\/\/www.fondationassistanceauxanimaux.org\/actu\/wp-content\/uploads\/2021\/04\/unnamed-2-4-768x576.jpg 768w, https:\/\/www.fondationassistanceauxanimaux.org\/actu\/wp-content\/uploads\/2021\/04\/unnamed-2-4-705x529.jpg 705w\" sizes=\"auto, (max-width: 1024px) 100vw, 1024px\" \/><\/figure><\/li><\/ul><figcaption class=\"blocks-gallery-caption\">\u00ab\u00a0Vanya\u00a0\u00bb &#8211; Refuge de Carros<\/figcaption><\/figure>\n\n\n\n<p><strong>Cette jeune chatte a un probl\u00e8me de sant\u00e9 : c&rsquo;est apr\u00e8s de nombreux examens que le verdict est tomb\u00e9. \u00ab\u00a0Vanya\u00a0\u00bb poss\u00e8de des malformations osseuses n\u00e9cessitant plusieurs op\u00e9rations.<\/strong><\/p>\n\n\n\n<p><strong>Test\u00e9e positive \u00e0 la PIF, les op\u00e9rations sont risqu\u00e9es !<\/strong><\/p>\n\n\n\n<p><strong>Une premi\u00e8re op\u00e9ration \u00e9tait essentielle pour la soulager, la Fondation Assistance aux Animaux l&rsquo;a fait op\u00e9rer. D\u2019autres op\u00e9rations seront \u00e0 effectuer par la suite si l\u2019\u00e9volution de ces malformations devient trop g\u00eanante.<\/strong><\/p>\n\n\n\n<p><strong>Aujourd\u2019hui, \u00ab\u00a0Vanya\u00a0\u00bb continue sa r\u00e9\u00e9ducation post-op\u00e9ratoire et attend patiemment une famille qui prendra soin d&rsquo;elle. Il lui faut un foyer calme, plein de douceur, en appartement, sans autre chat (ou avec un chat PIF).<\/strong><\/p>\n\n\n\n<p><strong>Faites lui le plus beau des cadeaux, adoptez-la ! Pour plus d&rsquo;informations, nous vous invitons \u00e0 contacter notre \u00e9quipe du refuge de Carros.<\/strong><\/p>\n\n\n\n<blockquote class=\"wp-block-quote is-layout-flow wp-block-quote-is-layout-flow\"><p><strong>La Fondation Assistance aux Animaux ne pratique pas l\u2019euthanasie de convenance. En venant adopter dans une de nos structures, vous faites donc deux bonnes actions : Le bonheur d\u2019un animal qui va pouvoir lib\u00e9rer une place pour un autre dans le besoin.<\/strong><\/p><\/blockquote>\n\n\n\n<h2 class=\"wp-block-heading\">Informations pratiques<\/h2>\n\n\n\n<p>Le refuge de Carros est ouvert pour les adoptions ; uniquement sur rendez-vous du lundi au vendredi. Nous vous invitons \u00e0 contacter notre \u00e9quipe par t\u00e9l\u00e9phone au 04 93 08 11 79. Le refuge rouvrira le week-end \u00e0 la lev\u00e9e des mesures pr\u00e9fectorales. Merci de votre compr\u00e9hension.<\/p>\n\n\n\n<p>Pour plus de renseignements contactez notre \u00e9quipe au<br><strong>04 93 08 11 79<\/strong><\/p>\n\n\n\n<h2 class=\"wp-block-heading\">Adresse<\/h2>\n\n\n\n<p><strong>ZI Carros<\/strong><br>Quartier Lou Gabaire 13\u00e9me Rue<br>5\u00e9me Avenue<br>06510 Carros<\/p>\n","protected":false},"excerpt":{"rendered":"<p>Elle s&rsquo;appelle \u00ab\u00a0Vanya\u00a0\u00bb et se trouve au refuge Fondation Assistance aux Animaux de Carros. Elle a \u00e9t\u00e9 d\u00e9pos\u00e9e au refuge lorsqu&rsquo;elle \u00e9tait toute jeune, avec toute la fratrie. La port\u00e9e de chatons avait \u00e9t\u00e9 trouv\u00e9e sur un balcon, livr\u00e9s \u00e0 eux-m\u00eames. N\u2019ayant jamais connu l\u2019humain, il a fallu un long travail de sociabilisation avant de [&hellip;]<\/p>\n","protected":false},"author":3,"featured_media":11863,"comment_status":"closed","ping_status":"closed","sticky":false,"template":"","format":"standard","meta":{"footnotes":""},"categories":[21,17],"tags":[],"class_list":["post-11860","post","type-post","status-publish","format-standard","has-post-thumbnail","hentry","category-fondation-assistance-aux-animaux","category-refuge-de-carros"],"yoast_head":"<!-- This site is optimized with the Yoast SEO plugin v24.5 - https:\/\/yoast.com\/wordpress\/plugins\/seo\/ -->\n<title>&quot;Vanya&quot; recherche une famille qui prendra soin d&#039;elle ! - Fondation Assistance aux Animaux - Actualit\u00e9s<\/title>\n<meta name=\"robots\" content=\"index, follow, max-snippet:-1, max-image-preview:large, max-video-preview:-1\" \/>\n<link rel=\"canonical\" href=\"https:\/\/www.fondationassistanceauxanimaux.org\/actu\/vanya-recherche-famille-refuge-carros-11860\/\" \/>\n<meta property=\"og:locale\" content=\"fr_FR\" \/>\n<meta property=\"og:type\" content=\"article\" \/>\n<meta property=\"og:title\" content=\"&quot;Vanya&quot; recherche une famille qui prendra soin d&#039;elle ! - Fondation Assistance aux Animaux - Actualit\u00e9s\" \/>\n<meta property=\"og:description\" content=\"Elle s&rsquo;appelle \u00ab\u00a0Vanya\u00a0\u00bb et se trouve au refuge Fondation Assistance aux Animaux de Carros. Elle a \u00e9t\u00e9 d\u00e9pos\u00e9e au refuge lorsqu&rsquo;elle \u00e9tait toute jeune, avec toute la fratrie. La port\u00e9e de chatons avait \u00e9t\u00e9 trouv\u00e9e sur un balcon, livr\u00e9s \u00e0 eux-m\u00eames. N\u2019ayant jamais connu l\u2019humain, il a fallu un long travail de sociabilisation avant de [&hellip;]\" \/>\n<meta property=\"og:url\" content=\"https:\/\/www.fondationassistanceauxanimaux.org\/actu\/vanya-recherche-famille-refuge-carros-11860\/\" \/>\n<meta property=\"og:site_name\" content=\"Fondation Assistance aux Animaux - Actualit\u00e9s\" \/>\n<meta property=\"article:published_time\" content=\"2021-04-28T06:32:12+00:00\" \/>\n<meta property=\"article:modified_time\" content=\"2021-04-28T06:33:43+00:00\" \/>\n<meta property=\"og:image\" content=\"https:\/\/www.fondationassistanceauxanimaux.org\/actu\/wp-content\/uploads\/2021\/04\/unnamed-2-4.jpg\" \/>\n\t<meta property=\"og:image:width\" content=\"1024\" \/>\n\t<meta property=\"og:image:height\" content=\"768\" \/>\n\t<meta property=\"og:image:type\" content=\"image\/jpeg\" \/>\n<meta name=\"author\" content=\"No\u00e9\" \/>\n<meta name=\"twitter:card\" content=\"summary_large_image\" \/>\n<meta name=\"twitter:label1\" content=\"\u00c9crit par\" \/>\n\t<meta name=\"twitter:data1\" content=\"No\u00e9\" \/>\n\t<meta name=\"twitter:label2\" content=\"Dur\u00e9e de lecture estim\u00e9e\" \/>\n\t<meta name=\"twitter:data2\" content=\"2 minutes\" \/>\n<script type=\"application\/ld+json\" class=\"yoast-schema-graph\">{\"@context\":\"https:\/\/schema.org\",\"@graph\":[{\"@type\":\"WebPage\",\"@id\":\"https:\/\/www.fondationassistanceauxanimaux.org\/actu\/vanya-recherche-famille-refuge-carros-11860\/\",\"url\":\"https:\/\/www.fondationassistanceauxanimaux.org\/actu\/vanya-recherche-famille-refuge-carros-11860\/\",\"name\":\"\\\"Vanya\\\" recherche une famille qui prendra soin d'elle ! - Fondation Assistance aux Animaux - Actualit\u00e9s\",\"isPartOf\":{\"@id\":\"https:\/\/www.fondationassistanceauxanimaux.org\/actu\/#website\"},\"primaryImageOfPage\":{\"@id\":\"https:\/\/www.fondationassistanceauxanimaux.org\/actu\/vanya-recherche-famille-refuge-carros-11860\/#primaryimage\"},\"image\":{\"@id\":\"https:\/\/www.fondationassistanceauxanimaux.org\/actu\/vanya-recherche-famille-refuge-carros-11860\/#primaryimage\"},\"thumbnailUrl\":\"https:\/\/www.fondationassistanceauxanimaux.org\/actu\/wp-content\/uploads\/2021\/04\/unnamed-2-4.jpg\",\"datePublished\":\"2021-04-28T06:32:12+00:00\",\"dateModified\":\"2021-04-28T06:33:43+00:00\",\"author\":{\"@id\":\"https:\/\/www.fondationassistanceauxanimaux.org\/actu\/#\/schema\/person\/71a8476d98daaea0d71a965c5603e10b\"},\"breadcrumb\":{\"@id\":\"https:\/\/www.fondationassistanceauxanimaux.org\/actu\/vanya-recherche-famille-refuge-carros-11860\/#breadcrumb\"},\"inLanguage\":\"fr-FR\",\"potentialAction\":[{\"@type\":\"ReadAction\",\"target\":[\"https:\/\/www.fondationassistanceauxanimaux.org\/actu\/vanya-recherche-famille-refuge-carros-11860\/\"]}]},{\"@type\":\"ImageObject\",\"inLanguage\":\"fr-FR\",\"@id\":\"https:\/\/www.fondationassistanceauxanimaux.org\/actu\/vanya-recherche-famille-refuge-carros-11860\/#primaryimage\",\"url\":\"https:\/\/www.fondationassistanceauxanimaux.org\/actu\/wp-content\/uploads\/2021\/04\/unnamed-2-4.jpg\",\"contentUrl\":\"https:\/\/www.fondationassistanceauxanimaux.org\/actu\/wp-content\/uploads\/2021\/04\/unnamed-2-4.jpg\",\"width\":1024,\"height\":768},{\"@type\":\"BreadcrumbList\",\"@id\":\"https:\/\/www.fondationassistanceauxanimaux.org\/actu\/vanya-recherche-famille-refuge-carros-11860\/#breadcrumb\",\"itemListElement\":[{\"@type\":\"ListItem\",\"position\":1,\"name\":\"Accueil\",\"item\":\"https:\/\/www.fondationassistanceauxanimaux.org\/actu\/\"},{\"@type\":\"ListItem\",\"position\":2,\"name\":\"\u00ab\u00a0Vanya\u00a0\u00bb recherche une famille qui prendra soin d&rsquo;elle !\"}]},{\"@type\":\"WebSite\",\"@id\":\"https:\/\/www.fondationassistanceauxanimaux.org\/actu\/#website\",\"url\":\"https:\/\/www.fondationassistanceauxanimaux.org\/actu\/\",\"name\":\"Fondation Assistance aux Animaux - Actualit\u00e9s\",\"description\":\"Depuis 1930 la Fondation Assistance aux Animaux pour la d\u00e9fense et la protection des animaux maltrait\u00e9s et abandonn\u00e9s\",\"potentialAction\":[{\"@type\":\"SearchAction\",\"target\":{\"@type\":\"EntryPoint\",\"urlTemplate\":\"https:\/\/www.fondationassistanceauxanimaux.org\/actu\/?s={search_term_string}\"},\"query-input\":{\"@type\":\"PropertyValueSpecification\",\"valueRequired\":true,\"valueName\":\"search_term_string\"}}],\"inLanguage\":\"fr-FR\"},{\"@type\":\"Person\",\"@id\":\"https:\/\/www.fondationassistanceauxanimaux.org\/actu\/#\/schema\/person\/71a8476d98daaea0d71a965c5603e10b\",\"name\":\"No\u00e9\",\"image\":{\"@type\":\"ImageObject\",\"inLanguage\":\"fr-FR\",\"@id\":\"https:\/\/www.fondationassistanceauxanimaux.org\/actu\/#\/schema\/person\/image\/\",\"url\":\"https:\/\/secure.gravatar.com\/avatar\/d34cf6c6bd22b3db9c932bc580c4d1ba93c0cda7588a41b59078888ab1e5f007?s=96&d=mm&r=g\",\"contentUrl\":\"https:\/\/secure.gravatar.com\/avatar\/d34cf6c6bd22b3db9c932bc580c4d1ba93c0cda7588a41b59078888ab1e5f007?s=96&d=mm&r=g\",\"caption\":\"No\u00e9\"},\"url\":\"https:\/\/www.fondationassistanceauxanimaux.org\/actu\/author\/anne\/\"}]}<\/script>\n<!-- \/ Yoast SEO plugin. -->","yoast_head_json":{"title":"\"Vanya\" recherche une famille qui prendra soin d'elle ! - Fondation Assistance aux Animaux - Actualit\u00e9s","robots":{"index":"index","follow":"follow","max-snippet":"max-snippet:-1","max-image-preview":"max-image-preview:large","max-video-preview":"max-video-preview:-1"},"canonical":"https:\/\/www.fondationassistanceauxanimaux.org\/actu\/vanya-recherche-famille-refuge-carros-11860\/","og_locale":"fr_FR","og_type":"article","og_title":"\"Vanya\" recherche une famille qui prendra soin d'elle ! - Fondation Assistance aux Animaux - Actualit\u00e9s","og_description":"Elle s&rsquo;appelle \u00ab\u00a0Vanya\u00a0\u00bb et se trouve au refuge Fondation Assistance aux Animaux de Carros. Elle a \u00e9t\u00e9 d\u00e9pos\u00e9e au refuge lorsqu&rsquo;elle \u00e9tait toute jeune, avec toute la fratrie. La port\u00e9e de chatons avait \u00e9t\u00e9 trouv\u00e9e sur un balcon, livr\u00e9s \u00e0 eux-m\u00eames. N\u2019ayant jamais connu l\u2019humain, il a fallu un long travail de sociabilisation avant de [&hellip;]","og_url":"https:\/\/www.fondationassistanceauxanimaux.org\/actu\/vanya-recherche-famille-refuge-carros-11860\/","og_site_name":"Fondation Assistance aux Animaux - Actualit\u00e9s","article_published_time":"2021-04-28T06:32:12+00:00","article_modified_time":"2021-04-28T06:33:43+00:00","og_image":[{"width":1024,"height":768,"url":"https:\/\/www.fondationassistanceauxanimaux.org\/actu\/wp-content\/uploads\/2021\/04\/unnamed-2-4.jpg","type":"image\/jpeg"}],"author":"No\u00e9","twitter_card":"summary_large_image","twitter_misc":{"\u00c9crit par":"No\u00e9","Dur\u00e9e de lecture estim\u00e9e":"2 minutes"},"schema":{"@context":"https:\/\/schema.org","@graph":[{"@type":"WebPage","@id":"https:\/\/www.fondationassistanceauxanimaux.org\/actu\/vanya-recherche-famille-refuge-carros-11860\/","url":"https:\/\/www.fondationassistanceauxanimaux.org\/actu\/vanya-recherche-famille-refuge-carros-11860\/","name":"\"Vanya\" recherche une famille qui prendra soin d'elle ! - Fondation Assistance aux Animaux - Actualit\u00e9s","isPartOf":{"@id":"https:\/\/www.fondationassistanceauxanimaux.org\/actu\/#website"},"primaryImageOfPage":{"@id":"https:\/\/www.fondationassistanceauxanimaux.org\/actu\/vanya-recherche-famille-refuge-carros-11860\/#primaryimage"},"image":{"@id":"https:\/\/www.fondationassistanceauxanimaux.org\/actu\/vanya-recherche-famille-refuge-carros-11860\/#primaryimage"},"thumbnailUrl":"https:\/\/www.fondationassistanceauxanimaux.org\/actu\/wp-content\/uploads\/2021\/04\/unnamed-2-4.jpg","datePublished":"2021-04-28T06:32:12+00:00","dateModified":"2021-04-28T06:33:43+00:00","author":{"@id":"https:\/\/www.fondationassistanceauxanimaux.org\/actu\/#\/schema\/person\/71a8476d98daaea0d71a965c5603e10b"},"breadcrumb":{"@id":"https:\/\/www.fondationassistanceauxanimaux.org\/actu\/vanya-recherche-famille-refuge-carros-11860\/#breadcrumb"},"inLanguage":"fr-FR","potentialAction":[{"@type":"ReadAction","target":["https:\/\/www.fondationassistanceauxanimaux.org\/actu\/vanya-recherche-famille-refuge-carros-11860\/"]}]},{"@type":"ImageObject","inLanguage":"fr-FR","@id":"https:\/\/www.fondationassistanceauxanimaux.org\/actu\/vanya-recherche-famille-refuge-carros-11860\/#primaryimage","url":"https:\/\/www.fondationassistanceauxanimaux.org\/actu\/wp-content\/uploads\/2021\/04\/unnamed-2-4.jpg","contentUrl":"https:\/\/www.fondationassistanceauxanimaux.org\/actu\/wp-content\/uploads\/2021\/04\/unnamed-2-4.jpg","width":1024,"height":768},{"@type":"BreadcrumbList","@id":"https:\/\/www.fondationassistanceauxanimaux.org\/actu\/vanya-recherche-famille-refuge-carros-11860\/#breadcrumb","itemListElement":[{"@type":"ListItem","position":1,"name":"Accueil","item":"https:\/\/www.fondationassistanceauxanimaux.org\/actu\/"},{"@type":"ListItem","position":2,"name":"\u00ab\u00a0Vanya\u00a0\u00bb recherche une famille qui prendra soin d&rsquo;elle !"}]},{"@type":"WebSite","@id":"https:\/\/www.fondationassistanceauxanimaux.org\/actu\/#website","url":"https:\/\/www.fondationassistanceauxanimaux.org\/actu\/","name":"Fondation Assistance aux Animaux - Actualit\u00e9s","description":"Depuis 1930 la Fondation Assistance aux Animaux pour la d\u00e9fense et la protection des animaux maltrait\u00e9s et abandonn\u00e9s","potentialAction":[{"@type":"SearchAction","target":{"@type":"EntryPoint","urlTemplate":"https:\/\/www.fondationassistanceauxanimaux.org\/actu\/?s={search_term_string}"},"query-input":{"@type":"PropertyValueSpecification","valueRequired":true,"valueName":"search_term_string"}}],"inLanguage":"fr-FR"},{"@type":"Person","@id":"https:\/\/www.fondationassistanceauxanimaux.org\/actu\/#\/schema\/person\/71a8476d98daaea0d71a965c5603e10b","name":"No\u00e9","image":{"@type":"ImageObject","inLanguage":"fr-FR","@id":"https:\/\/www.fondationassistanceauxanimaux.org\/actu\/#\/schema\/person\/image\/","url":"https:\/\/secure.gravatar.com\/avatar\/d34cf6c6bd22b3db9c932bc580c4d1ba93c0cda7588a41b59078888ab1e5f007?s=96&d=mm&r=g","contentUrl":"https:\/\/secure.gravatar.com\/avatar\/d34cf6c6bd22b3db9c932bc580c4d1ba93c0cda7588a41b59078888ab1e5f007?s=96&d=mm&r=g","caption":"No\u00e9"},"url":"https:\/\/www.fondationassistanceauxanimaux.org\/actu\/author\/anne\/"}]}},"_links":{"self":[{"href":"https:\/\/www.fondationassistanceauxanimaux.org\/actu\/wp-json\/wp\/v2\/posts\/11860","targetHints":{"allow":["GET"]}}],"collection":[{"href":"https:\/\/www.fondationassistanceauxanimaux.org\/actu\/wp-json\/wp\/v2\/posts"}],"about":[{"href":"https:\/\/www.fondationassistanceauxanimaux.org\/actu\/wp-json\/wp\/v2\/types\/post"}],"author":[{"embeddable":true,"href":"https:\/\/www.fondationassistanceauxanimaux.org\/actu\/wp-json\/wp\/v2\/users\/3"}],"replies":[{"embeddable":true,"href":"https:\/\/www.fondationassistanceauxanimaux.org\/actu\/wp-json\/wp\/v2\/comments?post=11860"}],"version-history":[{"count":2,"href":"https:\/\/www.fondationassistanceauxanimaux.org\/actu\/wp-json\/wp\/v2\/posts\/11860\/revisions"}],"predecessor-version":[{"id":11866,"href":"https:\/\/www.fondationassistanceauxanimaux.org\/actu\/wp-json\/wp\/v2\/posts\/11860\/revisions\/11866"}],"wp:featuredmedia":[{"embeddable":true,"href":"https:\/\/www.fondationassistanceauxanimaux.org\/actu\/wp-json\/wp\/v2\/media\/11863"}],"wp:attachment":[{"href":"https:\/\/www.fondationassistanceauxanimaux.org\/actu\/wp-json\/wp\/v2\/media?parent=11860"}],"wp:term":[{"taxonomy":"category","embeddable":true,"href":"https:\/\/www.fondationassistanceauxanimaux.org\/actu\/wp-json\/wp\/v2\/categories?post=11860"},{"taxonomy":"post_tag","embeddable":true,"href":"https:\/\/www.fondationassistanceauxanimaux.org\/actu\/wp-json\/wp\/v2\/tags?post=11860"}],"curies":[{"name":"wp","href":"https:\/\/api.w.org\/{rel}","templated":true}]}}