{"id":10040,"date":"2020-11-09T19:07:03","date_gmt":"2020-11-09T18:07:03","guid":{"rendered":"http:\/\/www.fondationassistanceauxanimaux.org\/actu\/?p=10040"},"modified":"2020-11-09T19:07:23","modified_gmt":"2020-11-09T18:07:23","slug":"adoption-karamel-chat-refuge-carros","status":"publish","type":"post","link":"https:\/\/www.fondationassistanceauxanimaux.org\/actu\/adoption-karamel-chat-refuge-carros-10040\/","title":{"rendered":"L&rsquo;adoption de \u00ab\u00a0Karamel\u00a0\u00bb, chat pris en charge par le refuge de Carros"},"content":{"rendered":"\n<p><strong>\u00ab\u00a0Karamel\u00a0\u00bb a \u00e9t\u00e9 prise en charge par la Fondation Assistance aux Animaux apr\u00e8s son abandon. C&rsquo;est au refuge de Carros dans les Alpes-Maritimes qu&rsquo;elle a trouv\u00e9 sa famille pour la vie !<\/strong><\/p>\n\n\n\n<blockquote class=\"wp-block-quote is-layout-flow wp-block-quote-is-layout-flow\"><p><strong>Nous vous partageons le message de son adoptante ainsi que quelques photos de \u00ab\u00a0Karamel\u00a0\u00bb qui semble s&rsquo;\u00eatre d\u00e9j\u00e0 tr\u00e8s bien habitu\u00e9e \u00e0 sa maison.<\/strong><\/p><\/blockquote>\n\n\n\n<figure class=\"wp-block-gallery columns-3 is-cropped wp-block-gallery-1 is-layout-flex wp-block-gallery-is-layout-flex\"><ul class=\"blocks-gallery-grid\"><li class=\"blocks-gallery-item\"><figure><img loading=\"lazy\" decoding=\"async\" width=\"690\" height=\"1030\" src=\"https:\/\/www.fondationassistanceauxanimaux.org\/actu\/wp-content\/uploads\/2020\/11\/IMG_20201029_164327-690x1030.jpg\" alt=\"\" data-id=\"10042\" data-full-url=\"https:\/\/www.fondationassistanceauxanimaux.org\/actu\/wp-content\/uploads\/2020\/11\/IMG_20201029_164327-scaled.jpg\" data-link=\"https:\/\/www.fondationassistanceauxanimaux.org\/actu\/?attachment_id=10042\" class=\"wp-image-10042\" srcset=\"https:\/\/www.fondationassistanceauxanimaux.org\/actu\/wp-content\/uploads\/2020\/11\/IMG_20201029_164327-690x1030.jpg 690w, https:\/\/www.fondationassistanceauxanimaux.org\/actu\/wp-content\/uploads\/2020\/11\/IMG_20201029_164327-201x300.jpg 201w, https:\/\/www.fondationassistanceauxanimaux.org\/actu\/wp-content\/uploads\/2020\/11\/IMG_20201029_164327-768x1147.jpg 768w, https:\/\/www.fondationassistanceauxanimaux.org\/actu\/wp-content\/uploads\/2020\/11\/IMG_20201029_164327-1028x1536.jpg 1028w, https:\/\/www.fondationassistanceauxanimaux.org\/actu\/wp-content\/uploads\/2020\/11\/IMG_20201029_164327-1371x2048.jpg 1371w, https:\/\/www.fondationassistanceauxanimaux.org\/actu\/wp-content\/uploads\/2020\/11\/IMG_20201029_164327-1004x1500.jpg 1004w, https:\/\/www.fondationassistanceauxanimaux.org\/actu\/wp-content\/uploads\/2020\/11\/IMG_20201029_164327-472x705.jpg 472w, https:\/\/www.fondationassistanceauxanimaux.org\/actu\/wp-content\/uploads\/2020\/11\/IMG_20201029_164327-scaled.jpg 1714w\" sizes=\"auto, (max-width: 690px) 100vw, 690px\" \/><\/figure><\/li><li class=\"blocks-gallery-item\"><figure><img loading=\"lazy\" decoding=\"async\" width=\"1016\" height=\"1030\" src=\"https:\/\/www.fondationassistanceauxanimaux.org\/actu\/wp-content\/uploads\/2020\/11\/IMG_20201030_114256-1016x1030.jpg\" alt=\"\" data-id=\"10046\" data-full-url=\"https:\/\/www.fondationassistanceauxanimaux.org\/actu\/wp-content\/uploads\/2020\/11\/IMG_20201030_114256-scaled.jpg\" data-link=\"https:\/\/www.fondationassistanceauxanimaux.org\/actu\/?attachment_id=10046\" class=\"wp-image-10046\" srcset=\"https:\/\/www.fondationassistanceauxanimaux.org\/actu\/wp-content\/uploads\/2020\/11\/IMG_20201030_114256-1016x1030.jpg 1016w, https:\/\/www.fondationassistanceauxanimaux.org\/actu\/wp-content\/uploads\/2020\/11\/IMG_20201030_114256-296x300.jpg 296w, https:\/\/www.fondationassistanceauxanimaux.org\/actu\/wp-content\/uploads\/2020\/11\/IMG_20201030_114256-80x80.jpg 80w, https:\/\/www.fondationassistanceauxanimaux.org\/actu\/wp-content\/uploads\/2020\/11\/IMG_20201030_114256-768x779.jpg 768w, https:\/\/www.fondationassistanceauxanimaux.org\/actu\/wp-content\/uploads\/2020\/11\/IMG_20201030_114256-1515x1536.jpg 1515w, https:\/\/www.fondationassistanceauxanimaux.org\/actu\/wp-content\/uploads\/2020\/11\/IMG_20201030_114256-2020x2048.jpg 2020w, https:\/\/www.fondationassistanceauxanimaux.org\/actu\/wp-content\/uploads\/2020\/11\/IMG_20201030_114256-36x36.jpg 36w, https:\/\/www.fondationassistanceauxanimaux.org\/actu\/wp-content\/uploads\/2020\/11\/IMG_20201030_114256-1479x1500.jpg 1479w, https:\/\/www.fondationassistanceauxanimaux.org\/actu\/wp-content\/uploads\/2020\/11\/IMG_20201030_114256-695x705.jpg 695w\" sizes=\"auto, (max-width: 1016px) 100vw, 1016px\" \/><\/figure><\/li><li class=\"blocks-gallery-item\"><figure><img loading=\"lazy\" decoding=\"async\" width=\"1015\" height=\"1030\" src=\"https:\/\/www.fondationassistanceauxanimaux.org\/actu\/wp-content\/uploads\/2020\/11\/IMG_20201030_210607-1015x1030.jpg\" alt=\"\" data-id=\"10047\" data-full-url=\"https:\/\/www.fondationassistanceauxanimaux.org\/actu\/wp-content\/uploads\/2020\/11\/IMG_20201030_210607-scaled.jpg\" data-link=\"https:\/\/www.fondationassistanceauxanimaux.org\/actu\/?attachment_id=10047\" class=\"wp-image-10047\" srcset=\"https:\/\/www.fondationassistanceauxanimaux.org\/actu\/wp-content\/uploads\/2020\/11\/IMG_20201030_210607-1015x1030.jpg 1015w, https:\/\/www.fondationassistanceauxanimaux.org\/actu\/wp-content\/uploads\/2020\/11\/IMG_20201030_210607-296x300.jpg 296w, https:\/\/www.fondationassistanceauxanimaux.org\/actu\/wp-content\/uploads\/2020\/11\/IMG_20201030_210607-80x80.jpg 80w, https:\/\/www.fondationassistanceauxanimaux.org\/actu\/wp-content\/uploads\/2020\/11\/IMG_20201030_210607-768x780.jpg 768w, https:\/\/www.fondationassistanceauxanimaux.org\/actu\/wp-content\/uploads\/2020\/11\/IMG_20201030_210607-1513x1536.jpg 1513w, https:\/\/www.fondationassistanceauxanimaux.org\/actu\/wp-content\/uploads\/2020\/11\/IMG_20201030_210607-2017x2048.jpg 2017w, https:\/\/www.fondationassistanceauxanimaux.org\/actu\/wp-content\/uploads\/2020\/11\/IMG_20201030_210607-36x36.jpg 36w, https:\/\/www.fondationassistanceauxanimaux.org\/actu\/wp-content\/uploads\/2020\/11\/IMG_20201030_210607-1478x1500.jpg 1478w, https:\/\/www.fondationassistanceauxanimaux.org\/actu\/wp-content\/uploads\/2020\/11\/IMG_20201030_210607-694x705.jpg 694w\" sizes=\"auto, (max-width: 1015px) 100vw, 1015px\" \/><\/figure><\/li><li class=\"blocks-gallery-item\"><figure><img loading=\"lazy\" decoding=\"async\" width=\"1030\" height=\"834\" src=\"https:\/\/www.fondationassistanceauxanimaux.org\/actu\/wp-content\/uploads\/2020\/11\/IMG_20201029_184806-1030x834.jpg\" alt=\"\" data-id=\"10043\" data-full-url=\"https:\/\/www.fondationassistanceauxanimaux.org\/actu\/wp-content\/uploads\/2020\/11\/IMG_20201029_184806-scaled.jpg\" data-link=\"https:\/\/www.fondationassistanceauxanimaux.org\/actu\/?attachment_id=10043\" class=\"wp-image-10043\" srcset=\"https:\/\/www.fondationassistanceauxanimaux.org\/actu\/wp-content\/uploads\/2020\/11\/IMG_20201029_184806-1030x834.jpg 1030w, https:\/\/www.fondationassistanceauxanimaux.org\/actu\/wp-content\/uploads\/2020\/11\/IMG_20201029_184806-300x243.jpg 300w, https:\/\/www.fondationassistanceauxanimaux.org\/actu\/wp-content\/uploads\/2020\/11\/IMG_20201029_184806-768x622.jpg 768w, https:\/\/www.fondationassistanceauxanimaux.org\/actu\/wp-content\/uploads\/2020\/11\/IMG_20201029_184806-1536x1244.jpg 1536w, https:\/\/www.fondationassistanceauxanimaux.org\/actu\/wp-content\/uploads\/2020\/11\/IMG_20201029_184806-2048x1659.jpg 2048w, https:\/\/www.fondationassistanceauxanimaux.org\/actu\/wp-content\/uploads\/2020\/11\/IMG_20201029_184806-1500x1215.jpg 1500w, https:\/\/www.fondationassistanceauxanimaux.org\/actu\/wp-content\/uploads\/2020\/11\/IMG_20201029_184806-495x400.jpg 495w, https:\/\/www.fondationassistanceauxanimaux.org\/actu\/wp-content\/uploads\/2020\/11\/IMG_20201029_184806-845x684.jpg 845w, https:\/\/www.fondationassistanceauxanimaux.org\/actu\/wp-content\/uploads\/2020\/11\/IMG_20201029_184806-705x571.jpg 705w\" sizes=\"auto, (max-width: 1030px) 100vw, 1030px\" \/><\/figure><\/li><\/ul><\/figure>\n\n\n\n<blockquote class=\"wp-block-quote is-layout-flow wp-block-quote-is-layout-flow\"><p><em><strong>Elle a l&rsquo;air de bien s&rsquo;habituer \u00e0 sa nouvelle maison et \u00e0 nous. Elle est vraiment tr\u00e8s tr\u00e8s c\u00e2line et nous adorons. Nous apprenons \u00e0 la conna\u00eetre aussi : si une porte est normalement ouverte et qu&rsquo;elle est ferm\u00e9e, alors elle miaule, elle n&rsquo;est pas contente.<\/strong> <strong>Elle n&rsquo;aime pas \u00eatre seule, elle a vraiment besoin de compagnie. Il faut au moins une personne avec elle. Elle nous suit. Si nous sommes au salon, elle est sur le canap\u00e9. Quand nous mangeons, elle nous suit vers la salle \u00e0 manger. Effectivement, elle est tr\u00e8s gourmande, elle va carr\u00e9ment dans l&rsquo;\u00e9vier l\u00e9cher les plats le temps qu&rsquo;on d\u00e9barrasse, on doit avoir l&rsquo;oeil partout. Ah, et elle aime beaucoup la terre de ma plante d&rsquo;int\u00e9rieur, que j&rsquo;ai d\u00fb d\u00e9m\u00e9nager. Mais elle est tr\u00e8s calme aussi, rien ne la perturbe, m\u00eame pas quand ma fille veut jouer avec elle \u00e0 la dinette. Pareil, pas besoin de jouets d\u00e9di\u00e9s, elle joue avec ce qu&rsquo;elle trouve.<\/strong><\/em><\/p><p><\/p><\/blockquote>\n","protected":false},"excerpt":{"rendered":"<p>\u00ab\u00a0Karamel\u00a0\u00bb a \u00e9t\u00e9 prise en charge par la Fondation Assistance aux Animaux apr\u00e8s son abandon. C&rsquo;est au refuge de Carros dans les Alpes-Maritimes qu&rsquo;elle a trouv\u00e9 sa famille pour la vie ! Nous vous partageons le message de son adoptante ainsi que quelques photos de \u00ab\u00a0Karamel\u00a0\u00bb qui semble s&rsquo;\u00eatre d\u00e9j\u00e0 tr\u00e8s bien habitu\u00e9e \u00e0 sa [&hellip;]<\/p>\n","protected":false},"author":3,"featured_media":10043,"comment_status":"closed","ping_status":"closed","sticky":false,"template":"","format":"standard","meta":{"footnotes":""},"categories":[17],"tags":[],"class_list":["post-10040","post","type-post","status-publish","format-standard","has-post-thumbnail","hentry","category-refuge-de-carros"],"yoast_head":"<!-- This site is optimized with the Yoast SEO plugin v24.5 - https:\/\/yoast.com\/wordpress\/plugins\/seo\/ -->\n<title>L&#039;adoption de &quot;Karamel&quot;, chat pris en charge par le refuge de Carros - Fondation Assistance aux Animaux - Actualit\u00e9s<\/title>\n<meta name=\"robots\" content=\"index, follow, max-snippet:-1, max-image-preview:large, max-video-preview:-1\" \/>\n<link rel=\"canonical\" href=\"https:\/\/www.fondationassistanceauxanimaux.org\/actu\/adoption-karamel-chat-refuge-carros-10040\/\" \/>\n<meta property=\"og:locale\" content=\"fr_FR\" \/>\n<meta property=\"og:type\" content=\"article\" \/>\n<meta property=\"og:title\" content=\"L&#039;adoption de &quot;Karamel&quot;, chat pris en charge par le refuge de Carros - Fondation Assistance aux Animaux - Actualit\u00e9s\" \/>\n<meta property=\"og:description\" content=\"\u00ab\u00a0Karamel\u00a0\u00bb a \u00e9t\u00e9 prise en charge par la Fondation Assistance aux Animaux apr\u00e8s son abandon. C&rsquo;est au refuge de Carros dans les Alpes-Maritimes qu&rsquo;elle a trouv\u00e9 sa famille pour la vie ! Nous vous partageons le message de son adoptante ainsi que quelques photos de \u00ab\u00a0Karamel\u00a0\u00bb qui semble s&rsquo;\u00eatre d\u00e9j\u00e0 tr\u00e8s bien habitu\u00e9e \u00e0 sa [&hellip;]\" \/>\n<meta property=\"og:url\" content=\"https:\/\/www.fondationassistanceauxanimaux.org\/actu\/adoption-karamel-chat-refuge-carros-10040\/\" \/>\n<meta property=\"og:site_name\" content=\"Fondation Assistance aux Animaux - Actualit\u00e9s\" \/>\n<meta property=\"article:published_time\" content=\"2020-11-09T18:07:03+00:00\" \/>\n<meta property=\"article:modified_time\" content=\"2020-11-09T18:07:23+00:00\" \/>\n<meta property=\"og:image\" content=\"https:\/\/www.fondationassistanceauxanimaux.org\/actu\/wp-content\/uploads\/2020\/11\/IMG_20201029_184806-1030x834.jpg\" \/>\n\t<meta property=\"og:image:width\" content=\"1030\" \/>\n\t<meta property=\"og:image:height\" content=\"834\" \/>\n\t<meta property=\"og:image:type\" content=\"image\/jpeg\" \/>\n<meta name=\"author\" content=\"No\u00e9\" \/>\n<meta name=\"twitter:card\" content=\"summary_large_image\" \/>\n<meta name=\"twitter:label1\" content=\"\u00c9crit par\" \/>\n\t<meta name=\"twitter:data1\" content=\"No\u00e9\" \/>\n\t<meta name=\"twitter:label2\" content=\"Dur\u00e9e de lecture estim\u00e9e\" \/>\n\t<meta name=\"twitter:data2\" content=\"1 minute\" \/>\n<script type=\"application\/ld+json\" class=\"yoast-schema-graph\">{\"@context\":\"https:\/\/schema.org\",\"@graph\":[{\"@type\":\"WebPage\",\"@id\":\"https:\/\/www.fondationassistanceauxanimaux.org\/actu\/adoption-karamel-chat-refuge-carros-10040\/\",\"url\":\"https:\/\/www.fondationassistanceauxanimaux.org\/actu\/adoption-karamel-chat-refuge-carros-10040\/\",\"name\":\"L'adoption de \\\"Karamel\\\", chat pris en charge par le refuge de Carros - Fondation Assistance aux Animaux - Actualit\u00e9s\",\"isPartOf\":{\"@id\":\"https:\/\/www.fondationassistanceauxanimaux.org\/actu\/#website\"},\"primaryImageOfPage\":{\"@id\":\"https:\/\/www.fondationassistanceauxanimaux.org\/actu\/adoption-karamel-chat-refuge-carros-10040\/#primaryimage\"},\"image\":{\"@id\":\"https:\/\/www.fondationassistanceauxanimaux.org\/actu\/adoption-karamel-chat-refuge-carros-10040\/#primaryimage\"},\"thumbnailUrl\":\"https:\/\/www.fondationassistanceauxanimaux.org\/actu\/wp-content\/uploads\/2020\/11\/IMG_20201029_184806-scaled.jpg\",\"datePublished\":\"2020-11-09T18:07:03+00:00\",\"dateModified\":\"2020-11-09T18:07:23+00:00\",\"author\":{\"@id\":\"https:\/\/www.fondationassistanceauxanimaux.org\/actu\/#\/schema\/person\/71a8476d98daaea0d71a965c5603e10b\"},\"breadcrumb\":{\"@id\":\"https:\/\/www.fondationassistanceauxanimaux.org\/actu\/adoption-karamel-chat-refuge-carros-10040\/#breadcrumb\"},\"inLanguage\":\"fr-FR\",\"potentialAction\":[{\"@type\":\"ReadAction\",\"target\":[\"https:\/\/www.fondationassistanceauxanimaux.org\/actu\/adoption-karamel-chat-refuge-carros-10040\/\"]}]},{\"@type\":\"ImageObject\",\"inLanguage\":\"fr-FR\",\"@id\":\"https:\/\/www.fondationassistanceauxanimaux.org\/actu\/adoption-karamel-chat-refuge-carros-10040\/#primaryimage\",\"url\":\"https:\/\/www.fondationassistanceauxanimaux.org\/actu\/wp-content\/uploads\/2020\/11\/IMG_20201029_184806-scaled.jpg\",\"contentUrl\":\"https:\/\/www.fondationassistanceauxanimaux.org\/actu\/wp-content\/uploads\/2020\/11\/IMG_20201029_184806-scaled.jpg\",\"width\":2560,\"height\":2073},{\"@type\":\"BreadcrumbList\",\"@id\":\"https:\/\/www.fondationassistanceauxanimaux.org\/actu\/adoption-karamel-chat-refuge-carros-10040\/#breadcrumb\",\"itemListElement\":[{\"@type\":\"ListItem\",\"position\":1,\"name\":\"Accueil\",\"item\":\"https:\/\/www.fondationassistanceauxanimaux.org\/actu\/\"},{\"@type\":\"ListItem\",\"position\":2,\"name\":\"L&rsquo;adoption de \u00ab\u00a0Karamel\u00a0\u00bb, chat pris en charge par le refuge de Carros\"}]},{\"@type\":\"WebSite\",\"@id\":\"https:\/\/www.fondationassistanceauxanimaux.org\/actu\/#website\",\"url\":\"https:\/\/www.fondationassistanceauxanimaux.org\/actu\/\",\"name\":\"Fondation Assistance aux Animaux - Actualit\u00e9s\",\"description\":\"Depuis 1930 la Fondation Assistance aux Animaux pour la d\u00e9fense et la protection des animaux maltrait\u00e9s et abandonn\u00e9s\",\"potentialAction\":[{\"@type\":\"SearchAction\",\"target\":{\"@type\":\"EntryPoint\",\"urlTemplate\":\"https:\/\/www.fondationassistanceauxanimaux.org\/actu\/?s={search_term_string}\"},\"query-input\":{\"@type\":\"PropertyValueSpecification\",\"valueRequired\":true,\"valueName\":\"search_term_string\"}}],\"inLanguage\":\"fr-FR\"},{\"@type\":\"Person\",\"@id\":\"https:\/\/www.fondationassistanceauxanimaux.org\/actu\/#\/schema\/person\/71a8476d98daaea0d71a965c5603e10b\",\"name\":\"No\u00e9\",\"image\":{\"@type\":\"ImageObject\",\"inLanguage\":\"fr-FR\",\"@id\":\"https:\/\/www.fondationassistanceauxanimaux.org\/actu\/#\/schema\/person\/image\/\",\"url\":\"https:\/\/secure.gravatar.com\/avatar\/d34cf6c6bd22b3db9c932bc580c4d1ba93c0cda7588a41b59078888ab1e5f007?s=96&d=mm&r=g\",\"contentUrl\":\"https:\/\/secure.gravatar.com\/avatar\/d34cf6c6bd22b3db9c932bc580c4d1ba93c0cda7588a41b59078888ab1e5f007?s=96&d=mm&r=g\",\"caption\":\"No\u00e9\"},\"url\":\"https:\/\/www.fondationassistanceauxanimaux.org\/actu\/author\/anne\/\"}]}<\/script>\n<!-- \/ Yoast SEO plugin. -->","yoast_head_json":{"title":"L'adoption de \"Karamel\", chat pris en charge par le refuge de Carros - Fondation Assistance aux Animaux - Actualit\u00e9s","robots":{"index":"index","follow":"follow","max-snippet":"max-snippet:-1","max-image-preview":"max-image-preview:large","max-video-preview":"max-video-preview:-1"},"canonical":"https:\/\/www.fondationassistanceauxanimaux.org\/actu\/adoption-karamel-chat-refuge-carros-10040\/","og_locale":"fr_FR","og_type":"article","og_title":"L'adoption de \"Karamel\", chat pris en charge par le refuge de Carros - Fondation Assistance aux Animaux - Actualit\u00e9s","og_description":"\u00ab\u00a0Karamel\u00a0\u00bb a \u00e9t\u00e9 prise en charge par la Fondation Assistance aux Animaux apr\u00e8s son abandon. C&rsquo;est au refuge de Carros dans les Alpes-Maritimes qu&rsquo;elle a trouv\u00e9 sa famille pour la vie ! Nous vous partageons le message de son adoptante ainsi que quelques photos de \u00ab\u00a0Karamel\u00a0\u00bb qui semble s&rsquo;\u00eatre d\u00e9j\u00e0 tr\u00e8s bien habitu\u00e9e \u00e0 sa [&hellip;]","og_url":"https:\/\/www.fondationassistanceauxanimaux.org\/actu\/adoption-karamel-chat-refuge-carros-10040\/","og_site_name":"Fondation Assistance aux Animaux - Actualit\u00e9s","article_published_time":"2020-11-09T18:07:03+00:00","article_modified_time":"2020-11-09T18:07:23+00:00","og_image":[{"width":1030,"height":834,"url":"https:\/\/www.fondationassistanceauxanimaux.org\/actu\/wp-content\/uploads\/2020\/11\/IMG_20201029_184806-1030x834.jpg","type":"image\/jpeg"}],"author":"No\u00e9","twitter_card":"summary_large_image","twitter_misc":{"\u00c9crit par":"No\u00e9","Dur\u00e9e de lecture estim\u00e9e":"1 minute"},"schema":{"@context":"https:\/\/schema.org","@graph":[{"@type":"WebPage","@id":"https:\/\/www.fondationassistanceauxanimaux.org\/actu\/adoption-karamel-chat-refuge-carros-10040\/","url":"https:\/\/www.fondationassistanceauxanimaux.org\/actu\/adoption-karamel-chat-refuge-carros-10040\/","name":"L'adoption de \"Karamel\", chat pris en charge par le refuge de Carros - Fondation Assistance aux Animaux - Actualit\u00e9s","isPartOf":{"@id":"https:\/\/www.fondationassistanceauxanimaux.org\/actu\/#website"},"primaryImageOfPage":{"@id":"https:\/\/www.fondationassistanceauxanimaux.org\/actu\/adoption-karamel-chat-refuge-carros-10040\/#primaryimage"},"image":{"@id":"https:\/\/www.fondationassistanceauxanimaux.org\/actu\/adoption-karamel-chat-refuge-carros-10040\/#primaryimage"},"thumbnailUrl":"https:\/\/www.fondationassistanceauxanimaux.org\/actu\/wp-content\/uploads\/2020\/11\/IMG_20201029_184806-scaled.jpg","datePublished":"2020-11-09T18:07:03+00:00","dateModified":"2020-11-09T18:07:23+00:00","author":{"@id":"https:\/\/www.fondationassistanceauxanimaux.org\/actu\/#\/schema\/person\/71a8476d98daaea0d71a965c5603e10b"},"breadcrumb":{"@id":"https:\/\/www.fondationassistanceauxanimaux.org\/actu\/adoption-karamel-chat-refuge-carros-10040\/#breadcrumb"},"inLanguage":"fr-FR","potentialAction":[{"@type":"ReadAction","target":["https:\/\/www.fondationassistanceauxanimaux.org\/actu\/adoption-karamel-chat-refuge-carros-10040\/"]}]},{"@type":"ImageObject","inLanguage":"fr-FR","@id":"https:\/\/www.fondationassistanceauxanimaux.org\/actu\/adoption-karamel-chat-refuge-carros-10040\/#primaryimage","url":"https:\/\/www.fondationassistanceauxanimaux.org\/actu\/wp-content\/uploads\/2020\/11\/IMG_20201029_184806-scaled.jpg","contentUrl":"https:\/\/www.fondationassistanceauxanimaux.org\/actu\/wp-content\/uploads\/2020\/11\/IMG_20201029_184806-scaled.jpg","width":2560,"height":2073},{"@type":"BreadcrumbList","@id":"https:\/\/www.fondationassistanceauxanimaux.org\/actu\/adoption-karamel-chat-refuge-carros-10040\/#breadcrumb","itemListElement":[{"@type":"ListItem","position":1,"name":"Accueil","item":"https:\/\/www.fondationassistanceauxanimaux.org\/actu\/"},{"@type":"ListItem","position":2,"name":"L&rsquo;adoption de \u00ab\u00a0Karamel\u00a0\u00bb, chat pris en charge par le refuge de Carros"}]},{"@type":"WebSite","@id":"https:\/\/www.fondationassistanceauxanimaux.org\/actu\/#website","url":"https:\/\/www.fondationassistanceauxanimaux.org\/actu\/","name":"Fondation Assistance aux Animaux - Actualit\u00e9s","description":"Depuis 1930 la Fondation Assistance aux Animaux pour la d\u00e9fense et la protection des animaux maltrait\u00e9s et abandonn\u00e9s","potentialAction":[{"@type":"SearchAction","target":{"@type":"EntryPoint","urlTemplate":"https:\/\/www.fondationassistanceauxanimaux.org\/actu\/?s={search_term_string}"},"query-input":{"@type":"PropertyValueSpecification","valueRequired":true,"valueName":"search_term_string"}}],"inLanguage":"fr-FR"},{"@type":"Person","@id":"https:\/\/www.fondationassistanceauxanimaux.org\/actu\/#\/schema\/person\/71a8476d98daaea0d71a965c5603e10b","name":"No\u00e9","image":{"@type":"ImageObject","inLanguage":"fr-FR","@id":"https:\/\/www.fondationassistanceauxanimaux.org\/actu\/#\/schema\/person\/image\/","url":"https:\/\/secure.gravatar.com\/avatar\/d34cf6c6bd22b3db9c932bc580c4d1ba93c0cda7588a41b59078888ab1e5f007?s=96&d=mm&r=g","contentUrl":"https:\/\/secure.gravatar.com\/avatar\/d34cf6c6bd22b3db9c932bc580c4d1ba93c0cda7588a41b59078888ab1e5f007?s=96&d=mm&r=g","caption":"No\u00e9"},"url":"https:\/\/www.fondationassistanceauxanimaux.org\/actu\/author\/anne\/"}]}},"_links":{"self":[{"href":"https:\/\/www.fondationassistanceauxanimaux.org\/actu\/wp-json\/wp\/v2\/posts\/10040","targetHints":{"allow":["GET"]}}],"collection":[{"href":"https:\/\/www.fondationassistanceauxanimaux.org\/actu\/wp-json\/wp\/v2\/posts"}],"about":[{"href":"https:\/\/www.fondationassistanceauxanimaux.org\/actu\/wp-json\/wp\/v2\/types\/post"}],"author":[{"embeddable":true,"href":"https:\/\/www.fondationassistanceauxanimaux.org\/actu\/wp-json\/wp\/v2\/users\/3"}],"replies":[{"embeddable":true,"href":"https:\/\/www.fondationassistanceauxanimaux.org\/actu\/wp-json\/wp\/v2\/comments?post=10040"}],"version-history":[{"count":1,"href":"https:\/\/www.fondationassistanceauxanimaux.org\/actu\/wp-json\/wp\/v2\/posts\/10040\/revisions"}],"predecessor-version":[{"id":10048,"href":"https:\/\/www.fondationassistanceauxanimaux.org\/actu\/wp-json\/wp\/v2\/posts\/10040\/revisions\/10048"}],"wp:featuredmedia":[{"embeddable":true,"href":"https:\/\/www.fondationassistanceauxanimaux.org\/actu\/wp-json\/wp\/v2\/media\/10043"}],"wp:attachment":[{"href":"https:\/\/www.fondationassistanceauxanimaux.org\/actu\/wp-json\/wp\/v2\/media?parent=10040"}],"wp:term":[{"taxonomy":"category","embeddable":true,"href":"https:\/\/www.fondationassistanceauxanimaux.org\/actu\/wp-json\/wp\/v2\/categories?post=10040"},{"taxonomy":"post_tag","embeddable":true,"href":"https:\/\/www.fondationassistanceauxanimaux.org\/actu\/wp-json\/wp\/v2\/tags?post=10040"}],"curies":[{"name":"wp","href":"https:\/\/api.w.org\/{rel}","templated":true}]}}